{"id":56112,"date":"2020-01-06T11:22:06","date_gmt":"2020-01-06T14:22:06","guid":{"rendered":"https:\/\/catolicanet.net\/wp-cnet\/?p=56112"},"modified":"2020-01-13T11:24:36","modified_gmt":"2020-01-13T14:24:36","slug":"jesus-batizado-por-joao","status":"publish","type":"post","link":"https:\/\/catolicanet.net\/wp-cnet\/jesus-batizado-por-joao\/","title":{"rendered":"JESUS BATIZADO POR JO\u00c3O"},"content":{"rendered":"<p style=\"text-align: justify;\">O Batismo de Jesus foi a sua primeira manifesta\u00e7\u00e3o p\u00fablica e o in\u00edcio de seu minist\u00e9rio ap\u00f3s deixar Nazar\u00e9 (Mt 3,13-17). Ele se mostra nas margens do rio Jord\u00e3o a Jo\u00e3o e ao povo de Israel. O batismo de Jo\u00e3o era uma ablu\u00e7\u00e3o exterior para levar \u00e0 penit\u00eancia e dispor quem o recebesse a se tornar apto para ganhar o perd\u00e3o de Deus. Jesus, que havia tomado a natureza humana, humildemente quis, enquanto homem, se submeter \u00e0quele ritual para tamb\u00e9m santificar a \u00e1gua que Ele, o Messias, empregaria para transmitir o Esp\u00edrito Santo. O sacramento que Ele instituiria haveria de encher os batizados com os dons celestes, purificando-os de toda impureza, conduzindo-os a uma vida mais solid\u00e1ria com Deus na plenitude da ades\u00e3o ao Evangelho. Seu batismo no Jord\u00e3o foi ocasi\u00e3o da revela\u00e7\u00e3o do mist\u00e9rio trinit\u00e1rio, pois, como registrou S\u00e3o Mateus, \u201capenas batizado, Jesus subiu da \u00e1gua e eis que se lhe abriram os c\u00e9us e viu o Esp\u00edrito de Deus em figura de pomba descendo sobre Ele. E veio uma voz do c\u00e9u que dizia: \u201cEste \u00e9 o meu filho amado no qual ponho as minhas complac\u00eancias\u201d. O Pai identifica o Filho e o apresenta ao povo. Para Ele havia convergido o Esp\u00edrito Santo e tudo isto confirmando o testemunho de Jo\u00e3o Batista sobre a superioridade daquele que se submetia a seu batismo. Jesus, verdadeiro Deus, mas tamb\u00e9m verdadeiro homem, assistiu sua miss\u00e3o consagrada pelo Pai e pelo Esp\u00edrito Santo. O batismo que Ele instituiria seria ministrado em nome da Trindade Santa e faria os crist\u00e3os verdadeiramente filhos e filhas de Deus Na solenidade de hoje este Deus convida a todos os batizados a examinar se, de fato, t\u00eam vivo o seu batismo, ou seja, suas vidas de crist\u00e3os. Filhos e filhas de Deus, muitas vezes pecadores, mas sempre perdoados e sempre amados. Acolhendo o Esp\u00edrito Santo, recebido no dia do batismo, o seguidor de Cristo percebe que este Esp\u00edrito Santo nele opera coisas novas, pois o crist\u00e3o \u00e9 chamado \u00e0 santidade, vivendo dentro de si a presen\u00e7a de Deus atrav\u00e9s da gra\u00e7a santificante. Misteriosa solidariedade com a Trindade Santa, unido em tudo \u00a0com a vontade divina. Comunh\u00e3o com Deus \u00a0e com todos os irm\u00e3os. Deste modo, o nosso batismo que foi um ato do passado, marca toda a nossa exist\u00eancia ao longo da trajet\u00f3ria neste mundo. O crist\u00e3o \u00e9 aquele deve levar por toda parte a esperan\u00e7a do amor de Deus, elevando sempre ao Pai preces por um mundo mais espiritualizado e menos preso \u00e0s ilus\u00f5es terrenas. Com Jesus o batizado ilumina esta terra e Jesus foi claro: \u201cV\u00f3s sois a luz do mundo\u201d. Maravilhosa a miss\u00e3o do crist\u00e3o onde quer que ele esteja. Trata-se de testemunhar por toda parte atrav\u00e9s da fraternidade que todos somos irm\u00e3os em Jesus Cristo, o Filho bem amado no qual o Pai colocou todas as suas complac\u00eancias. Cabe ao crist\u00e3o lutar contra os falsos messias, os falsos deuses apresentados nos meios de comunica\u00e7\u00e3o social atrav\u00e9s dos maiores absurdos morais que levam de rold\u00e3o aqueles que atrai\u00e7oam sua voca\u00e7\u00e3o de batizado, deixando-se poluir pelas iniquidades diab\u00f3licas. Trata-se da batalha cont\u00ednua que leva pecadores contumazes \u00e0 convers\u00e3o e faz perceber o sentido profundo de sua dignidade de batizados. Jesus estar\u00e1 sempre com aqueles que querem mudar de vida e ter uma exist\u00eancia unida a Ele. \u00c9 preciso vivificar o mundo com a Palavra de Deus, com a \u00e1gua viva do Evangelho e isto a cada dia, a cada hora em virtude do dinamismo de nosso batismo. O verdadeiro crist\u00e3o a viver intensamente no fluxo e refluxo da contempla\u00e7\u00e3o das maravilhas divinas numa a\u00e7\u00e3o para ajudar a Cristo na sua obra redentora, voltando, por\u00e9m, sempre da a\u00e7\u00e3o \u00e0 contempla\u00e7\u00e3o dos des\u00edgnios divinos. Para n\u00e3o tra\u00edrem sua voca\u00e7\u00e3o de batizados os santos que se acham em nossos altares muito se penitenciaram para n\u00e3o ca\u00edrem nunca nas garras de satan\u00e1s. A exemplo deles milhares de crist\u00e3os a exalarem o suav\u00edssimo perfume das virtudes. Nunca se medita demais nas palavras de S\u00e3o Le\u00e3o Magno: \u00abReconhece, \u00f3 crist\u00e3o, a tua dignidade. Uma vez constitu\u00eddo participante da natureza divina, n\u00e3o penses em voltar \u00e0s antigas mis\u00e9rias da tua vida passada. Lembra-te de que cabe\u00e7a e de que corpo \u00e9s membro. N\u00e3o te esque\u00e7as de que foste libertado do poder das trevas e transferido para a luz e para o Reino de Deus\u00bb<\/p>\n","protected":false},"excerpt":{"rendered":"<p>O Batismo de Jesus foi a sua primeira manifesta\u00e7\u00e3o p\u00fablica e o in\u00edcio de seu minist\u00e9rio ap\u00f3s deixar Nazar\u00e9 (Mt 3,13-17). Ele se mostra nas margens do rio Jord\u00e3o a Jo\u00e3o e ao povo de Israel. O batismo de Jo\u00e3o era uma ablu\u00e7\u00e3o exterior para levar \u00e0 penit\u00eancia e dispor quem o recebesse a se [&hellip;]<\/p>\n","protected":false},"author":7,"featured_media":55813,"comment_status":"open","ping_status":"closed","sticky":false,"template":"","format":"standard","meta":{"footnotes":""},"categories":[9],"tags":[],"class_list":["post-56112","post","type-post","status-publish","format-standard","has-post-thumbnail","hentry","category-artigos"],"_links":{"self":[{"href":"https:\/\/catolicanet.net\/wp-cnet\/wp-json\/wp\/v2\/posts\/56112","targetHints":{"allow":["GET"]}}],"collection":[{"href":"https:\/\/catolicanet.net\/wp-cnet\/wp-json\/wp\/v2\/posts"}],"about":[{"href":"https:\/\/catolicanet.net\/wp-cnet\/wp-json\/wp\/v2\/types\/post"}],"author":[{"embeddable":true,"href":"https:\/\/catolicanet.net\/wp-cnet\/wp-json\/wp\/v2\/users\/7"}],"replies":[{"embeddable":true,"href":"https:\/\/catolicanet.net\/wp-cnet\/wp-json\/wp\/v2\/comments?post=56112"}],"version-history":[{"count":1,"href":"https:\/\/catolicanet.net\/wp-cnet\/wp-json\/wp\/v2\/posts\/56112\/revisions"}],"predecessor-version":[{"id":56113,"href":"https:\/\/catolicanet.net\/wp-cnet\/wp-json\/wp\/v2\/posts\/56112\/revisions\/56113"}],"wp:featuredmedia":[{"embeddable":true,"href":"https:\/\/catolicanet.net\/wp-cnet\/wp-json\/wp\/v2\/media\/55813"}],"wp:attachment":[{"href":"https:\/\/catolicanet.net\/wp-cnet\/wp-json\/wp\/v2\/media?parent=56112"}],"wp:term":[{"taxonomy":"category","embeddable":true,"href":"https:\/\/catolicanet.net\/wp-cnet\/wp-json\/wp\/v2\/categories?post=56112"},{"taxonomy":"post_tag","embeddable":true,"href":"https:\/\/catolicanet.net\/wp-cnet\/wp-json\/wp\/v2\/tags?post=56112"}],"curies":[{"name":"wp","href":"https:\/\/api.w.org\/{rel}","templated":true}]}}