{"id":56091,"date":"2020-01-06T09:16:34","date_gmt":"2020-01-06T12:16:34","guid":{"rendered":"https:\/\/catolicanet.net\/wp-cnet\/?p=56091"},"modified":"2020-01-02T10:19:50","modified_gmt":"2020-01-02T13:19:50","slug":"ardoroso-missionario","status":"publish","type":"post","link":"https:\/\/catolicanet.net\/wp-cnet\/ardoroso-missionario\/","title":{"rendered":"Ardoroso mission\u00e1rio"},"content":{"rendered":"<p style=\"text-align: justify;\"><span style=\"font-weight: 400;\">Iniciamos solenemente este ano com a visita de N. Sra. de Loreto. Mas a nossa tradicional forma de iniciarmos esse novo tempo \u00e9 com a trezena de S\u00e3o Sebasti\u00e3o, nosso padroeiro. Ela se inicia no pr\u00f3ximo dia 07 de janeiro, e, por meio dela entramos em sintonia com toda a Arquidiocese do Rio de Janeiro num momento de miss\u00e3o popular e assim entramos no esp\u00edrito de ora\u00e7\u00e3o que essa festa nos proporciona. O tema proposto para a trezena \u00e9: \u201cS\u00e3o Sebasti\u00e3o, ardoroso mission\u00e1rio! \u201d.\u00a0<\/span><\/p>\n<p style=\"text-align: justify;\"><span style=\"font-weight: 400;\">H\u00e1 v\u00e1rias maneiras de podermos realizar essa trezena, atrav\u00e9s do nosso grupo de rua, com os vizinhos e amigos, fazendo com que a Igreja se movimente nas ruas. Pode ser realizada, tamb\u00e9m, na comunidade paroquial e em casa na pr\u00f3pria fam\u00edlia. Temos o livreto com os temas e ora\u00e7\u00f5es di\u00e1rias que podem ser utilizados tanto nas capelas como em nossos grupos de reflex\u00e3o, em especial nos c\u00edrculos b\u00edblicos. Como S\u00e3o Sebasti\u00e3o \u00e9 padroeiro de nossa Arquidiocese \u00e9 justo que todos se preparem para a festa com essa trezena.\u00a0<\/span><\/p>\n<p style=\"text-align: justify;\"><span style=\"font-weight: 400;\">E h\u00e1 uma programa\u00e7\u00e3o oficial dos treze dias de visitas e celebra\u00e7\u00f5es levando a imagem fax s\u00edmile de S\u00e3o Sebasti\u00e3o (daquela que Est\u00e1cio de S\u00f3 trouxe quando fundou a Vila de S\u00e3o Sebasti\u00e3o). Sempre vamos a v\u00e1rios ambientes e setores da sociedade, neste ano come\u00e7ando pelo monumento do Cristo Redentor, passando pelo Hospital Souza Aguiar, Instituto Nacional do C\u00e2ncer, Hospital Central Aristarcho Pessoa(Hospital dos Bombeiros), Hospital S\u00e3o Vicente, Santu\u00e1rio Bas\u00edlica de S\u00e3o Sebasti\u00e3o, Hospital Federal Bonsucesso, Hospital Mario Kroeff, Instituto de Puericultura e Pediatria Martag\u00e3o Gesteira, Hospital Universit\u00e1rio Clementino Fraga Filho, Centro S\u00f3cio de Educa\u00e7\u00e3o Dom Bosco, Centro S\u00f3cio de Educa\u00e7\u00e3o Prof. Ant\u00f4nio Carlos Gomes da Costa, Escola Jo\u00e3o Luiz Alves, Capela S\u00e3o Sebasti\u00e3o e S\u00e3o Pedro em Tubiacanga, Par\u00f3quia S\u00e3o Sebasti\u00e3o \u2013 Cocot\u00e1, Hospital da Gamboa, Sede a Pol\u00edcia Federal, Hospital Marc\u00edlio Dias, Par\u00f3quia Nossa Senhora de Copacabana, Hospital Central do Ex\u00e9rcito, Capela S\u00e3o Sebasti\u00e3o em Del Castilho, INTO, Cemit\u00e9rio dos Padres, Casa de Idosos Socorrinho, Casa S\u00e3o Lu\u00eds para a Velhice, Capela de S\u00e3o Sebasti\u00e3o no Caju, sede do Clube de Regatas Vasco da Gama, Par\u00f3quia S\u00e3o Sebasti\u00e3o e Santa Cec\u00edlia em Bangu, Par\u00f3quia S\u00e3o Sebasti\u00e3o da Vila Militar, Capela Sant\u2019Ana e S\u00e3o Sebasti\u00e3o em Guaratiba, Capela S\u00e3o Sebasti\u00e3o de Cantagalo, Capela S\u00e3o Sebasti\u00e3o do Sagrado Cora\u00e7\u00e3o de Jesus em Campo Grande, Capela S\u00e3o Sebasti\u00e3o tamb\u00e9m em Campo Grande; Capela S\u00e3o Sebasti\u00e3o de Nova Sepetiba, Par\u00f3quia S\u00e3o Marcos \u2013 Capela S\u00e3o Jos\u00e9 \u2013 Recreio; Capela S\u00e3o Sebasti\u00e3o \u2013 Sant\u00edssimo,\u00a0 Capela S\u00e3o Sebasti\u00e3o \u2013 Inhoa\u00edba, Capela S\u00e3o Sebasti\u00e3o \u2013 Paci\u00eancia \u2013, Capela S\u00e3o Sebasti\u00e3o e Nossa Senhora das Dores \u2013 Santa Cruz, Capela S\u00e3o Sebasti\u00e3o \u2013 Santa Cruz, Capela S\u00e3o Sebasti\u00e3o e Nossa Senhora das Gra\u00e7as \u2013 Santa Cruz, Capela S\u00e3o Sebasti\u00e3o \u2013 Morro do Salgueiro, Casa Geri\u00e1trica S\u00e3o Sebasti\u00e3o \u2013 Usina, Capela de S\u00e3o Sebasti\u00e3o \u2013 Casa Branca, Capela S\u00e3o Sebasti\u00e3o \u2013 Morro do Borel, Hospital S\u00e3o Francisco da Penit\u00eancia, Capela de S\u00e3o Sebasti\u00e3o do Morro da Cachoeira Grande, Capela S\u00e3o Sebasti\u00e3o \u2013 Cachambi, Penitenci\u00e1ria Industrial Esmeraldino Bandeira, Complexo Gericin\u00f3, Educand\u00e1rio Santo Expedito \u2013 Bangu, Sede do Fluminense Futebol Clube, Sede do Botafogo de Futebol e Regatas, Capela S\u00e3o Sebasti\u00e3o \u2013 Freguesia, Capela S\u00e3o Sebasti\u00e3o \u2013 Taquara, Par\u00f3quia S\u00e3o Sebasti\u00e3o \u2013 Vargem Grande, Capela S\u00e3o Sebasti\u00e3o \u2013 Vila Kennedy, Hospital Albert Schwetizer, Bangu Atl\u00e9tico Clube, Capela de S\u00e3o Sebasti\u00e3o \u2013 Fumac\u00ea \u2013 Realengo; Par\u00f3quia Nossa Senhora de F\u00e1tima e S\u00e3o Jo\u00e3o de Deus \u2013 Jardim Novo, Santa Casa de Miseric\u00f3rdia, QC CBMERJ, Prefeitura do Rio e Centro de Opera\u00e7\u00f5es, QG PMERJ, Hospital da PMERJ, Pal\u00e1cio Guanabara, Sede do Clube de Regatas do Flamengo, Cruzada de S\u00e3o Sebasti\u00e3o, Band TV, Band News e Jornal Metro, Info Globo, RJTV, O Dia, Veja, Visita a Capela na Central do Brasil, teremos o Pr\u00eamio S\u00e3o Sebasti\u00e3o, Par\u00f3quia S\u00e3o Sebasti\u00e3o \u2013 Parada de Lucas, Par\u00f3quia S\u00e3o Sebasti\u00e3o \u2013 Olaria, Cacique de Ramos, Capela de S\u00e3o Sebasti\u00e3o \u2013 Costa Barros, Par\u00f3quia Bom Jesus do Monte \u2013 em Paquet\u00e1, Capela de S\u00e3o Sebasti\u00e3o \u2013 Inha\u00fama, Par\u00f3quia Imaculada Concei\u00e7\u00e3o e S\u00e3o Sebasti\u00e3o \u2013 Engenho de Dentro, Capela S\u00e3o Sebasti\u00e3o \u2013 Madureira, Par\u00f3quia S\u00e3o Sebasti\u00e3o \u2013 Quintino e Missa na Par\u00f3quia S\u00e3o Sebasti\u00e3o, em Bento Ribeiro, e v\u00e1rios outros ambientes que acolhem com alegria o Santo Guerreiro.<\/span><\/p>\n<p style=\"text-align: justify;\"><span style=\"font-weight: 400;\">Ao realizarmos a trezena n\u00e3o rezamos e pedimos somente por n\u00f3s, mas pela Igreja de maneira geral, pela Arquidiocese do Rio de Janeiro, que deve ser uma Igreja em miss\u00e3o permanente. E pedimos, sobretudo, que S\u00e3o Sebasti\u00e3o interceda por n\u00f3s junto a Deus, derramando sua paz e alegria sobre nossa cidade.\u00a0<\/span><\/p>\n<p style=\"text-align: justify;\"><span style=\"font-weight: 400;\">A cada ano a trezena de S\u00e3o Sebasti\u00e3o tem um tema, um sentido para ela acontecer, uma gra\u00e7a que queremos alcan\u00e7ar por meio dela. O tema deste ano \u00e9 a miss\u00e3o: \u201c<\/span><i><span style=\"font-weight: 400;\">S\u00e3o Sebasti\u00e3o, ardoroso mission\u00e1rio<\/span><\/i><span style=\"font-weight: 400;\">\u201d. \u00c9 isso que pedimos ao Senhor: para que, como S\u00e3o Sebasti\u00e3o sejamos permanentemente mission\u00e1rios.<\/span><\/p>\n<p style=\"text-align: justify;\"><span style=\"font-weight: 400;\">O Conc\u00edlio Vaticano II promulgou o Decreto \u201cAd gentes\u201d\u00a0 &#8211; para as na\u00e7\u00f5es \u2013 que trata da atividade Mission\u00e1ria da Igreja, reconhecendo e reafirmando que a Igreja de Jesus Cristo tem uma natureza mission\u00e1ria, afinal o pr\u00f3prio Senhor Jesus convocou a todos: \u201cIde pelo mundo inteiro e anunciai a Boa Nova a toda a criatura!\u201d(cf. Mc 16,15)<\/span><\/p>\n<p style=\"text-align: justify;\"><span style=\"font-weight: 400;\">A Igreja \u00e9 enviada por Deus a todos os povos como sacramento universal de salva\u00e7\u00e3o e deve anunciar o Evangelho a toda humanidade. Em Seu des\u00edgnio amoroso Deus nos chama gratuitamente, em Cristo, a participar de sua vida, n\u00e3o somente de modo individual, mas constituindo-nos num Povo congregado na unidade. Esta obra salv\u00edfica deve ser anunciada at\u00e9 os confins da terra. A Igreja cumpre sua miss\u00e3o e se realiza <\/span><i><span style=\"font-weight: 400;\">\u201cmediante a atividade pela qual, obedecendo ao mandamento de Cristo e movida pela gra\u00e7a e pela caridade do Esp\u00edrito Santo, ela se torna atual e plenamente presente a todos os homens ou povos para os conduzir \u00e0 f\u00e9, liberdade e paz de Cristo, n\u00e3o s\u00f3 pelo exemplo de vida e pela prega\u00e7\u00e3o mas tamb\u00e9m pelos sacramentos e pelos restantes meios de gra\u00e7a(AG 5)\u201d.<\/span><\/i><\/p>\n<p style=\"text-align: justify;\"><span style=\"font-weight: 400;\">A miss\u00e3o deve andar junta com a acolhida indistinta de todos. Todo homem e toda mulher de boa vontade s\u00e3o bem-vindos \u00e0 casa do Pai. Todos os anos conseguimos grandes gra\u00e7as por meio da trezena ao passar nas avenidas, ruas e pra\u00e7as e ao entrar nas comunidades. E neste ano poderemos conseguir grandes gra\u00e7as mais uma vez, conquistando, acolhendo novos fi\u00e9is para a Igreja e os enviando tamb\u00e9m como ardorosos mission\u00e1rios, como foi S\u00e3o Sebasti\u00e3o.\u00a0<\/span><\/p>\n<p style=\"text-align: justify;\"><span style=\"font-weight: 400;\">Ao realizarmos a trezena em nossa cidade de S\u00e3o Sebasti\u00e3o do Rio de Janeiro, damos testemunho de Cristo onde estivermos. Assumimos o nosso papel de batizados, de sermos \u201c<\/span><i><span style=\"font-weight: 400;\">sal na terra e luz no mundo<\/span><\/i><span style=\"font-weight: 400;\">\u201d, damos testemunho da nossa f\u00e9, assim como nosso padroeiro o fez. E cumprimos aquilo que o Papa Francisco nos pede de sermos uma <\/span><i><span style=\"font-weight: 400;\">Igreja em sa\u00edda<\/span><\/i><span style=\"font-weight: 400;\">.<\/span><\/p>\n<p style=\"text-align: justify;\"><span style=\"font-weight: 400;\">Quando assumimos o compromisso social e visitamos pres\u00eddios, hospitais, asilos, estamos nos preocupando acima de tudo com a vida. E cumprindo um mandato evang\u00e9lico de Jesus, de estarmos em estado permanente de miss\u00e3o e de an\u00fancio e testemunho do Evangelho. Levamos um pouco de liberdade, para aqueles que est\u00e3o privados dela. Ansiamos por tempos melhores e por isso realizamos a trezena e festa de S\u00e3o Sebasti\u00e3o todos os anos, pedindo que olhe por n\u00f3s e por nossa cidade. Confiar nossas necessidades a Deus atrav\u00e9s da intercess\u00e3o de S\u00e3o Sebasti\u00e3o, que nos compromete a sermos exemplo de vida crist\u00e3, assumindo nossa miss\u00e3o na sociedade.\u00a0<\/span><\/p>\n<p style=\"text-align: justify;\"><span style=\"font-weight: 400;\">Abrimos o ano rezando ao padroeiro de nossa cidade maravilhosa<\/span><i><span style=\"font-weight: 400;\">. <\/span><\/i><span style=\"font-weight: 400;\">O tema deste ano \u00e9 muito \u201crico\u201d para n\u00f3s. Anunciar o Evangelho em todos os ambientes junto com a acolhida fraterna na f\u00e9 o nosso irm\u00e3o, nos remete a acolher a todos, os afastados, e, particularmente, pela atra\u00e7\u00e3o do Evangelho, acolher os jovens. Acolher de cora\u00e7\u00e3o sincero todos aqueles que querem fazer parte desta Igreja de Jesus Cristo. Inclusive aqueles que est\u00e3o nos pres\u00eddios, hospitais, asilos devem se sentir acolhidos e amados por Deus. Por isso durante a trezena a imagem de nosso padroeiro visita esses locais.\u00a0<\/span><\/p>\n<p style=\"text-align: justify;\"><span style=\"font-weight: 400;\">A trezena nos ajuda a aumentar nossa confian\u00e7a em Deus e a ver que a vida tem sentido, que tudo aquilo que celebramos recentemente no Natal, em cujo tempo se inicia a trezena, se concretiza, a vida que brota do amor de Deus. A trezena nos coloca em comunh\u00e3o espiritual com a Igreja, com ela nos unimos aos nossos irm\u00e3os e aumenta o nosso sentimento de comunidade, de povo de Deus orante, assumindo aquilo que nos foi mandado no nosso batismo. E assim construindo um mundo mais justo e fraterno.\u00a0<\/span><\/p>\n<p style=\"text-align: justify;\"><span style=\"font-weight: 400;\">Com a trezena nos preparamos para a grande celebra\u00e7\u00e3o da missa e prociss\u00e3o do dia 20 de janeiro. Todos os dias temos missa, mas de uma maneira especial a trezena nos prepara para esse grande dia, onde toda a Igreja se re\u00fane para louvar e agradecer seu padroeiro. Antes da Missa na catedral, teremos uma grande prociss\u00e3o iniciando \u00e0s 16 horas, passando pelas ruas de nossa cidade, pedindo que S\u00e3o Sebasti\u00e3o interceda por cada canto dessa cidade.\u00a0<\/span><\/p>\n<p style=\"text-align: justify;\"><span style=\"font-weight: 400;\">Jesus nos chama a ser \u201csal na terra e luz do mundo\u201d (cf. Mt 5,13). N\u00e3o obstante nossa falta de esperan\u00e7a e de amor, somos chamados a iluminar e a dar sabor ao ambiente em que vivemos.<\/span><\/p>\n<p style=\"text-align: justify;\"><span style=\"font-weight: 400;\">A trezena nos ajuda a caminharmos juntos na mesma f\u00e9, pedindo que possamos imitar as virtudes de S\u00e3o Sebastiao. Esse \u00e9 o sentido de celebrarmos essa prepara\u00e7\u00e3o para a festa, e comemorando o padroeiro para nos inspirar um pouco com sua virtude no seguimento de Cristo e do evangelho. Que possamos alcan\u00e7ar muitas gra\u00e7as com a realiza\u00e7\u00e3o dessa trezena, evangelizando a todos, particularmente os afastados ou indiferentes, atraindo novos irm\u00e3os para a Igreja, ou a volta daqueles que se encontravam desanimados, como todos os anos acontece.\u00a0<\/span><\/p>\n<p style=\"text-align: justify;\"><span style=\"font-weight: 400;\">Portanto, que possamos fazer uma boa prepara\u00e7\u00e3o para a festa do nosso padroeiro atrav\u00e9s da realiza\u00e7\u00e3o da trezena, e que muitas gra\u00e7as aconte\u00e7am.\u00a0<\/span><\/p>\n<p style=\"text-align: justify;\"><span style=\"font-weight: 400;\">Que Deus aben\u00e7oe a todos!! E Viva S\u00e3o Sebasti\u00e3o!<\/span><\/p>\n","protected":false},"excerpt":{"rendered":"<p>Iniciamos solenemente este ano com a visita de N. Sra. de Loreto. Mas a nossa tradicional forma de iniciarmos esse novo tempo \u00e9 com a trezena de S\u00e3o Sebasti\u00e3o, nosso padroeiro. Ela se inicia no pr\u00f3ximo dia 07 de janeiro, e, por meio dela entramos em sintonia com toda a Arquidiocese do Rio de Janeiro [&hellip;]<\/p>\n","protected":false},"author":5,"featured_media":55819,"comment_status":"open","ping_status":"closed","sticky":false,"template":"","format":"standard","meta":{"footnotes":""},"categories":[9],"tags":[],"class_list":["post-56091","post","type-post","status-publish","format-standard","has-post-thumbnail","hentry","category-artigos"],"_links":{"self":[{"href":"https:\/\/catolicanet.net\/wp-cnet\/wp-json\/wp\/v2\/posts\/56091","targetHints":{"allow":["GET"]}}],"collection":[{"href":"https:\/\/catolicanet.net\/wp-cnet\/wp-json\/wp\/v2\/posts"}],"about":[{"href":"https:\/\/catolicanet.net\/wp-cnet\/wp-json\/wp\/v2\/types\/post"}],"author":[{"embeddable":true,"href":"https:\/\/catolicanet.net\/wp-cnet\/wp-json\/wp\/v2\/users\/5"}],"replies":[{"embeddable":true,"href":"https:\/\/catolicanet.net\/wp-cnet\/wp-json\/wp\/v2\/comments?post=56091"}],"version-history":[{"count":1,"href":"https:\/\/catolicanet.net\/wp-cnet\/wp-json\/wp\/v2\/posts\/56091\/revisions"}],"predecessor-version":[{"id":56092,"href":"https:\/\/catolicanet.net\/wp-cnet\/wp-json\/wp\/v2\/posts\/56091\/revisions\/56092"}],"wp:featuredmedia":[{"embeddable":true,"href":"https:\/\/catolicanet.net\/wp-cnet\/wp-json\/wp\/v2\/media\/55819"}],"wp:attachment":[{"href":"https:\/\/catolicanet.net\/wp-cnet\/wp-json\/wp\/v2\/media?parent=56091"}],"wp:term":[{"taxonomy":"category","embeddable":true,"href":"https:\/\/catolicanet.net\/wp-cnet\/wp-json\/wp\/v2\/categories?post=56091"},{"taxonomy":"post_tag","embeddable":true,"href":"https:\/\/catolicanet.net\/wp-cnet\/wp-json\/wp\/v2\/tags?post=56091"}],"curies":[{"name":"wp","href":"https:\/\/api.w.org\/{rel}","templated":true}]}}