{"id":56082,"date":"2019-12-30T09:54:29","date_gmt":"2019-12-30T12:54:29","guid":{"rendered":"https:\/\/catolicanet.net\/wp-cnet\/?p=56082"},"modified":"2020-01-02T09:58:08","modified_gmt":"2020-01-02T12:58:08","slug":"uma-estrela-brilhou-para-os-magos","status":"publish","type":"post","link":"https:\/\/catolicanet.net\/wp-cnet\/uma-estrela-brilhou-para-os-magos\/","title":{"rendered":"UMA ESTRELA BRILHOU PARA OS MAGOS"},"content":{"rendered":"<p style=\"text-align: justify;\"><span style=\"font-weight: 400;\">Preciosas li\u00e7\u00f5es oferece a ida dos Magos at\u00e9 Bel\u00e9m guiados por uma estrela para adorar o Menino Deus a\u00ed nascido (Mt 2,1-12). Com grande disposi\u00e7\u00e3o eles partiram do Oriente e, apesar dos percal\u00e7os, n\u00e3o desanimaram e em Jerusal\u00e9m cuidadosamente indagam sobre o lugar onde deveria nascer o Messias e rumam para Bel\u00e9m. S\u00e3o tomados de alegria ao encontrar aquele que procuravam. Sua perseveran\u00e7a foi recompensada. N\u00e3o haviam ficados acomodados, n\u00e3o foram indolentes e logo se puseram na rota indicada pelo astro. Valorizaram seus conhecimentos e se mostraram competentes astr\u00f4nomos. Estava escrito no livro dos N\u00fameros: \u201cSurgir\u00e1 uma estrela de Jac\u00f3\u201d. Esta profecia se verificou num sentido mais sublime e completo no Messias prometido. \u00a0 Era um meteoro extraordin\u00e1rio criado especialmente por Deus para dar \u00e0s na\u00e7\u00f5es a alvissareira not\u00edcia do nascimento do Salvador da humanidade. Os magos decodificaram sabiamente o fen\u00f4meno e deixaram exemplo de disponibilidade e persist\u00eancia. Chegaram at\u00e9 um Menino pobre, mas que era o Rei que atrairia a si todas as gentes, soberano imortal dos s\u00e9culos futuros. O evangelista ressaltou que \u201cviram o Menino com Maria sua M\u00e3e\u201d. Mais tarde S\u00e3o Bernardo, num momento de pulcra inspira\u00e7\u00e3o, n\u00e3o hesitou em proclamar <\/span><i><span style=\"font-weight: 400;\">\u201cper Mariam ad Jesum<\/span><\/i><span style=\"font-weight: 400;\">\u201d, pois, de fato, somos conduzidos a Jesus atrav\u00e9s de sua M\u00e3e. Ela ensinaria sempre os crist\u00e3os a receber e a seguir seu divino Filho pelas estradas da vida, abrindo seus cora\u00e7\u00f5es ao sentido mais profundo da obra redentora. Os Magos ao oferecerem \u00e0quele Menino que estava ali com sua m\u00e3e presentes t\u00edpicos de sua regi\u00e3o mostraram com o ouro que ele era rei, com o incenso que era Deus, com a mirra que era um homem que se sacrificaria para a salva\u00e7\u00e3o de todos que nele cressem, seguindo seus ensinamentos. Uma admir\u00e1vel vis\u00e3o teol\u00f3gica estava assim contida nas d\u00e1divas daqueles s\u00e1bios que voltaram por outro caminho para evitar o \u00edmpio rei Herodes. Alertavam assim que sempre se deve fugir dos inimigos de Cristo. Todas estas verdades alimentariam a grande f\u00e9 dos seguidores de Jesus. Esta f\u00e9 chegaria \u00e0 maturidade em milhares de crist\u00e3os pelo mundo afora n\u00e3o obstante a resist\u00eancia daqueles que, como Herodes e seus sequazes, lutariam em v\u00e3o contra o divino Redentor. S\u00e3o os que desconhecem os caminhos espirituais tra\u00e7ados pelo Mestre divino. No mundo da cria\u00e7\u00e3o com sua dimens\u00e3o, tanto f\u00edsica quanto ps\u00edquica, \u00e9 preciso deixar sempre um lugar para o mundo religioso a ser iluminado pela Palavra divina contida na B\u00edblia e nas inspira\u00e7\u00f5es do Esp\u00edrito Santo. Este at\u00e9 em sonho se comunicou com os Magos. \u00c9 preciso, por\u00e9m, estar sempre atentos \u00e0s ambiguidades suscitadas pelo esp\u00edrito das trevas. Os magos, apesar de s\u00e1bios, humildemente consultaram em Jerusal\u00e9m os gr\u00e3os-sacerdotes e os escribas do povo, os entendidos nas Escrituras, e depois se ajoelharam perante uma crian\u00e7a inerme. Maria j\u00e1 havia dito no seu c\u00e2ntico <\/span><i><span style=\"font-weight: 400;\">\u00a0Magnificat<\/span><\/i><span style=\"font-weight: 400;\"> que Deus dispersa os soberbos com os des\u00edgnios que eles conceberam e exalta os humildes (Lc 1,31-32). Eis a\u00ed outro aspecto fundamental da revela\u00e7\u00e3o do mist\u00e9rio epif\u00e2nico num acontecimento t\u00e3o simples, claro e maravilhoso em seus pormenores. Astr\u00f4nomos not\u00e1veis, ricos, poderosos a legarem ensinamentos teol\u00f3gicos ao procurarem o lugar onde tinha nascido o Messias que lhes merecia uma visita surpreendente. Esta resultou na manifesta\u00e7\u00e3o, na revela\u00e7\u00e3o do Deus feito homem, o Salvador do mundo anunciado pelos profetas e t\u00e3o aguardado pelo povo da B\u00edblia. Desta visita bem fundamentada em fatos reais resultou um not\u00e1vel ensinamento espiritual. Jesus nasceu em Bel\u00e9m da Jud\u00e9ia no tempo do rei Herodes. Tal fato, que revolucionaria a Hist\u00f3ria, tinha uma significa\u00e7\u00e3o profunda. Os Magos eram as prim\u00edcias das na\u00e7\u00f5es e figuravam a humanidade caminhando para Cristo. Ele que poderia depois se proclamar a Luz do mundo (Jo 8,12; 12,46). Os Magos saem de cena, pois j\u00e1 haviam reconhecido em Cristo o Redentor. Abriram as portas de um reconhecimento universal \u00e0quele que deveria ser amado e adorado como o Senhor da gl\u00f3ria de acordo com o que escreveu S\u00e3o Paulo aos Cor\u00edntios (1 Cor 2,8). Deste modo, a Epifania vem mostrar ao vivo o mist\u00e9rio de Cristo, a manifesta\u00e7\u00e3o de Deus neste mundo, a revela\u00e7\u00e3o de sua presen\u00e7a viva no nosso meio. Cristo, a imagem do Deus invis\u00edvel, o primog\u00eanito dos redivivos e que tem em tudo o primado. (Col 1,15.18). Ele mostrou um Deus que de fato ama os seres humanos e seres humanos que devem apaixonadamente amar este Deus que veio \u00e0 terra para a todos redimir. Este Deus que quer ser tudo em todos. Assim a Epifania \u00e9 o grande mist\u00e9rio do amor divino. Por tudo isto esta solenidade deve nos levar a oferecer a Jesus o ouro de nosso amor, o incenso cont\u00ednuo de nossos louvores, a mirra dos sacrif\u00edcios de cada dia. Desta maneira, o crist\u00e3o se torna, de fato, um iluminado, rendendo-lhe todas as homenagens como fizeram um dia aqueles s\u00e1bios vindo do Oriente. <\/span><\/p>\n<p><i><span style=\"font-weight: 400;\">* Professor no Semin\u00e1rio de Mariana durante 40 anos.<\/span><\/i><\/p>\n","protected":false},"excerpt":{"rendered":"<p>Preciosas li\u00e7\u00f5es oferece a ida dos Magos at\u00e9 Bel\u00e9m guiados por uma estrela para adorar o Menino Deus a\u00ed nascido (Mt 2,1-12). Com grande disposi\u00e7\u00e3o eles partiram do Oriente e, apesar dos percal\u00e7os, n\u00e3o desanimaram e em Jerusal\u00e9m cuidadosamente indagam sobre o lugar onde deveria nascer o Messias e rumam para Bel\u00e9m. S\u00e3o tomados de [&hellip;]<\/p>\n","protected":false},"author":7,"featured_media":55813,"comment_status":"open","ping_status":"closed","sticky":false,"template":"","format":"standard","meta":{"footnotes":""},"categories":[9],"tags":[],"class_list":["post-56082","post","type-post","status-publish","format-standard","has-post-thumbnail","hentry","category-artigos"],"_links":{"self":[{"href":"https:\/\/catolicanet.net\/wp-cnet\/wp-json\/wp\/v2\/posts\/56082","targetHints":{"allow":["GET"]}}],"collection":[{"href":"https:\/\/catolicanet.net\/wp-cnet\/wp-json\/wp\/v2\/posts"}],"about":[{"href":"https:\/\/catolicanet.net\/wp-cnet\/wp-json\/wp\/v2\/types\/post"}],"author":[{"embeddable":true,"href":"https:\/\/catolicanet.net\/wp-cnet\/wp-json\/wp\/v2\/users\/7"}],"replies":[{"embeddable":true,"href":"https:\/\/catolicanet.net\/wp-cnet\/wp-json\/wp\/v2\/comments?post=56082"}],"version-history":[{"count":1,"href":"https:\/\/catolicanet.net\/wp-cnet\/wp-json\/wp\/v2\/posts\/56082\/revisions"}],"predecessor-version":[{"id":56083,"href":"https:\/\/catolicanet.net\/wp-cnet\/wp-json\/wp\/v2\/posts\/56082\/revisions\/56083"}],"wp:featuredmedia":[{"embeddable":true,"href":"https:\/\/catolicanet.net\/wp-cnet\/wp-json\/wp\/v2\/media\/55813"}],"wp:attachment":[{"href":"https:\/\/catolicanet.net\/wp-cnet\/wp-json\/wp\/v2\/media?parent=56082"}],"wp:term":[{"taxonomy":"category","embeddable":true,"href":"https:\/\/catolicanet.net\/wp-cnet\/wp-json\/wp\/v2\/categories?post=56082"},{"taxonomy":"post_tag","embeddable":true,"href":"https:\/\/catolicanet.net\/wp-cnet\/wp-json\/wp\/v2\/tags?post=56082"}],"curies":[{"name":"wp","href":"https:\/\/api.w.org\/{rel}","templated":true}]}}