{"id":56076,"date":"2019-12-27T09:40:36","date_gmt":"2019-12-27T12:40:36","guid":{"rendered":"https:\/\/catolicanet.net\/wp-cnet\/?p=56076"},"modified":"2020-01-02T09:43:01","modified_gmt":"2020-01-02T12:43:01","slug":"o-menino-dorme-em-paz","status":"publish","type":"post","link":"https:\/\/catolicanet.net\/wp-cnet\/o-menino-dorme-em-paz\/","title":{"rendered":"O menino dorme em paz"},"content":{"rendered":"<div class=\"gs\">\n<div class=\"\">\n<div id=\":tn\" class=\"ii gt\">\n<div id=\":tm\" class=\"a3s aXjCH \">\n<div>\n<div>\n<p style=\"text-align: justify;\"><img loading=\"lazy\" decoding=\"async\" class=\"CToWUd alignleft\" src=\"https:\/\/mail.google.com\/mail\/u\/0?ui=2&amp;ik=8b1d4e7737&amp;attid=0.2&amp;permmsgid=msg-f:1654618967833063855&amp;th=16f6632f485031af&amp;view=fimg&amp;sz=s0-l75-ft&amp;attbid=ANGjdJ8BUs2my8jaS3eb2Xd5pMBiQiBtXIV0qFA_5Ei_AZnjiEMlm1W3NiE3T1F_AkXDsxZIRTy4TUNs3hjghQBgweGk8VM-rYharg_-qck9-5_Av6q97yndlkB3BpE&amp;disp=emb\" width=\"229\" height=\"127\" align=\"left\" data-image-whitelisted=\"\" \/>Na noite do dia 24 de dezembro de 2019, o Menino Jesus, tendo nascido pobre no cora\u00e7\u00e3o dos seres humanos, foi dormir em paz, de acordo com c\u00e9lebre can\u00e7\u00e3o natalina. J\u00e1 no dia 25, me dispus a encontrar o rec\u00e9m-nascido, que ainda dormia na manjedoura da nossa Igreja de Santo Afonso. Ele dormia de verdade, revelando-nos uma profunda serenidade, ternura e grande paz! Mesmo assim, voltei-me para a estribaria, no sentido de despert\u00e1-lo, sem perder a oportunidade de fazer-lhe um pedido: que eu mesmo possa acordar e ajudar a abrir os olhos de muitos irm\u00e3os que gostam de dormir.<\/p>\n<p style=\"text-align: justify;\">\u00d3 Senhor, aben\u00e7oe a todos os que percebem vossa divindade e se sensibilizam, num olhar terno e af\u00e1vel, diante da manjedoura! Ela \u00e9 sagrada e nos recorda, n\u00e3o s\u00f3 o humilde e vulner\u00e1vel nascimento da crian\u00e7a de Bel\u00e9m, mas faz-nos elevar aos c\u00e9us nossos pensamentos, solid\u00e1rios, para multid\u00f5es enormes de seres humanos que nascem e vivem nas mesmas condi\u00e7\u00f5es. Nossa esperan\u00e7a est\u00e1 no Emanuel, Deus Conosco, Senhor e Salvador de todos, que vive e reina para todo o sempre!<\/p>\n<p style=\"text-align: justify;\">Fomos criados, pela proposta do nosso bom Deus, para imitar Jesus de Nazar\u00e9, tendo seu in\u00edcio no mist\u00e9rio luminoso da verdadeira luz. Acolhamos o an\u00fancio do Anjo do Senhor, na real e radical simplicidade, humildade e ternura da manjedoura. Agradecidos, diante de Deus Menino, coloquemos a nossa vida de m\u00e3os elevadas, porque, com Jesus, nascemos para Deus. A esperan\u00e7a e a consola\u00e7\u00e3o chegaram para a humanidade, as quais pedem respostas, na nossa acolhida generosa e sens\u00edvel aten\u00e7\u00e3o ao dom maravilhoso da vida, associados ao sim da M\u00e3e de Deus.<\/p>\n<p style=\"text-align: justify;\">Que neste ano de 2020, que se inicia, tenhamos um esp\u00edrito de abertura, convidados que fomos a refletir e a pensar na nossa vida, que \u00e9 dom e gra\u00e7a, a partir da crian\u00e7a de Bel\u00e9m, sem esquecer sua e nossa querida m\u00e3e. Enormemente, ela est\u00e1, de uma maneira muita discreta, em toda parte, na a\u00e7\u00e3o salv\u00edfica de seu filho redentor, a qual jamais podemos rejeit\u00e1-la. Assim seja!<\/p>\n<p style=\"text-align: justify;\">*P\u00e1roco de Santo Afonso, Blogueiro, Escritor e integra a Academia Metropolitana de Letras de Fortaleza<\/p>\n<\/div>\n<\/div>\n<\/div>\n<\/div>\n<\/div>\n<\/div>\n","protected":false},"excerpt":{"rendered":"<p>Na noite do dia 24 de dezembro de 2019, o Menino Jesus, tendo nascido pobre no cora\u00e7\u00e3o dos seres humanos, foi dormir em paz, de acordo com c\u00e9lebre can\u00e7\u00e3o natalina. J\u00e1 no dia 25, me dispus a encontrar o rec\u00e9m-nascido, que ainda dormia na manjedoura da nossa Igreja de Santo Afonso. Ele dormia de verdade, [&hellip;]<\/p>\n","protected":false},"author":6,"featured_media":55824,"comment_status":"open","ping_status":"closed","sticky":false,"template":"","format":"standard","meta":{"footnotes":""},"categories":[9],"tags":[],"class_list":["post-56076","post","type-post","status-publish","format-standard","has-post-thumbnail","hentry","category-artigos"],"_links":{"self":[{"href":"https:\/\/catolicanet.net\/wp-cnet\/wp-json\/wp\/v2\/posts\/56076","targetHints":{"allow":["GET"]}}],"collection":[{"href":"https:\/\/catolicanet.net\/wp-cnet\/wp-json\/wp\/v2\/posts"}],"about":[{"href":"https:\/\/catolicanet.net\/wp-cnet\/wp-json\/wp\/v2\/types\/post"}],"author":[{"embeddable":true,"href":"https:\/\/catolicanet.net\/wp-cnet\/wp-json\/wp\/v2\/users\/6"}],"replies":[{"embeddable":true,"href":"https:\/\/catolicanet.net\/wp-cnet\/wp-json\/wp\/v2\/comments?post=56076"}],"version-history":[{"count":1,"href":"https:\/\/catolicanet.net\/wp-cnet\/wp-json\/wp\/v2\/posts\/56076\/revisions"}],"predecessor-version":[{"id":56077,"href":"https:\/\/catolicanet.net\/wp-cnet\/wp-json\/wp\/v2\/posts\/56076\/revisions\/56077"}],"wp:featuredmedia":[{"embeddable":true,"href":"https:\/\/catolicanet.net\/wp-cnet\/wp-json\/wp\/v2\/media\/55824"}],"wp:attachment":[{"href":"https:\/\/catolicanet.net\/wp-cnet\/wp-json\/wp\/v2\/media?parent=56076"}],"wp:term":[{"taxonomy":"category","embeddable":true,"href":"https:\/\/catolicanet.net\/wp-cnet\/wp-json\/wp\/v2\/categories?post=56076"},{"taxonomy":"post_tag","embeddable":true,"href":"https:\/\/catolicanet.net\/wp-cnet\/wp-json\/wp\/v2\/tags?post=56076"}],"curies":[{"name":"wp","href":"https:\/\/api.w.org\/{rel}","templated":true}]}}