{"id":56072,"date":"2019-12-25T09:30:08","date_gmt":"2019-12-25T12:30:08","guid":{"rendered":"https:\/\/catolicanet.net\/wp-cnet\/?p=56072"},"modified":"2020-01-02T09:33:38","modified_gmt":"2020-01-02T12:33:38","slug":"e-natal-7","status":"publish","type":"post","link":"https:\/\/catolicanet.net\/wp-cnet\/e-natal-7\/","title":{"rendered":"\u00c9 Natal!"},"content":{"rendered":"<p style=\"text-align: justify;\">\u00c9 Natal! Tempo de sensibilidade, de solidariedade e de caridade. Tudo \u00e9 festa do nascimento do menino Jesus: Maria, Jos\u00e9, o pres\u00e9pio, os anjos, os pastores, os tr\u00eas reis magos, a \u00e1rvore de Natal, presentes, a ceia em fam\u00edlia e as belas celebra\u00e7\u00f5es religiosas com lind\u00edssimas m\u00fasicas natalinas.<\/p>\n<p style=\"text-align: justify;\">Natal \u00e9 amor, \u00e9 luz, \u00e9 caridade, \u00e9 fam\u00edlia. Tudo isso \u00e9 centralizado em Jesus Cristo com seus amigos em festa e a participa\u00e7\u00e3o \u00e9 para todos. Jesus \u00e9 Luz e n\u00f3s somos luzes para fazer os outros felizes. O encanto de muitas luzes no tempo do santo Natal sinaliza para nossa interioridade numa configura\u00e7\u00e3o de almas iluminadas. \u00c9 aqui que entra com abissal significado o Natal em nossas vidas! Almas benditas, divinas, bondosas que vivem de fato e de verdade o glorioso Natal de amor ao pr\u00f3ximo.<\/p>\n<p style=\"text-align: justify;\"><b>Jesus nasceu na manjedoura em Bel\u00e9m e nasce em todas as nossas obras de caridades. Ele vive em nossos cora\u00e7\u00f5es pelo bem que fazemos sem distin\u00e7\u00e3o a ningu\u00e9m.<\/b><\/p>\n<p style=\"text-align: justify;\">A Sagrada Fam\u00edlia \u00e9 a grande figura do Natal. Modelo de fam\u00edlia com seus encontros, desencontros e reencontros na dimens\u00e3o do amor, da unidade e da comunh\u00e3o. Como toda fam\u00edlia tem suas alegrias e tristezas, perdas e ganhos, no entanto, a presen\u00e7a marcante da afetividade, da ternura, do carinho, da amizade, da felicidade e da uni\u00e3o comunit\u00e1ria. A mensagem da Sagrada Fam\u00edlia \u00e9 de fortaleza, de esperan\u00e7a e de vencer juntos. O nascimento de Jesus \u00e9 a vit\u00f3ria da Luz contra as trevas, do bem contra o mal, da paz contra guerra e do amor contra o \u00f3dio.<\/p>\n<p style=\"text-align: justify;\"><b>Natal \u00e9 a mais bela poesia de amor de profunda harmonia em fam\u00edlia!<\/b><\/p>\n<p style=\"text-align: justify;\"><b>Para uma profunda medita\u00e7\u00e3o: \u201cVamos Viver o Natal Todo Dia\u201d.<\/b><\/p>\n<p style=\"text-align: justify;\"><b>FELIZ NATAL E UM ABEN\u00c7OADO ANO NOVO.<\/b><\/p>\n<p style=\"text-align: justify;\"><b>S\u00e3o os votos de In\u00e1cio Jos\u00e9 do Vale<\/b><\/p>\n","protected":false},"excerpt":{"rendered":"<p>\u00c9 Natal! Tempo de sensibilidade, de solidariedade e de caridade. Tudo \u00e9 festa do nascimento do menino Jesus: Maria, Jos\u00e9, o pres\u00e9pio, os anjos, os pastores, os tr\u00eas reis magos, a \u00e1rvore de Natal, presentes, a ceia em fam\u00edlia e as belas celebra\u00e7\u00f5es religiosas com lind\u00edssimas m\u00fasicas natalinas. Natal \u00e9 amor, \u00e9 luz, \u00e9 caridade, [&hellip;]<\/p>\n","protected":false},"author":16,"featured_media":55822,"comment_status":"open","ping_status":"closed","sticky":false,"template":"","format":"standard","meta":{"footnotes":""},"categories":[9],"tags":[],"class_list":["post-56072","post","type-post","status-publish","format-standard","has-post-thumbnail","hentry","category-artigos"],"_links":{"self":[{"href":"https:\/\/catolicanet.net\/wp-cnet\/wp-json\/wp\/v2\/posts\/56072","targetHints":{"allow":["GET"]}}],"collection":[{"href":"https:\/\/catolicanet.net\/wp-cnet\/wp-json\/wp\/v2\/posts"}],"about":[{"href":"https:\/\/catolicanet.net\/wp-cnet\/wp-json\/wp\/v2\/types\/post"}],"author":[{"embeddable":true,"href":"https:\/\/catolicanet.net\/wp-cnet\/wp-json\/wp\/v2\/users\/16"}],"replies":[{"embeddable":true,"href":"https:\/\/catolicanet.net\/wp-cnet\/wp-json\/wp\/v2\/comments?post=56072"}],"version-history":[{"count":1,"href":"https:\/\/catolicanet.net\/wp-cnet\/wp-json\/wp\/v2\/posts\/56072\/revisions"}],"predecessor-version":[{"id":56073,"href":"https:\/\/catolicanet.net\/wp-cnet\/wp-json\/wp\/v2\/posts\/56072\/revisions\/56073"}],"wp:featuredmedia":[{"embeddable":true,"href":"https:\/\/catolicanet.net\/wp-cnet\/wp-json\/wp\/v2\/media\/55822"}],"wp:attachment":[{"href":"https:\/\/catolicanet.net\/wp-cnet\/wp-json\/wp\/v2\/media?parent=56072"}],"wp:term":[{"taxonomy":"category","embeddable":true,"href":"https:\/\/catolicanet.net\/wp-cnet\/wp-json\/wp\/v2\/categories?post=56072"},{"taxonomy":"post_tag","embeddable":true,"href":"https:\/\/catolicanet.net\/wp-cnet\/wp-json\/wp\/v2\/tags?post=56072"}],"curies":[{"name":"wp","href":"https:\/\/api.w.org\/{rel}","templated":true}]}}