{"id":5607,"date":"2015-03-20T03:00:00","date_gmt":"2015-03-20T06:00:00","guid":{"rendered":"http:\/\/catolicanet.net\/wp-cnet\/queremos-ver-jesus-2\/"},"modified":"2017-04-07T14:13:08","modified_gmt":"2017-04-07T17:13:08","slug":"queremos-ver-jesus-2","status":"publish","type":"post","link":"https:\/\/catolicanet.net\/wp-cnet\/queremos-ver-jesus-2\/","title":{"rendered":"Queremos ver Jesus"},"content":{"rendered":"<p style=\"text-align: justify;\">Este tema j\u00e1 foi o mesmo de uma Campanha de Evangeliza\u00e7\u00e3o em nossa Igreja no Brasil. Por\u00e9m, \u00e9 sempre atual, e talvez hoje, mais do que nunca.<br \/>Jesus estava no interior do Templo de Jerusal\u00e9m, no p\u00e1tio interno, onde nenhum pag\u00e3o podia entrar. Pois bem, dois gregos, ou seja, dois pag\u00e3os aproximaram-se de Filipe, que certamente estava na parte mais externa, no chamado P\u00e1tio dos Gentios, at\u00e9 onde qualquer pessoa podia chegar. Dois gentios, que procuravam com fervor o Deus de Israel, tanto que &#8220;tinham subido a Jerusal\u00e9m para adorar durante a festa&#8221;. Com humildade, eles pedem: &#8220;Gostar\u00edamos de ver Jesus&#8221;! Eles n\u00e3o podiam entrar no Templo, n\u00e3o poderiam ver Jesus a n\u00e3o ser que este sa\u00edsse e viesse aonde eles estavam. Filipe, ent\u00e3o, foi a Jesus e lhe relatou o pedido dos gregos. Jesus, ent\u00e3o, afirmou, de modo misterioso: &#8220;Chegou a hora em que o Filho do Homem vai ser glorificado&#8221;! \u00c9 a reflex\u00e3o que a Igreja nos prop\u00f5e neste Quinto Domingo da Quaresma (Jo 12, 2033).<br \/> Eis o an\u00fancio do mist\u00e9rio: para que os pag\u00e3os (no caso, estrangeiros) vejam Jesus, isto \u00e9, para que O contemplem com os olhos da f\u00e9, para que nele creiam e nele tenham a vida, \u00e9 necess\u00e1rio que Jesus seja glorificado pela cruz e pela ressurrei\u00e7\u00e3o! \u00c9 necess\u00e1rio que Jesus, gr\u00e3o de trigo que se faz Eucaristia, morra e d\u00ea fruto \u2013 e este fruto \u00e9 toda a humanidade, judeus e gentios que nele acreditar\u00e3o e nele ter\u00e3o a vida eterna: &#8220;Se o gr\u00e3o de trigo que cai na terra n\u00e3o morre, ele continua s\u00f3 um gr\u00e3o de trigo; mas, se morre, ent\u00e3o produz fruto&#8221;. Jesus entregar\u00e1 ao Pai a sua vida para frutificar em salva\u00e7\u00e3o para n\u00f3s, para que possamos v\u00ea-lo, contempl\u00e1-lo e experiment\u00e1-lo como nossa Luz e nossa Vida.<br \/> O Pontif\u00edcio Conselho para a Promo\u00e7\u00e3o da Nova Evangeliza\u00e7\u00e3o tem como um de seus trabalhos justamente o assim chamado \u201cP\u00e1tio dos gentios\u201d, que \u00e9 o di\u00e1logo da Igreja com os que n\u00e3o creem. Este \u00e9 um desafio hodierno: apresentar Jesus ao mundo secularizado de hoje. Seja para aqueles que O procuram, seja indo ao encontro das realidades sofridas de hoje, ou como chama o Papa Francisco, \u00e0s periferias existenciais.<br \/> Neste Evangelho (Jo 12,20-33) Jesus mostra aos que desejam v\u00ea-Lo: \u00c9 o caminho da Cruz, o caminho da obedi\u00eancia a Deus, o caminho da semente lan\u00e7ada \u00e0 terra, que n\u00e3o fica s\u00f3, mas, morrendo, produz muito fruto. \u00c9 chegada a hora de Jesus. Trata-se de sua Paix\u00e3o, Morte e Ressurrei\u00e7\u00e3o, pela qual Ele se lan\u00e7a totalmente no plano do Pai e realiza plenamente Sua vontade.<br \/> Eis um tema importante para hoje: um grupo de gregos (os estrangeiros \u00e0 ra\u00e7a judaica), que estavam em Jerusal\u00e9m para celebrar a P\u00e1scoa, pede: \u201cQueremos ver Jesus!\u201d, isto \u00e9, conhec\u00ea-Lo em profundidade. N\u00e3o se dirigem diretamente a Jesus, mas aos disc\u00edpulos. Servem-se de dois mediadores: Filipe e Andr\u00e9.<br \/> Diz Jesus: \u201cSe o gr\u00e3o, que cai na terra, morre, produzir\u00e1 muito fruto.\u201d A fecundidade da vida se manifesta na morte. Jesus vai morrer e nascer\u00e1 a Igreja. O caminho para ver Jesus \u00e9 a Cruz: \u201cQuando Eu for elevado da terra (na Cruz), atrairei todos a Mim\u201d. \u00c9 o caminho para todo o discipulado.<br \/> \u201cQueremos ver Jesus\u201d! Esse pedido dos gregos \u00e9 uma linda proposta de vida para todos n\u00f3s. \u00c9 anseio de todos n\u00f3s. Todos queremos ver Jesus! O Doc. de Aparecida nos lembra que \u201co in\u00edcio do Cristianismo \u00e9 um encontro de f\u00e9 com a pessoa de Jesus Cristo\u201d (DA 243). E \u201ca pr\u00f3pria natureza do cristianismo consiste em reconhecer a presen\u00e7a de Jesus Cristo e segui-Lo\u201d (244). Seguir Cristo: este \u00e9 o segredo! Acompanh\u00e1-Lo t\u00e3o de perto que vivamos com Ele, como os primeiros Doze; t\u00e3o de perto, que com Ele nos identifiquemos: se n\u00e3o colocarmos obst\u00e1culos \u00e0 gra\u00e7a, n\u00e3o tardaremos a afirmar que nos revestimos de Nosso Senhor Jesus Cristo (Rm 13,14).<br \/> Ao ser pregado na Cruz, Jesus \u00e9 o sinal supremo de contradi\u00e7\u00e3o para todos os homens! \u201cCristo, Senhor Nosso, foi crucificado e, do alto da Cruz, redimiu o mundo, restabelecendo a paz entre Deus e os homens. Jesus Cristo lembra a todos: \u201cquando Eu for elevado da terra, atrairei todos a Mim\u201d (Jo 12,32), se v\u00f3s Me puserdes no cume de todas as atividades da terra, cumprindo o dever de cada momento, sendo Meu testemunho naquilo que parece grande e naquilo que parece pequeno, tudo atrairei a Mim. O Meu reino entre v\u00f3s ser\u00e1 uma realidade\u201d (Cristo que Passa, 183). Cada crist\u00e3o seguindo Cristo h\u00e1 de ser uma bandeira hasteada, uma luz colocada no candeeiro: bem unido pela ora\u00e7\u00e3o e mortifica\u00e7\u00e3o \u00e0 Cruz, em cada momento e circunst\u00e2ncia da vida, h\u00e1 de manifestar aos homens o amor salvador de Deus Pai.<br \/> Os gregos quiseram ver Jesus! Encontraram Filipe e Andr\u00e9 que os conduziram ao Mestre. Tendo-O encontrado e acreditado n\u00b4Ele, Filipe e Andr\u00e9 guiam outras pessoas para verem Jesus. \u00c9 a voca\u00e7\u00e3o de todos os que queiram seguir a Cristo. Tendo visto Jesus, tendo feito a experi\u00eancia de Deus em sua vida, tendo se transformado em semente lan\u00e7ada \u00e0 terra, os crist\u00e3os s\u00e3o chamados a conduzirem outras pessoas a Jesus para O verem, para O seguirem, para viverem de Sua vida. Vendo Jesus nos crist\u00e3os, essas pessoas tamb\u00e9m crer\u00e3o e ter\u00e3o vida em abund\u00e2ncia.<\/p>\n","protected":false},"excerpt":{"rendered":"<p>Este tema j\u00e1 foi o mesmo de uma Campanha de Evangeliza\u00e7\u00e3o em nossa Igreja no Brasil. Por\u00e9m, \u00e9 sempre atual, e talvez hoje, mais do que nunca.Jesus estava no interior do Templo de Jerusal\u00e9m, no p\u00e1tio interno, onde nenhum pag\u00e3o podia entrar. Pois bem, dois gregos, ou seja, dois pag\u00e3os aproximaram-se de Filipe, que certamente [&hellip;]<\/p>\n","protected":false},"author":5,"featured_media":0,"comment_status":"closed","ping_status":"closed","sticky":false,"template":"","format":"standard","meta":{"footnotes":""},"categories":[9],"tags":[],"class_list":["post-5607","post","type-post","status-publish","format-standard","hentry","category-artigos"],"_links":{"self":[{"href":"https:\/\/catolicanet.net\/wp-cnet\/wp-json\/wp\/v2\/posts\/5607","targetHints":{"allow":["GET"]}}],"collection":[{"href":"https:\/\/catolicanet.net\/wp-cnet\/wp-json\/wp\/v2\/posts"}],"about":[{"href":"https:\/\/catolicanet.net\/wp-cnet\/wp-json\/wp\/v2\/types\/post"}],"author":[{"embeddable":true,"href":"https:\/\/catolicanet.net\/wp-cnet\/wp-json\/wp\/v2\/users\/5"}],"replies":[{"embeddable":true,"href":"https:\/\/catolicanet.net\/wp-cnet\/wp-json\/wp\/v2\/comments?post=5607"}],"version-history":[{"count":1,"href":"https:\/\/catolicanet.net\/wp-cnet\/wp-json\/wp\/v2\/posts\/5607\/revisions"}],"predecessor-version":[{"id":10503,"href":"https:\/\/catolicanet.net\/wp-cnet\/wp-json\/wp\/v2\/posts\/5607\/revisions\/10503"}],"wp:attachment":[{"href":"https:\/\/catolicanet.net\/wp-cnet\/wp-json\/wp\/v2\/media?parent=5607"}],"wp:term":[{"taxonomy":"category","embeddable":true,"href":"https:\/\/catolicanet.net\/wp-cnet\/wp-json\/wp\/v2\/categories?post=5607"},{"taxonomy":"post_tag","embeddable":true,"href":"https:\/\/catolicanet.net\/wp-cnet\/wp-json\/wp\/v2\/tags?post=5607"}],"curies":[{"name":"wp","href":"https:\/\/api.w.org\/{rel}","templated":true}]}}