{"id":56066,"date":"2020-01-02T09:10:21","date_gmt":"2020-01-02T12:10:21","guid":{"rendered":"https:\/\/catolicanet.net\/wp-cnet\/?p=56066"},"modified":"2020-01-02T09:10:21","modified_gmt":"2020-01-02T12:10:21","slug":"oracao-por-um-bom-comeco-para-o-ano-2020","status":"publish","type":"post","link":"https:\/\/catolicanet.net\/wp-cnet\/oracao-por-um-bom-comeco-para-o-ano-2020\/","title":{"rendered":"Ora\u00e7\u00e3o por um bom come\u00e7o para o ano 2020"},"content":{"rendered":"<h2 class=\"subtitle\">Feliz e santo ano! Neste primeiro de Janeiro, comecemos por nos colocarmos sob o olhar de Deus, rezando uma ora\u00e7\u00e3o familiar<\/h2>\n<div class=\"base-post-content\" style=\"text-align: justify;\">Assim como toda a\u00e7\u00e3o deve come\u00e7ar com uma ora\u00e7\u00e3o, um novo ano tamb\u00e9m deve come\u00e7ar com o louvor a Deus. Aqui est\u00e1 uma ora\u00e7\u00e3o muito \u201ccolorida\u201d do Padre Gaston Lecleir. Ordenado sacerdote em 1952, participou na anima\u00e7\u00e3o de v\u00e1rias comunidades paroquiais em Bruxelas.&nbsp;<\/p>\n<blockquote><p>Senhor, tu me ofereces este Ano Novo.<\/p>\n<p>como um vitral a ser montado<\/p>\n<p>com as 365 pe\u00e7as de todas as cores<\/p>\n<p>que representam os dias da minha vida.<\/p>\n<p>Vou lhe meter o vermelho do meu amor e do meu entusiasmo,<\/p>\n<p>o roxo das minhas tristezas e dos meus lutos,<\/p>\n<p>o verde das minhas esperan\u00e7as e o rosa dos meus sonhos,<\/p>\n<p>o azul ou cinzento dos meus compromissos ou lutas,<\/p>\n<p>o amarelo e o ouro das minhas colheitas\u2026<\/p>\n<p>Eu vou reservar o branco para os dias normais<\/p>\n<p>e preto para quando estiveres ausente.<\/p>\n<p>Vou cimentar tudo junto com a ora\u00e7\u00e3o da minha f\u00e9<\/p>\n<p>e pela minha confian\u00e7a serena em ti.<\/p>\n<p>Senhor, eu s\u00f3 te pe\u00e7o que esclare\u00e7as, a partir de dentro,<\/p>\n<p>este vitral da minha vida com a luz da tua presen\u00e7a e com o fogo do teu Esp\u00edrito de vida.<\/p>\n<p>Assim, por transpar\u00eancia, aqueles que vou conhecer este ano,<\/p>\n<p>descubra o rosto do teu amado Filho Jesus Cristo, Nosso Senhor.<\/p>\n<p>&nbsp;<\/p>\n<p>Am\u00e9m<\/p><\/blockquote>\n<\/div>\n","protected":false},"excerpt":{"rendered":"<p>Feliz e santo ano! Neste primeiro de Janeiro, comecemos por nos colocarmos sob o olhar de Deus, rezando uma ora\u00e7\u00e3o familiar Assim como toda a\u00e7\u00e3o deve come\u00e7ar com uma ora\u00e7\u00e3o, um novo ano tamb\u00e9m deve come\u00e7ar com o louvor a Deus. Aqui est\u00e1 uma ora\u00e7\u00e3o muito \u201ccolorida\u201d do Padre Gaston Lecleir. Ordenado sacerdote em 1952, [&hellip;]<\/p>\n","protected":false},"author":1,"featured_media":56067,"comment_status":"open","ping_status":"closed","sticky":false,"template":"","format":"standard","meta":{"footnotes":""},"categories":[4,13],"tags":[],"class_list":["post-56066","post","type-post","status-publish","format-standard","has-post-thumbnail","hentry","category-cotidiano","category-featured"],"_links":{"self":[{"href":"https:\/\/catolicanet.net\/wp-cnet\/wp-json\/wp\/v2\/posts\/56066","targetHints":{"allow":["GET"]}}],"collection":[{"href":"https:\/\/catolicanet.net\/wp-cnet\/wp-json\/wp\/v2\/posts"}],"about":[{"href":"https:\/\/catolicanet.net\/wp-cnet\/wp-json\/wp\/v2\/types\/post"}],"author":[{"embeddable":true,"href":"https:\/\/catolicanet.net\/wp-cnet\/wp-json\/wp\/v2\/users\/1"}],"replies":[{"embeddable":true,"href":"https:\/\/catolicanet.net\/wp-cnet\/wp-json\/wp\/v2\/comments?post=56066"}],"version-history":[{"count":1,"href":"https:\/\/catolicanet.net\/wp-cnet\/wp-json\/wp\/v2\/posts\/56066\/revisions"}],"predecessor-version":[{"id":56068,"href":"https:\/\/catolicanet.net\/wp-cnet\/wp-json\/wp\/v2\/posts\/56066\/revisions\/56068"}],"wp:featuredmedia":[{"embeddable":true,"href":"https:\/\/catolicanet.net\/wp-cnet\/wp-json\/wp\/v2\/media\/56067"}],"wp:attachment":[{"href":"https:\/\/catolicanet.net\/wp-cnet\/wp-json\/wp\/v2\/media?parent=56066"}],"wp:term":[{"taxonomy":"category","embeddable":true,"href":"https:\/\/catolicanet.net\/wp-cnet\/wp-json\/wp\/v2\/categories?post=56066"},{"taxonomy":"post_tag","embeddable":true,"href":"https:\/\/catolicanet.net\/wp-cnet\/wp-json\/wp\/v2\/tags?post=56066"}],"curies":[{"name":"wp","href":"https:\/\/api.w.org\/{rel}","templated":true}]}}