{"id":56030,"date":"2019-12-23T09:37:38","date_gmt":"2019-12-23T12:37:38","guid":{"rendered":"https:\/\/catolicanet.net\/wp-cnet\/?p=56030"},"modified":"2019-12-23T09:37:38","modified_gmt":"2019-12-23T12:37:38","slug":"o-verbo-se-fez-carne-e-habitou-entre-nos","status":"publish","type":"post","link":"https:\/\/catolicanet.net\/wp-cnet\/o-verbo-se-fez-carne-e-habitou-entre-nos\/","title":{"rendered":"O VERBO SE FEZ CARNE E HABITOU ENTRE N\u00d3S"},"content":{"rendered":"<p style=\"text-align: justify;\"><span style=\"font-weight: 400;\">Este \u00e9 o maravilhoso acontecimento que a cristandade em festa jubilosamente comemora. Nasceu entre n\u00f3s o pr\u00f3prio Filho de Deus. O nascimento do Senhor Jesus proporciona o jubilo de todo natal\u00edcio por se tratar de uma nova vida que surge. Em se tratando do natal do Redentor da humanidade este gaudio \u00e9 ainda mais intenso e expressivo, porque veio a esta terra o Pr\u00edncipe da Paz, o Deus-Forte, o Unig\u00eanito do Pai, a Luz verdadeira que ilumina toda a trajet\u00f3ria humana. Ele abriu as portas da eternidade feliz para todos que O acatarem e seguirem. Trata-se de uma novidade inaugurada na hist\u00f3ria, mas novidade definitiva, dado que aquela crian\u00e7a nascida em Bel\u00e9m \u00e9 a verdade absoluta e a salva\u00e7\u00e3o perene. O pr\u00f3prio Jesus explicou a raz\u00e3o de ser de sua vinda entre os homens \u201cEu vim para que todos tenham vida e a tenham em abund\u00e2ncia\u201d (Jo 10,10). Isto seria a prova definitiva do imenso amor que o Deus Todo-poderoso devota a suas criaturas. Como, por\u00e9m, o nascimento provoca encontros beatificantes, embora nascendo na pobreza de uma manjedoura, em torno do Menino Deus estavam exultantes n\u00e3o apenas seus pais Jos\u00e9 e Maria, mas tamb\u00e9m anjos do c\u00e9u a proclamarem a gl\u00f3ria divina, pastores jubilosos da redondeza e, depois, at\u00e9 Magos vindos do Oriente. \u00c9 que sua luz atravessaria as fronteiras religiosas e sociais e, atrav\u00e9s dos s\u00e9culos todos deveriam se pronunciar acatando-o, se transformando, ou desprezando-o e se imergindo definitivamente nas trevas do erro. Com efeito, felizes seriam os que o recebessem, pois Ele veio quebrar todas as falsas imagens de Deus. Quem tivesse a felicidade de acolh\u00ea-lo n\u00e3o diria nunca que Deus n\u00e3o o ama que Deus est\u00e1 ausente de sua vida por ser Ele um Ser long\u00ednquo. Raz\u00e3o teve Santa Terezinha de Lisieux ao escrever: \u201cEu n\u00e3o posso temer um Deus que se fez por mim t\u00e3o pequenino, Eu o amo porque Ele n\u00e3o \u00e9 sen\u00e3o amor e miseric\u00f3rdia\u201d. A ternura divina \u00e9 a chave do mist\u00e9rio do Natal. Sua mensagem \u00e9 um convite para que cada um se deixe tocar pela gra\u00e7a de Deus. O Menino Jesus estende sua m\u00e3o a todos de boa vontade para que todos experimentem que sua miseric\u00f3rdia \u00e9 infinita. A vida do crist\u00e3o deve ser um cont\u00ednuo renascimento para receber a vida de Deus oferecida por Jesus. Ele \u00e9 a imagem do Deus invis\u00edvel, como proclamou S\u00e3o Paulo aos colossenses (Col 1,15). Ali\u00e1s, Jesus mesmo dir\u00e1: \u201cQuem me viu, viu o Pai\u201d (&#8230;) Eu e o Pai somos um\u201d (Jo 10,30). Eis porque Ele p\u00f4de tamb\u00e9m declarar: <\/span><span style=\"font-weight: 400;\">\u201cEu vim ao mundo como luz, para que todo aquele que cr\u00ea em mim n\u00e3o permane\u00e7a nas trevas\u201d. (Jo 12.46). Trata-se de uma luz que deve atingir o mais profundo do ser humano, podendo ent\u00e3o se dizer do verdadeiro crist\u00e3o que ele \u00e9 luc\u00edfero, portador da luz que \u00e9 o pr\u00f3prio Deus. Donde fulgir no Natal uma profunda paz, aquela que jorra de Deus e n\u00e3o est\u00e1 sujeita ao fr\u00e1gil equil\u00edbrio das for\u00e7as humanas. De fato, foi na noite de Bel\u00e9m que a luz da esperan\u00e7a e da vida se levantou sobre a terra. Um Salvador nasceu para todos os homens. Seu esplendor brilha nas trevas e as trevas n\u00e3o o ofuscaram, porque a luz de Cristo passa atrav\u00e9s da hist\u00f3ria, n\u00e3o obstante a nega\u00e7\u00e3o daqueles que o contradizem com suas m\u00e1s a\u00e7\u00f5es. Ela continuar\u00e1 sempre vivificando todos aqueles que lhe abrem o cora\u00e7\u00e3o. Aos que recusam a Deus com suas inconsequ\u00eancias, feridos pelo materialismo ou imersos na deprava\u00e7\u00e3o dos v\u00edcios, o Ser Todo-poderoso estar\u00e1 sempre apresentando o Verbo, a Palavra que d\u00e1 sentido a tudo e que a todos pode salvar. Para acolher este seu amor \u00e9 preciso escutar sua voz e se despojar dos erros e ser humilde. O nascimento de Jesus revela o oposto dos crit\u00e9rios terrenos. Por isto \u00e9 preciso ano a ano penetrar no mist\u00e9rio do Natal e aprofundar as mensagens que fluem de um pres\u00e9pio, mensagem de um amor de Deus que quer a felicidade daqueles que t\u00eam a ventura de viver intensamente o significado da encarna\u00e7\u00e3o do Verbo divino que habitou entre n\u00f3s. Ele vem a cada um de n\u00f3s para uma obra revigorada de miseric\u00f3rdia, de cura e de perd\u00e3o. Trata-se de um convite para uma renova\u00e7\u00e3o de cada um, seja qual for o est\u00e1gio espiritual no qual se encontre. Natal nos convida, como outrora a Jos\u00e9 e Maria, aos pastores e aos magos, a nos engajar em uma aventura espiritual ainda mais prof\u00edcua, a\u00a0 um encontro especial com o Filho de Deus que se fez carne e habitou entre n\u00f3s<i>.<\/i><\/span><\/p>\n","protected":false},"excerpt":{"rendered":"<p>Este \u00e9 o maravilhoso acontecimento que a cristandade em festa jubilosamente comemora. Nasceu entre n\u00f3s o pr\u00f3prio Filho de Deus. O nascimento do Senhor Jesus proporciona o jubilo de todo natal\u00edcio por se tratar de uma nova vida que surge. Em se tratando do natal do Redentor da humanidade este gaudio \u00e9 ainda mais intenso [&hellip;]<\/p>\n","protected":false},"author":7,"featured_media":55813,"comment_status":"open","ping_status":"closed","sticky":false,"template":"","format":"standard","meta":{"footnotes":""},"categories":[9],"tags":[],"class_list":["post-56030","post","type-post","status-publish","format-standard","has-post-thumbnail","hentry","category-artigos"],"_links":{"self":[{"href":"https:\/\/catolicanet.net\/wp-cnet\/wp-json\/wp\/v2\/posts\/56030","targetHints":{"allow":["GET"]}}],"collection":[{"href":"https:\/\/catolicanet.net\/wp-cnet\/wp-json\/wp\/v2\/posts"}],"about":[{"href":"https:\/\/catolicanet.net\/wp-cnet\/wp-json\/wp\/v2\/types\/post"}],"author":[{"embeddable":true,"href":"https:\/\/catolicanet.net\/wp-cnet\/wp-json\/wp\/v2\/users\/7"}],"replies":[{"embeddable":true,"href":"https:\/\/catolicanet.net\/wp-cnet\/wp-json\/wp\/v2\/comments?post=56030"}],"version-history":[{"count":1,"href":"https:\/\/catolicanet.net\/wp-cnet\/wp-json\/wp\/v2\/posts\/56030\/revisions"}],"predecessor-version":[{"id":56031,"href":"https:\/\/catolicanet.net\/wp-cnet\/wp-json\/wp\/v2\/posts\/56030\/revisions\/56031"}],"wp:featuredmedia":[{"embeddable":true,"href":"https:\/\/catolicanet.net\/wp-cnet\/wp-json\/wp\/v2\/media\/55813"}],"wp:attachment":[{"href":"https:\/\/catolicanet.net\/wp-cnet\/wp-json\/wp\/v2\/media?parent=56030"}],"wp:term":[{"taxonomy":"category","embeddable":true,"href":"https:\/\/catolicanet.net\/wp-cnet\/wp-json\/wp\/v2\/categories?post=56030"},{"taxonomy":"post_tag","embeddable":true,"href":"https:\/\/catolicanet.net\/wp-cnet\/wp-json\/wp\/v2\/tags?post=56030"}],"curies":[{"name":"wp","href":"https:\/\/api.w.org\/{rel}","templated":true}]}}