{"id":56007,"date":"2019-12-25T10:00:10","date_gmt":"2019-12-25T13:00:10","guid":{"rendered":"https:\/\/catolicanet.net\/wp-cnet\/?p=56007"},"modified":"2019-12-20T14:35:51","modified_gmt":"2019-12-20T17:35:51","slug":"a-incrivel-visao-de-santa-faustina-com-o-menino-jesus-em-seus-bracos","status":"publish","type":"post","link":"https:\/\/catolicanet.net\/wp-cnet\/a-incrivel-visao-de-santa-faustina-com-o-menino-jesus-em-seus-bracos\/","title":{"rendered":"A incr\u00edvel vis\u00e3o de Santa Faustina com o Menino Jesus em seus bra\u00e7os"},"content":{"rendered":"<h2 class=\"subtitle\" style=\"text-align: justify;\">Jesus pediu que Santa Faustina o pegasse no colo e ensinou algo important\u00edssimo para ela<\/h2>\n<div class=\"base-post-content\">Santa Faustina \u00e9 bem conhecida por sua vis\u00e3o de Jesus, quando ele aparece na imagem da \u201cDivina Miseric\u00f3rdia\u201d, que mostra Jesus ressuscitado com os bra\u00e7os estendidos e raios de sangue e \u00e1gua derramando do seu lado.<\/p>\n<p style=\"text-align: justify;\">No entanto, ela tamb\u00e9m teve v\u00e1rias vis\u00f5es do Menino Jesus e tinha uma forte devo\u00e7\u00e3o a Jesus em sua idade infantil. Essas vis\u00f5es ensinaram-na a virtude da inf\u00e2ncia espiritual, ajudando a manter seu cora\u00e7\u00e3o puro e simples aos olhos de Deus.<\/p>\n<p style=\"text-align: justify;\">Ela registra em seu di\u00e1rio que o Menino Jesus apareceu para ela e lhe pediu que \u00a0o pegasse e o segurasse com for\u00e7a:<\/p>\n<blockquote><p><em>\u00a0Ele parecia ter cerca de um ano e me pediu para lev\u00e1-lo em meus bra\u00e7os. Quando eu o peguei em meus bra\u00e7os, ele se aconchegou perto do meu peito e disse: \u201c\u00c9 bom para mim estar perto do seu cora\u00e7\u00e3o. \u2026 Porque eu quero lhe ensinar a inf\u00e2ncia espiritual. Quero que voc\u00ea seja muito pequena, porque quando voc\u00ea \u00e9 pequena, eu a carrego para perto do Meu Cora\u00e7\u00e3o, assim como voc\u00ea est\u00e1 me segurando perto do seu cora\u00e7\u00e3o agora.<\/em><\/p><\/blockquote>\n<p style=\"text-align: justify;\">Voc\u00ea pode imaginar essa cena em sua vida?<\/p>\n<p style=\"text-align: justify;\">Fa\u00e7a uma pausa por alguns momentos e feche os olhos. Veja o Menino Jesus ao seu lado, estendendo os bra\u00e7os em sua dire\u00e7\u00e3o, de uma maneira que Ele lhe pe\u00e7a para peg\u00e1-lo. Agora, abrace Jesus perto do seu cora\u00e7\u00e3o e deixe-o descansar por um tempo.<\/p>\n<p style=\"text-align: justify;\">Este exerc\u00edcio espiritual \u00e9 uma maneira perfeita de entrar no Natal e tamb\u00e9m come\u00e7ar a aprender os caminhos da inf\u00e2ncia espiritual.<\/p>\n<div class=\"nativo-inread\" style=\"text-align: justify;\"><\/div>\n<p style=\"text-align: justify;\">Jesus disse aos seus disc\u00edpulos: \u201cEm verdade vos declaro: se n\u00e3o vos transformardes e vos tornardes como criancinhas, n\u00e3o entrareis no Reino dos C\u00e9us\u201d (<small><cite><\/cite><\/small>Mateus 18, 3).<\/p>\n<p style=\"text-align: justify;\">O que Jesus est\u00e1 dizendo \u00e9 que precisamos nos tornar \u201cpequenos\u201d e inocentes, como uma crian\u00e7a. Al\u00e9m disso, as crian\u00e7as naturalmente confiam em seus pais e tamb\u00e9m precisamos confiar em Deus de maneira semelhante.<\/p>\n<p style=\"text-align: justify;\">O Menino Jesus surpreendentemente tem muito a nos ensinar sobre o verdadeiro discipulado. Aconchegue-o perto do seu cora\u00e7\u00e3o neste Natal para que ele, por sua vez, mantenha voc\u00ea perto do cora\u00e7\u00e3o dele.<\/p>\n<\/div>\n","protected":false},"excerpt":{"rendered":"<p>Jesus pediu que Santa Faustina o pegasse no colo e ensinou algo important\u00edssimo para ela Santa Faustina \u00e9 bem conhecida por sua vis\u00e3o de Jesus, quando ele aparece na imagem da \u201cDivina Miseric\u00f3rdia\u201d, que mostra Jesus ressuscitado com os bra\u00e7os estendidos e raios de sangue e \u00e1gua derramando do seu lado. No entanto, ela tamb\u00e9m [&hellip;]<\/p>\n","protected":false},"author":1,"featured_media":56008,"comment_status":"open","ping_status":"closed","sticky":false,"template":"","format":"standard","meta":{"footnotes":""},"categories":[4,13],"tags":[],"class_list":["post-56007","post","type-post","status-publish","format-standard","has-post-thumbnail","hentry","category-cotidiano","category-featured"],"_links":{"self":[{"href":"https:\/\/catolicanet.net\/wp-cnet\/wp-json\/wp\/v2\/posts\/56007","targetHints":{"allow":["GET"]}}],"collection":[{"href":"https:\/\/catolicanet.net\/wp-cnet\/wp-json\/wp\/v2\/posts"}],"about":[{"href":"https:\/\/catolicanet.net\/wp-cnet\/wp-json\/wp\/v2\/types\/post"}],"author":[{"embeddable":true,"href":"https:\/\/catolicanet.net\/wp-cnet\/wp-json\/wp\/v2\/users\/1"}],"replies":[{"embeddable":true,"href":"https:\/\/catolicanet.net\/wp-cnet\/wp-json\/wp\/v2\/comments?post=56007"}],"version-history":[{"count":1,"href":"https:\/\/catolicanet.net\/wp-cnet\/wp-json\/wp\/v2\/posts\/56007\/revisions"}],"predecessor-version":[{"id":56009,"href":"https:\/\/catolicanet.net\/wp-cnet\/wp-json\/wp\/v2\/posts\/56007\/revisions\/56009"}],"wp:featuredmedia":[{"embeddable":true,"href":"https:\/\/catolicanet.net\/wp-cnet\/wp-json\/wp\/v2\/media\/56008"}],"wp:attachment":[{"href":"https:\/\/catolicanet.net\/wp-cnet\/wp-json\/wp\/v2\/media?parent=56007"}],"wp:term":[{"taxonomy":"category","embeddable":true,"href":"https:\/\/catolicanet.net\/wp-cnet\/wp-json\/wp\/v2\/categories?post=56007"},{"taxonomy":"post_tag","embeddable":true,"href":"https:\/\/catolicanet.net\/wp-cnet\/wp-json\/wp\/v2\/tags?post=56007"}],"curies":[{"name":"wp","href":"https:\/\/api.w.org\/{rel}","templated":true}]}}