{"id":55983,"date":"2019-12-23T11:30:08","date_gmt":"2019-12-23T14:30:08","guid":{"rendered":"https:\/\/catolicanet.net\/wp-cnet\/?p=55983"},"modified":"2019-12-19T16:39:30","modified_gmt":"2019-12-19T19:39:30","slug":"advento-duracao-e-ritual","status":"publish","type":"post","link":"https:\/\/catolicanet.net\/wp-cnet\/advento-duracao-e-ritual\/","title":{"rendered":"Advento: Dura\u00e7\u00e3o e Ritual"},"content":{"rendered":"<p style=\"text-align: justify;\">O <b>tempo do Advento<\/b> \u00e9, para toda a Igreja, <b>momento de mergulhar na liturgia e na m\u00edstica crist\u00e3.<\/b> Denominamos de <b>Advento <\/b>o tempo correspondente aos <b>4 domingos e \u00e0s 4 semanas antes do Natal.<\/b>\u00a0Este tempo pode ser de <b>22 a 28 dias<\/b>, <b>dependendo do ano e, consequentemente, do dia da semana em que cai o 25 de dezembro<\/b>. Muitas tradi\u00e7\u00f5es e conte\u00fados est\u00e3o relacionados com esse tempo.<\/p>\n<p style=\"text-align: justify;\"><strong>In\u00edcio do Ano Lit\u00fargico<\/strong>:\u00a0Para a Igreja Cat\u00f3lica, no Advento <b>inicia-se o novo ano<\/b>. O primeiro Domingo de Advento \u00e9 o in\u00edcio do calend\u00e1rio lit\u00fargico da Igreja que organiza e determina as comemora\u00e7\u00f5es, as celebra\u00e7\u00f5es e os principais conte\u00fados da vida comunit\u00e1ria dos cat\u00f3licos; por exemplo: Advento, Natal, Epifania, Paix\u00e3o, P\u00e1scoa, Ascens\u00e3o, Pentecostes, Trindade, A\u00e7\u00e3o de Gra\u00e7as, Reforma, Eternidade.<\/p>\n<p style=\"text-align: justify;\"><strong>Espera e Vig\u00edlia<\/strong>:\u00a0Advento significa &#8220;vinda&#8221;, &#8220;chegada&#8221;. Est\u00e1 relacionado \u00e0 chegada de Deus ao mundo. Tempo determinado para a prepara\u00e7\u00e3o da festa do nascimento de Jesus.<\/p>\n<p style=\"text-align: justify;\">Ao mesmo tempo, esta<b> &#8220;espera&#8221;<\/b> recebe os <b>tra\u00e7os lit\u00fargicos e de comportamento<\/b> pr\u00f3prios de uma <b>&#8220;vig\u00edlia&#8221;<\/b>, a partir do impacto da expectativa das comunidades cat\u00f3licas (venha o teu reino) relacionada \u00e0 <b>nova vinda de Cristo<\/b>, \u00e0 chegada do &#8220;novo C\u00e9u e a nova terra&#8221;.<\/p>\n<p style=\"text-align: justify;\">Temos, nesta \u00e9poca, <b>conte\u00fados de f\u00e9 e tradi\u00e7\u00f5es cat\u00f3licas que promovem a alegria<\/b>, causada pelas d\u00e1divas de Deus relacionadas ao nascimento de Jesus e pela expectativa de uma<b> a\u00e7\u00e3o salvadora plena<\/b>, que ainda vai chegar, neste caso, uma <b>antecipa\u00e7\u00e3o da grande alegria vindoura<\/b>.<\/p>\n<p style=\"text-align: justify;\"><strong>A Coroa do Advento<\/strong><\/p>\n<div class=\"image\" style=\"text-align: justify;\" contenteditable=\"false\"><span class=\"image__credit\">Shutterstock. <\/span><br \/>\n<img decoding=\"async\" title=\"Shutterstock. \" src=\"https:\/\/www.a12.com\/source\/files\/originals\/shutterstock_advento-646881.jpg\" alt=\"Shutterstock. \" data-id=\"179641\" \/><\/div>\n<div style=\"text-align: justify;\"><b>\u00a0<\/b><\/div>\n<p style=\"text-align: justify;\">A <b>coroa de Advento<\/b> \u00e9 feita com <b>ramos verdes<\/b>, geralmente envolvida por uma <b>fita vermelha<\/b> e nela <b>4 velas<\/b> s\u00e3o afixadas. Ela simboliza e comunica que, naquela Igreja, casa, escrit\u00f3rio ou qualquer espa\u00e7o em que ela esteja, vivem <b>pessoas que se preparam com alegria para celebrar a vinda de Deus ao mundo, o Natal.<\/b><\/p>\n<p style=\"text-align: justify;\"><strong>O c\u00edrculo da coroa<\/strong>:\u00a0Simboliza<b> a nova alian\u00e7a de Deus com a humanidade<\/b>. Esta nova alian\u00e7a \u00e9 celebrada no <b>sacramento da Santa Ceia<\/b>. Ao c\u00edrculo da coroa, pode ser relacionada tamb\u00e9m a <b>coroa de espinhos<\/b> colocada na cabe\u00e7a de Jesus naquela semana em que foi crucificado; <b>a nova alian\u00e7a foi feita pelo Jesus negado e rejeitado<\/b>, com humildade e doa\u00e7\u00e3o.<\/p>\n<p style=\"text-align: justify;\"><strong>Os ramos verdes<\/strong>: Os ramos, mesmo cortados,\u00a0<b>permanecem verdes<\/b> por semanas: comunicam a <b>esperan\u00e7a<\/b>, uma esperan\u00e7a que leva a perseveran\u00e7a, uma entrega total da vida a Deus.<\/p>\n<p style=\"text-align: justify;\"><strong>A fita vermelha<\/strong>:\u00a0A cor vermelha na tradi\u00e7\u00e3o lit\u00fargica est\u00e1 ligada \u00e0 <b>cor do fogo e do sangue<\/b>. Simboliza a <b>cor da vida, do amor<\/b> e, ao mesmo, de um <b>tempo do derramamento do sangue, sacrif\u00edcio. <\/b>A nova alian\u00e7a de Deus com a humanidade foi feita com amor, doa\u00e7\u00e3o, sacrif\u00edcio e trouxe a vida plena e eterna.<\/p>\n<p style=\"text-align: justify;\"><strong>As quatro velas<\/strong><\/p>\n<div class=\"image\" style=\"text-align: justify;\" contenteditable=\"false\"><span class=\"image__credit\">Shutterstock<\/span><br \/>\n<img decoding=\"async\" title=\"Shutterstock\" src=\"https:\/\/www.a12.com\/source\/files\/originals\/advento-301774.jpg\" alt=\"Shutterstock\" data-id=\"227043\" \/><\/div>\n<p style=\"text-align: justify;\"><b><br \/>\nUma vela para cada domingo que antecede ao dia 25 de dezembro<\/b>. Alguns registros hist\u00f3ricos contam que <b>a coroa de Advento surgiu em uma institui\u00e7\u00e3o que abrigava crian\u00e7as pobres<\/b>. Inicialmente, ela continha entre 22 a 28 velas, <b>uma para cada dia do tempo de advento<\/b>. Devido aos <b>custos<\/b>, diminuiu-se o n\u00famero de velas.<\/p>\n<p style=\"text-align: justify;\"><b>As velas da coroa s\u00e3o acesas <\/b>(a cada domingo mais uma), para iluminar a <b>vig\u00edlia do Advento<\/b>, a prepara\u00e7\u00e3o para a vinda da luz ao mundo. Simboliza que <b>Jesus Cristo \u00e9 a luz do mundo<\/b>. Comunica a alegria da vida que procede de Deus, aquela que vai al\u00e9m dos limites que a vida no mundo imp\u00f5e.<\/p>\n","protected":false},"excerpt":{"rendered":"<p>O tempo do Advento \u00e9, para toda a Igreja, momento de mergulhar na liturgia e na m\u00edstica crist\u00e3. Denominamos de Advento o tempo correspondente aos 4 domingos e \u00e0s 4 semanas antes do Natal.\u00a0Este tempo pode ser de 22 a 28 dias, dependendo do ano e, consequentemente, do dia da semana em que cai o [&hellip;]<\/p>\n","protected":false},"author":1,"featured_media":55986,"comment_status":"open","ping_status":"closed","sticky":false,"template":"","format":"standard","meta":{"footnotes":""},"categories":[4,13],"tags":[],"class_list":["post-55983","post","type-post","status-publish","format-standard","has-post-thumbnail","hentry","category-cotidiano","category-featured"],"_links":{"self":[{"href":"https:\/\/catolicanet.net\/wp-cnet\/wp-json\/wp\/v2\/posts\/55983","targetHints":{"allow":["GET"]}}],"collection":[{"href":"https:\/\/catolicanet.net\/wp-cnet\/wp-json\/wp\/v2\/posts"}],"about":[{"href":"https:\/\/catolicanet.net\/wp-cnet\/wp-json\/wp\/v2\/types\/post"}],"author":[{"embeddable":true,"href":"https:\/\/catolicanet.net\/wp-cnet\/wp-json\/wp\/v2\/users\/1"}],"replies":[{"embeddable":true,"href":"https:\/\/catolicanet.net\/wp-cnet\/wp-json\/wp\/v2\/comments?post=55983"}],"version-history":[{"count":1,"href":"https:\/\/catolicanet.net\/wp-cnet\/wp-json\/wp\/v2\/posts\/55983\/revisions"}],"predecessor-version":[{"id":55984,"href":"https:\/\/catolicanet.net\/wp-cnet\/wp-json\/wp\/v2\/posts\/55983\/revisions\/55984"}],"wp:featuredmedia":[{"embeddable":true,"href":"https:\/\/catolicanet.net\/wp-cnet\/wp-json\/wp\/v2\/media\/55986"}],"wp:attachment":[{"href":"https:\/\/catolicanet.net\/wp-cnet\/wp-json\/wp\/v2\/media?parent=55983"}],"wp:term":[{"taxonomy":"category","embeddable":true,"href":"https:\/\/catolicanet.net\/wp-cnet\/wp-json\/wp\/v2\/categories?post=55983"},{"taxonomy":"post_tag","embeddable":true,"href":"https:\/\/catolicanet.net\/wp-cnet\/wp-json\/wp\/v2\/tags?post=55983"}],"curies":[{"name":"wp","href":"https:\/\/api.w.org\/{rel}","templated":true}]}}