{"id":55974,"date":"2019-12-19T15:35:59","date_gmt":"2019-12-19T18:35:59","guid":{"rendered":"https:\/\/catolicanet.net\/wp-cnet\/?p=55974"},"modified":"2019-12-19T15:35:59","modified_gmt":"2019-12-19T18:35:59","slug":"santuario-nacional-divulga-programacao-de-celebracoes-natalinas","status":"publish","type":"post","link":"https:\/\/catolicanet.net\/wp-cnet\/santuario-nacional-divulga-programacao-de-celebracoes-natalinas\/","title":{"rendered":"Santu\u00e1rio Nacional divulga programa\u00e7\u00e3o de celebra\u00e7\u00f5es natalinas"},"content":{"rendered":"<h3 style=\"text-align: justify;\"><em>Cerim\u00f4nias recordam nascimento de Jesus no maior centro de peregrina\u00e7\u00f5es da Am\u00e9rica Latina<\/em><\/h3>\n<p style=\"text-align: justify;\"><em>Por Victor Hugo Barros<\/em><\/p>\n<p style=\"text-align: justify;\">O Natal ser\u00e1 comemorado com missas no Santu\u00e1rio Nacional. A data, considerada a segunda mais importante da liturgia cat\u00f3lica, recorda o nascimento do Menino Jesus em Bel\u00e9m. Para fazer mem\u00f3ria deste acontecimento, uma maratona de celebra\u00e7\u00f5es foi preparada nos dias 24 e 25 de dezembro na Bas\u00edlica de Aparecida (SP).<\/p>\n<p style=\"text-align: justify;\">A mais tradicional das celebra\u00e7\u00f5es natalinas, a Missa do Galo, tem in\u00edcio \u00e0s 20h do dia 24, no Altar Central da Bas\u00edlica. Presidida pelo arcebispo de Aparecida, Dom Orlando Brandes, a cerim\u00f4nia recorda a noite da natividade de Cristo.<\/p>\n<p style=\"text-align: justify;\">Durante o dia 25, outras cinco celebra\u00e7\u00f5es lembram a data. Neste dia, a Missa Solene de Natal acontece \u00e0s 9h45, tamb\u00e9m no principal altar do templo. Acontecem tamb\u00e9m celebra\u00e7\u00f5es \u00e0s 06h45, 12h, 16h e 18h. A programa\u00e7\u00e3o do dia conta ainda com a Hora Mariana \u00e0s 14h e a Consagra\u00e7\u00e3o a Nossa Senhora Aparecida \u00e0s 15h.<\/p>\n<p style=\"text-align: justify;\"><strong>Sacramentos &#8211; <\/strong>\u00a0Al\u00e9m das missas, o atendimento \u00e0s confiss\u00f5es tamb\u00e9m acontece nos dias 24 e 25. O atendimento dos sacerdotes aos romeiros que desejam se confessar acontece na Capela das Confiss\u00f5es das 8h \u00e0s 11h e das 14h \u00e0s 16h.<\/p>\n<p style=\"text-align: justify;\">Os batizados ocorrem somente no dia 24, \u00e0s 10h30 e 15h. No dia 25, n\u00e3o haver\u00e1 celebra\u00e7\u00f5es de Batismo.<\/p>\n<p>&nbsp;<\/p>\n<p><em>Foto: Thiago Leon<\/em><\/p>\n","protected":false},"excerpt":{"rendered":"<p>Cerim\u00f4nias recordam nascimento de Jesus no maior centro de peregrina\u00e7\u00f5es da Am\u00e9rica Latina Por Victor Hugo Barros O Natal ser\u00e1 comemorado com missas no Santu\u00e1rio Nacional. A data, considerada a segunda mais importante da liturgia cat\u00f3lica, recorda o nascimento do Menino Jesus em Bel\u00e9m. Para fazer mem\u00f3ria deste acontecimento, uma maratona de celebra\u00e7\u00f5es foi preparada [&hellip;]<\/p>\n","protected":false},"author":1,"featured_media":55975,"comment_status":"open","ping_status":"closed","sticky":false,"template":"","format":"standard","meta":{"footnotes":""},"categories":[4],"tags":[],"class_list":["post-55974","post","type-post","status-publish","format-standard","has-post-thumbnail","hentry","category-cotidiano"],"_links":{"self":[{"href":"https:\/\/catolicanet.net\/wp-cnet\/wp-json\/wp\/v2\/posts\/55974","targetHints":{"allow":["GET"]}}],"collection":[{"href":"https:\/\/catolicanet.net\/wp-cnet\/wp-json\/wp\/v2\/posts"}],"about":[{"href":"https:\/\/catolicanet.net\/wp-cnet\/wp-json\/wp\/v2\/types\/post"}],"author":[{"embeddable":true,"href":"https:\/\/catolicanet.net\/wp-cnet\/wp-json\/wp\/v2\/users\/1"}],"replies":[{"embeddable":true,"href":"https:\/\/catolicanet.net\/wp-cnet\/wp-json\/wp\/v2\/comments?post=55974"}],"version-history":[{"count":1,"href":"https:\/\/catolicanet.net\/wp-cnet\/wp-json\/wp\/v2\/posts\/55974\/revisions"}],"predecessor-version":[{"id":55976,"href":"https:\/\/catolicanet.net\/wp-cnet\/wp-json\/wp\/v2\/posts\/55974\/revisions\/55976"}],"wp:featuredmedia":[{"embeddable":true,"href":"https:\/\/catolicanet.net\/wp-cnet\/wp-json\/wp\/v2\/media\/55975"}],"wp:attachment":[{"href":"https:\/\/catolicanet.net\/wp-cnet\/wp-json\/wp\/v2\/media?parent=55974"}],"wp:term":[{"taxonomy":"category","embeddable":true,"href":"https:\/\/catolicanet.net\/wp-cnet\/wp-json\/wp\/v2\/categories?post=55974"},{"taxonomy":"post_tag","embeddable":true,"href":"https:\/\/catolicanet.net\/wp-cnet\/wp-json\/wp\/v2\/tags?post=55974"}],"curies":[{"name":"wp","href":"https:\/\/api.w.org\/{rel}","templated":true}]}}