{"id":55962,"date":"2019-12-24T10:00:53","date_gmt":"2019-12-24T13:00:53","guid":{"rendered":"https:\/\/catolicanet.net\/wp-cnet\/?p=55962"},"modified":"2019-12-19T15:20:55","modified_gmt":"2019-12-19T18:20:55","slug":"e-natal-6","status":"publish","type":"post","link":"https:\/\/catolicanet.net\/wp-cnet\/e-natal-6\/","title":{"rendered":"\u00c9 Natal"},"content":{"rendered":"<p style=\"text-align: justify;\">\u00a0 \u00a0 \u00a0 \u00a0 \u00a0Mais uma vez a volta do ano trouxe-nos a santa celebra\u00e7\u00e3o do Natal do Senhor nosso Jesus Cristo. Historicamente, o natal\u00edcio do Cristo nosso Deus ocorreu h\u00e1 mais de dois mil anos atr\u00e1s; no entanto, na pot\u00eancia do Santo Esp\u00edrito, o Natal acontece hoje misticamente, nos santos mist\u00e9rios que celebramos com piedade e un\u00e7\u00e3o. Cada um de n\u00f3s que participa desta celebra\u00e7\u00e3o sagrada, conserve no cora\u00e7\u00e3o est\u00e1 certeza: nos gestos, nas palavras, nos ritos da Santa Liturgia, a gra\u00e7a do santo Natal do Senhor faz-se realmente presente e verdadeiramente inunda a nossa vida! Para n\u00f3s, o Natal \u00e9 hoje, o Natal \u00e9 agora.<\/p>\n<p style=\"text-align: justify;\">\u00a0\u00a0\u00a0\u00a0\u00a0\u00a0\u00a0\u00a0\u00a0 O Evangelho que nos anuncia: <em>\u201cO Verbo se fez carne e habitou entre n\u00f3s! \u201d(cf. Jo 1,14)<\/em> Em outras palavras: o Filho eterno do Pai, Luz da Luz, Deus verdadeiro de Deus verdadeiro, para salvar o mundo com a sua piedosa vinda, hoje nasceu homem verdadeiro, homem entre os homens, de Maria, a Virgem!<\/p>\n<p style=\"text-align: justify;\">\u00a0\u00a0\u00a0\u00a0\u00a0\u00a0\u00a0\u00a0\u00a0 O Menino que nos nasceu para n\u00f3s, o filho que nos foi dado, \u00e9 Deus perfeito, \u00e9 o Filho eterno, atrav\u00e9s de quem e para quem tudo foi criado no c\u00e9u e na terra. Ele \u00e9 Deus e homem verdadeiro; \u00e9 uma Pessoa divina, a segunda da Trindade que se fez homem no mist\u00e9rio da Encarna\u00e7\u00e3o. Esta crian\u00e7a \u00e9 ador\u00e1vel: dever receber toda nossa adora\u00e7\u00e3o, todo nosso louvor, todo nosso afeto. No entanto, sendo Deus perfeito ele saiu do seio da Sempre Virgem Maria, como verdadeiro homem, homem perfeito, com um corpo igual ao nosso, sem experimentar a corrup\u00e7\u00e3o do pecado original, com uma alma igual \u00e0 nossa, com uma vida para viver igual \u00e0 nossa pobre exist\u00eancia!<\/p>\n<p style=\"text-align: justify;\">\u00a0\u00a0\u00a0\u00a0\u00a0\u00a0\u00a0\u00a0\u00a0 A Solenidade do Natal recorda-nos que a humanidade precisa de um Salvador \u2013 e esse Salvador \u00e9 Jesus, nosso Senhor! Ele \u00e9 a nossa \u00fanica Verdade, Ele, o nosso \u00fanico Caminho, Ele, a verdadeira Vida! N\u00e3o queremos outros mestres, n\u00e3o admitiremos outros senhores, n\u00e3o buscaremos outras verdades. Mais que nunca, neste quadro t\u00e3o dif\u00edcil da hist\u00f3ria, quando o cristianismo e a Igreja de Cristo s\u00e3o t\u00e3o caluniados e perseguidos, t\u00e3o denegridos.<\/p>\n<p style=\"text-align: justify;\">\u00a0\u00a0\u00a0\u00a0\u00a0\u00a0\u00a0\u00a0\u00a0 Vit\u00f3ria! Perd\u00e3o! Vida! Tudo isso nos \u00e9 dado porque \u201co Verbo se fez carne e habitou entre n\u00f3s, e vimos sua gl\u00f3ria, a gl\u00f3ria que o Filho \u00fanico recebe do seu Pai, cheio de gra\u00e7a e de verdade\u201d (cf. Jo 1,14). No dia 25 de mar\u00e7o, a Igreja celebra a anuncia\u00e7\u00e3o do Senhor e a encarna\u00e7\u00e3o do Verbo; nove meses depois, no dia 25 de dezembro, o Verbo encarnado nasce para que possamos ver a sua gl\u00f3ria velada, mas real. O menino fr\u00e1gil e dependente de Maria e de Jos\u00e9 \u00e9 o Filho de Deus encarnado, \u00e9 ele e somente ele quem pode dar-nos a vit\u00f3ria, o perd\u00e3o e a vida.<\/p>\n<p style=\"text-align: justify;\">\u00a0\u00a0\u00a0\u00a0\u00a0\u00a0\u00a0\u00a0\u00a0 Mas podemos recome\u00e7ar! O perd\u00e3o de Deus se nos oferece constantemente para que, com alegria, vivamos a nossa f\u00e9. Por mais pecadores que sejamos n\u00e3o tenhamos medo do Senhor, ele fez-se t\u00e3o pequeno para que os pequenos deste mundo se aproximassem dele com a esperan\u00e7a da reconcilia\u00e7\u00e3o com Deus e com todos os homens. Nem permitiremos que alguma falta de perd\u00e3o aos outros invada o nosso cora\u00e7\u00e3o neste dia santo. Abramos de par em par o nosso ser a Deus e a todos os homens e mulheres, m\u00e1xime \u00e0queles que est\u00e3o pr\u00f3ximos a n\u00f3s. Tais pessoas merecem a nossa aten\u00e7\u00e3o, gratid\u00e3o e estima. Lembremo-nos da ora\u00e7\u00e3o que o Senhor nos ensinou: \u201cperdoai-nos as nossas ofensas assim como n\u00f3s perdoamos a quem nos tem ofendido\u201d. Perdoemos de cora\u00e7\u00e3o a quem nos ofendeu e sentiremos um grande al\u00edvio, uma grande paz, uma restaura\u00e7\u00e3o que vai do mais profundo ao mais perif\u00e9rico do nosso ser.<\/p>\n<p style=\"text-align: justify;\">\u00a0\u00a0\u00a0\u00a0\u00a0\u00a0\u00a0\u00a0\u00a0 Tudo foi feito por ele, e sem ele nada foi feito. Nele havia vida, e a vida era a luz dos homens. A luz resplandece nas trevas, e as trevas n\u00e3o a compreenderam\u201d (cf. Jo 1,5). A vida do Filho de Deus ilumina a vida dos filhos dos homens. Ilumina-a porque a retira das trevas do pecado e da morte. Ilumina-a porque d\u00e1 sentido ao que antes estava desorientado. Ilumina-a porque d\u00e1 todos os meios necess\u00e1rios para alcan\u00e7ar a felicidade j\u00e1 neste mundo e, depois, na eternidade.<\/p>\n<p style=\"text-align: justify;\">\u00a0\u00a0\u00a0\u00a0\u00a0\u00a0\u00a0\u00a0\u00a0 Ao participarmos destas celebra\u00e7\u00f5es durante esses dias solenes, aproximar-nos-emos do pres\u00e9pio humilde de Bel\u00e9m e diremos ao Senhor que a sua Vida encha a nossa vida, que o nosso amor encha o nosso cora\u00e7\u00e3o e que nas nossas vidas se cumpram os eternos des\u00edgnios da Sant\u00edssima Trindade. Maria, a M\u00e3e de Jesus, est\u00e1 segurando o Menino Jesus nos seus bra\u00e7os e quer deixar que tamb\u00e9m n\u00f3s tenhamos em nossos bra\u00e7os o Divino Infante. Ela sabe que s\u00f3 ele tem a chave para todos os mist\u00e9rios da nossa vida. Jesus, sendo verdadeiro Deus, \u00e9 tamb\u00e9m o verdadeiro homem que mostra em si mesmo como deve ser a pessoa humana segundo os projetos eternos.<\/p>\n<p style=\"text-align: justify;\">\u00a0\u00a0\u00a0\u00a0\u00a0\u00a0\u00a0\u00a0\u00a0 Neste Natal vamos repartir nossa ceia comemorativa ao nascimento do Redentor com aqueles mais pobres ou com aqueles mais esquecidos. Lembremos de uma pessoa idosa, que n\u00e3o tem mais familiares. Lembremos de uma pessoa vi\u00fava, que vive sozinha. Lembremos dos pobres e dos que passam necessidade e vamos repartir a gra\u00e7a de celebrar o Natal. Fraternidade e solidariedade. S\u00e3o pequenos gestos neste Natal inspiram a cada um de n\u00f3s a levar Jesus nos cora\u00e7\u00f5es dos homens e mulheres que querem viver a fraternidade, buscando o di\u00e1logo e a confian\u00e7a m\u00fatua de comunh\u00e3o, testemunhando que Jesus \u00e9 o Senhor, o Redentor! Essa \u00e9 a li\u00e7\u00e3o da manjedoura, por isso, <em>Venite adoremus!<\/em><\/p>\n","protected":false},"excerpt":{"rendered":"<p>\u00a0 \u00a0 \u00a0 \u00a0 \u00a0Mais uma vez a volta do ano trouxe-nos a santa celebra\u00e7\u00e3o do Natal do Senhor nosso Jesus Cristo. Historicamente, o natal\u00edcio do Cristo nosso Deus ocorreu h\u00e1 mais de dois mil anos atr\u00e1s; no entanto, na pot\u00eancia do Santo Esp\u00edrito, o Natal acontece hoje misticamente, nos santos mist\u00e9rios que celebramos com [&hellip;]<\/p>\n","protected":false},"author":5,"featured_media":55819,"comment_status":"open","ping_status":"closed","sticky":false,"template":"","format":"standard","meta":{"footnotes":""},"categories":[9],"tags":[],"class_list":["post-55962","post","type-post","status-publish","format-standard","has-post-thumbnail","hentry","category-artigos"],"_links":{"self":[{"href":"https:\/\/catolicanet.net\/wp-cnet\/wp-json\/wp\/v2\/posts\/55962","targetHints":{"allow":["GET"]}}],"collection":[{"href":"https:\/\/catolicanet.net\/wp-cnet\/wp-json\/wp\/v2\/posts"}],"about":[{"href":"https:\/\/catolicanet.net\/wp-cnet\/wp-json\/wp\/v2\/types\/post"}],"author":[{"embeddable":true,"href":"https:\/\/catolicanet.net\/wp-cnet\/wp-json\/wp\/v2\/users\/5"}],"replies":[{"embeddable":true,"href":"https:\/\/catolicanet.net\/wp-cnet\/wp-json\/wp\/v2\/comments?post=55962"}],"version-history":[{"count":1,"href":"https:\/\/catolicanet.net\/wp-cnet\/wp-json\/wp\/v2\/posts\/55962\/revisions"}],"predecessor-version":[{"id":55963,"href":"https:\/\/catolicanet.net\/wp-cnet\/wp-json\/wp\/v2\/posts\/55962\/revisions\/55963"}],"wp:featuredmedia":[{"embeddable":true,"href":"https:\/\/catolicanet.net\/wp-cnet\/wp-json\/wp\/v2\/media\/55819"}],"wp:attachment":[{"href":"https:\/\/catolicanet.net\/wp-cnet\/wp-json\/wp\/v2\/media?parent=55962"}],"wp:term":[{"taxonomy":"category","embeddable":true,"href":"https:\/\/catolicanet.net\/wp-cnet\/wp-json\/wp\/v2\/categories?post=55962"},{"taxonomy":"post_tag","embeddable":true,"href":"https:\/\/catolicanet.net\/wp-cnet\/wp-json\/wp\/v2\/tags?post=55962"}],"curies":[{"name":"wp","href":"https:\/\/api.w.org\/{rel}","templated":true}]}}