{"id":5595,"date":"2015-02-26T03:00:00","date_gmt":"2015-02-26T06:00:00","guid":{"rendered":"http:\/\/catolicanet.net\/wp-cnet\/iiio-assembleia-dos-jovens-da-paroquia-sao-francisco-xavier\/"},"modified":"2017-04-07T15:20:50","modified_gmt":"2017-04-07T18:20:50","slug":"iiio-assembleia-dos-jovens-da-paroquia-sao-francisco-xavier","status":"publish","type":"post","link":"https:\/\/catolicanet.net\/wp-cnet\/iiio-assembleia-dos-jovens-da-paroquia-sao-francisco-xavier\/","title":{"rendered":"III\u00aa Assembleia dos jovens da Par\u00f3quia S\u00e3o Francisco Xavier"},"content":{"rendered":"<p style=\"text-align: justify;\"><img decoding=\"async\" src=\"http:\/\/catolicanet.com.br\/images\/stories\/geral\/formacaosfranciscoxavier.jpg\" border=\"0\" align=\"left\" \/>Iniciada na sexta 20, com a missa de envio e encerrada no domingo, teve como tema: \u201cEu vim para servir\u201d, em sintonia com a Campanha da Fraternidade deste ano. Os jovens querem se comprometer ainda mais, em uma vida de ora\u00e7\u00e3o que resulte em uma a\u00e7\u00e3o concreta da vida mission\u00e1ria. <br \/>A organiza\u00e7\u00e3o procurou envolver, atrav\u00e9s de reuni\u00f5es, os coordenadores das diversas pastorais. Durante os encontros, marcaram presen\u00e7a os Ac\u00f3litos, Crisma, Coral \u2013 Meu lugar \u00e9 o c\u00e9u, Coral \u2013 Juntos Somos Mais, Coral \u2013 Novo Som, bem como TLC, Hora+\u00e7\u00e3o \u2013 Esporte, Totus Tuus e Turma do Chico. Essa prepara\u00e7\u00e3o anterior, permitiu refletir sobre as necessidades que as pessoas vivem hoje na vida paroquial e na comunidade; bem como, preparar o conte\u00fado abordado durante a Assembleia. Pe. John Raju Nerella, que tomou posse em mar\u00e7o de 2012 e Pe. Paulo de Coppi, ambos mission\u00e1rios do PIME, t\u00eam se empenhado muito para que a Par\u00f3quia fa\u00e7a jus ao nome S\u00e3o Francisco Xavier, Padroeiro das Miss\u00f5es; grande mission\u00e1rio da Igreja cat\u00f3lica. Pe. John marcou presen\u00e7a durante todos os encontros e participou em tempo integral da realiza\u00e7\u00e3o da III\u00aa Assembleia.<br \/>A Par\u00f3quia S\u00e3o Francisco Xavier, da Diocese de Santo Amaro, est\u00e1 localizada na Vila Mission\u00e1ria onde h\u00e1 uma grande explos\u00e3o demogr\u00e1fica, que exige das pastorais e movimentos o esfor\u00e7o de uma grande a\u00e7\u00e3o mission\u00e1ria, que priorize melhorar a vida das fam\u00edlias locais. Os jovens conhecem bem essa realidade e tra\u00e7aram como objetivo de caminhada fortalecer as pessoas que participam da vida da Par\u00f3quia; conhecer melhor os grupos e suas atividades, fortalecer a conviv\u00eancia e os v\u00ednculos entre os paroquianos ajudar\u00e1 a realizar a\u00e7\u00f5es conjuntas dentro e fora da Par\u00f3quia. <br \/>Os vinte e sete jovens que se reuniram na casa de retiro do PIME, em Suar\u00e3o, no domingo, contaram com uma reflex\u00e3o, a partir da Exorta\u00e7\u00e3o Apost\u00f3lica do Sumo Pont\u00edfice Francisco \u2013 Evangelii Gaiudium \u2013 A alegria do Evangelho, que trata do an\u00fancio do Evangelho no mundo atual, que foi ministrada pelo mission\u00e1rio leigo Belchior Antonio, Coordenador do COMIDI e Presidente do Instituto Mission\u00e1rio leigo CatolicaNet, da Diocese de Santo Amaro. <br \/>Entusiasmada a coordenadora Paroquial da Juventude Mission\u00e1ria, Ivete Oliveira, relatou que o resultado final foi alcan\u00e7ado. Disse ela: &#8211; Apontamos objetivos poss\u00edveis de realizar, houve o fortalecimento do grupo atrav\u00e9s das atividades de conviv\u00eancia entre os participantes, reconhecendo assim a import\u00e2ncia\u00a0 e o valor de todos os grupos em seus diversos carismas para a comunidade, o que nos levou a apontar objetivos concretos, que nos permitir\u00e1 a realiza\u00e7\u00e3o de uma miss\u00e3o Al\u00e9m Fronteiras; nosso sonho, \u00e9 que essa a\u00e7\u00e3o possa ajuda-los a se prepararem para participar da JMJ-Jornada Mundial da Juventude que ser\u00e1 realizada na Pol\u00f4nia no ano que vem.<\/p>\n","protected":false},"excerpt":{"rendered":"<p>Iniciada na sexta 20, com a missa de envio e encerrada no domingo, teve como tema: \u201cEu vim para servir\u201d, em sintonia com a Campanha da Fraternidade deste ano. Os jovens querem se comprometer ainda mais, em uma vida de ora\u00e7\u00e3o que resulte em uma a\u00e7\u00e3o concreta da vida mission\u00e1ria. A organiza\u00e7\u00e3o procurou envolver, atrav\u00e9s [&hellip;]<\/p>\n","protected":false},"author":1,"featured_media":0,"comment_status":"closed","ping_status":"closed","sticky":false,"template":"","format":"standard","meta":{"footnotes":""},"categories":[4],"tags":[],"class_list":["post-5595","post","type-post","status-publish","format-standard","hentry","category-cotidiano"],"_links":{"self":[{"href":"https:\/\/catolicanet.net\/wp-cnet\/wp-json\/wp\/v2\/posts\/5595","targetHints":{"allow":["GET"]}}],"collection":[{"href":"https:\/\/catolicanet.net\/wp-cnet\/wp-json\/wp\/v2\/posts"}],"about":[{"href":"https:\/\/catolicanet.net\/wp-cnet\/wp-json\/wp\/v2\/types\/post"}],"author":[{"embeddable":true,"href":"https:\/\/catolicanet.net\/wp-cnet\/wp-json\/wp\/v2\/users\/1"}],"replies":[{"embeddable":true,"href":"https:\/\/catolicanet.net\/wp-cnet\/wp-json\/wp\/v2\/comments?post=5595"}],"version-history":[{"count":1,"href":"https:\/\/catolicanet.net\/wp-cnet\/wp-json\/wp\/v2\/posts\/5595\/revisions"}],"predecessor-version":[{"id":10571,"href":"https:\/\/catolicanet.net\/wp-cnet\/wp-json\/wp\/v2\/posts\/5595\/revisions\/10571"}],"wp:attachment":[{"href":"https:\/\/catolicanet.net\/wp-cnet\/wp-json\/wp\/v2\/media?parent=5595"}],"wp:term":[{"taxonomy":"category","embeddable":true,"href":"https:\/\/catolicanet.net\/wp-cnet\/wp-json\/wp\/v2\/categories?post=5595"},{"taxonomy":"post_tag","embeddable":true,"href":"https:\/\/catolicanet.net\/wp-cnet\/wp-json\/wp\/v2\/tags?post=5595"}],"curies":[{"name":"wp","href":"https:\/\/api.w.org\/{rel}","templated":true}]}}