{"id":5594,"date":"2015-02-26T13:45:45","date_gmt":"2015-02-26T16:45:45","guid":{"rendered":"http:\/\/catolicanet.net\/wp-cnet\/como-viver-a-quaresma\/"},"modified":"2017-04-07T15:13:33","modified_gmt":"2017-04-07T18:13:33","slug":"como-viver-a-quaresma","status":"publish","type":"post","link":"https:\/\/catolicanet.net\/wp-cnet\/como-viver-a-quaresma\/","title":{"rendered":"Como viver a Quaresma"},"content":{"rendered":"<p style=\"text-align: justify;\">Desde os prim\u00f3rdios do cristianismo a quaresma marcou para os crist\u00e3os uma fuga ainda maior das futilidades do mundo. Assim sendo, h\u00e1 uma entrega com mais ardor \u00e0 ora\u00e7\u00e3o, n\u00e3o pela multiplica\u00e7\u00e3o de preces, mas se dedicando mais aten\u00e7\u00e3o e piedade aos momentos de uma mais intensa uni\u00e3o com Deus, degustando os momentos venturosos de uma prece bem feita.<br \/> Al\u00e9m disto, todas as tarefas realizadas mais conscientemente na\u00a0 presen\u00e7a do Ser Supremo, o que leva a um maior desvelo no cumprir as obriga\u00e7\u00f5es cotidianas e um maior respeito para com o pr\u00f3ximo. <br \/>Isto d\u00e1 uma amplitude not\u00e1vel \u00e0s menores a\u00e7\u00f5es, afastada toda a indol\u00eancia e abolidos os pretextos v\u00e3os para uma comodidade que, na verdade, \u00e9, tantas vezes, o culto da ociosidade, m\u00e3e de tantos v\u00edcios. <br \/>Ressoa l\u00e1 no \u00edntimo de cada um as palavras do Mestre divino: \u201cSe n\u00e3o fizerdes penit\u00eancia, todos perecereis\u201d (Lc 13,3). <br \/>Jesus, por\u00e9m, n\u00e3o quer nada de extraordin\u00e1rio, mas, sim, o dever de cada instante bem feito com o fito de reparar falhas passadas e de propiciar cada um a si mesmo crescimento espiritual, trabalhando pela convers\u00e3o dos pecadores.\u00a0 <br \/>Deste modo, se atinge o n\u00facleo do aut\u00eantico esp\u00edrito de sacrif\u00edcio: a contri\u00e7\u00e3o do cora\u00e7\u00e3o e a mortifica\u00e7\u00e3o do corpo. Esta pode ser via de ascese, quando s\u00e3o afastados alimentos saborosos, mas que, ao inv\u00e9s de contribuir para a sa\u00fade, s\u00f3 servem para aumentar o campo das mais variadas doen\u00e7as.<br \/> Quaresma \u00e9 um tempo precioso para cada um acertar o pr\u00f3prio peso a bem inclusive de sua sa\u00fade. <br \/>A verdadeira homenagem a Deus abrange o homem todo: corpo e alma. A expia\u00e7\u00e3o dos pecados \u00e9, neste contexto, a meta quaresmal de suma import\u00e2ncia\u00a0\u00a0 <br \/>Rompimento total, absoluto com o pecado, o que \u00e9 a ess\u00eancia mesma da convers\u00e3o interior.<br \/> Ilus\u00e3o de muitos crist\u00e3os \u00e9 se julgarem irrepreens\u00edveis. S\u00e3o aqueles que se entregam a uma falsa seguran\u00e7a, sem preocupa\u00e7\u00e3o alguma em comparar sua vida com os exemplos de Cristo e dos santos. <br \/>Que se reavive a coragem dos filhos de Deus que aspiram a paz interior a qual s\u00f3 \u00e9 garantida para a alma verdadeiramente penitente. Cumpre se\u00a0 reparem pecados. <br \/>Al\u00e9m disto, a esmola que inclui todas as obras de miseric\u00f3rdia para com o pr\u00f3ximo, \u00e9 de suma valia e ser\u00e1, sobretudo, providenciando rem\u00e9dio para o pobre que se ter\u00e3o as b\u00ean\u00e7\u00e3os divinas.<br \/> A Campanha da Fraternidade deste ano lembra ainda\u00a0 a todos o dever de imitar a Cristo que veio para servir e n\u00e3o ser servido. <br \/> \u00c9 desta maneira que o crist\u00e3o se\u00a0 prepara para o Banquete pascal do glorioso 5 de abril pr\u00f3ximo. . <\/p>\n<p><strong>* Professor no Semin\u00e1rio de Mariana durante 40 anos.<\/strong><\/p>\n","protected":false},"excerpt":{"rendered":"<p>Desde os prim\u00f3rdios do cristianismo a quaresma marcou para os crist\u00e3os uma fuga ainda maior das futilidades do mundo. Assim sendo, h\u00e1 uma entrega com mais ardor \u00e0 ora\u00e7\u00e3o, n\u00e3o pela multiplica\u00e7\u00e3o de preces, mas se dedicando mais aten\u00e7\u00e3o e piedade aos momentos de uma mais intensa uni\u00e3o com Deus, degustando os momentos venturosos de [&hellip;]<\/p>\n","protected":false},"author":7,"featured_media":0,"comment_status":"closed","ping_status":"closed","sticky":false,"template":"","format":"standard","meta":{"footnotes":""},"categories":[9],"tags":[],"class_list":["post-5594","post","type-post","status-publish","format-standard","hentry","category-artigos"],"_links":{"self":[{"href":"https:\/\/catolicanet.net\/wp-cnet\/wp-json\/wp\/v2\/posts\/5594","targetHints":{"allow":["GET"]}}],"collection":[{"href":"https:\/\/catolicanet.net\/wp-cnet\/wp-json\/wp\/v2\/posts"}],"about":[{"href":"https:\/\/catolicanet.net\/wp-cnet\/wp-json\/wp\/v2\/types\/post"}],"author":[{"embeddable":true,"href":"https:\/\/catolicanet.net\/wp-cnet\/wp-json\/wp\/v2\/users\/7"}],"replies":[{"embeddable":true,"href":"https:\/\/catolicanet.net\/wp-cnet\/wp-json\/wp\/v2\/comments?post=5594"}],"version-history":[{"count":1,"href":"https:\/\/catolicanet.net\/wp-cnet\/wp-json\/wp\/v2\/posts\/5594\/revisions"}],"predecessor-version":[{"id":10561,"href":"https:\/\/catolicanet.net\/wp-cnet\/wp-json\/wp\/v2\/posts\/5594\/revisions\/10561"}],"wp:attachment":[{"href":"https:\/\/catolicanet.net\/wp-cnet\/wp-json\/wp\/v2\/media?parent=5594"}],"wp:term":[{"taxonomy":"category","embeddable":true,"href":"https:\/\/catolicanet.net\/wp-cnet\/wp-json\/wp\/v2\/categories?post=5594"},{"taxonomy":"post_tag","embeddable":true,"href":"https:\/\/catolicanet.net\/wp-cnet\/wp-json\/wp\/v2\/tags?post=5594"}],"curies":[{"name":"wp","href":"https:\/\/api.w.org\/{rel}","templated":true}]}}