{"id":55933,"date":"2020-01-01T09:00:56","date_gmt":"2020-01-01T12:00:56","guid":{"rendered":"https:\/\/catolicanet.net\/wp-cnet\/?p=55933"},"modified":"2019-12-19T08:44:48","modified_gmt":"2019-12-19T11:44:48","slug":"dia-mudial-da-paz","status":"publish","type":"post","link":"https:\/\/catolicanet.net\/wp-cnet\/dia-mudial-da-paz\/","title":{"rendered":"DIA MUDIAL DA PAZ"},"content":{"rendered":"<p style=\"text-align: justify;\">H\u00e1 53 anos, no dia primeiro de cada ano, o Romano Pont\u00edfice dirige uma mensagem pelo dia Mundial da Paz. O tema da mensagem do Papa Francisco para a celebra\u00e7\u00e3o do Dia Mundial da Paz em 01\/01\/2020 \u00e9 \u201cA paz como caminho de esperan\u00e7a: di\u00e1logo, reconcilia\u00e7\u00e3o e convers\u00e3o ecol\u00f3gica&#8221;.<\/p>\n<p style=\"text-align: justify;\">\u00a0A paz \u00e9 um bem precioso, objeto da esperan\u00e7a e desejada por todos, por\u00e9m encontra obst\u00e1culos nas guerras e conflitos que assolam a humanidade e afetam, sobretudo, os indiv\u00edduos mais pobres e fr\u00e1geis.<\/p>\n<p style=\"text-align: justify;\">A intoler\u00e2ncia perante a diversidade gera o desejo de posse e dom\u00ednio sobre aquelas pessoas e culturas tidas como \u201cdiferentes\u201d, ocasionando um verdadeiro fratric\u00eddio, ou seja, uma matan\u00e7a entre povos pertencentes a uma mesma ra\u00e7a, qual seja, a ra\u00e7a humana: irm\u00e3os matando irm\u00e3os. \u201c\u00c9 a destrui\u00e7\u00e3o do pr\u00f3prio projeto de fraternidade\u201d.<\/p>\n<p style=\"text-align: justify;\">Um grande paradoxo se evidencia no fato de que muitos Estados buscam garantir a paz e a estabilidade por meio do medo e da desconfian\u00e7a.<\/p>\n<p style=\"text-align: justify;\">Tal situa\u00e7\u00e3o nunca alcan\u00e7ar\u00e1 seu objetivo, mas t\u00e3o somente a falta de di\u00e1logo e a ocorr\u00eancia de conflitos. A paz necessita da solidariedade, da coopera\u00e7\u00e3o entre os povos e da confian\u00e7a m\u00fatua.<\/p>\n<p style=\"text-align: justify;\">De acordo com o Santo Padre, \u201ca paz e a estabilidade internacional s\u00e3o incompat\u00edveis com qualquer tentativa de constru\u00ed-las sobre o medo de m\u00fatua destrui\u00e7\u00e3o ou sobre uma amea\u00e7a de aniquila\u00e7\u00e3o total\u201d.<\/p>\n<p style=\"text-align: justify;\">Desse modo, \u201ca paz se alcan\u00e7a no mais fundo do cora\u00e7\u00e3o humano, e a vontade pol\u00edtica deve ser incessantemente revigorada para abrir novos processos que reconciliem e unam pessoas e comunidades\u201d.<\/p>\n<p style=\"text-align: justify;\">Na mesma esteira, o Papa afirmou: \u201cs\u00f3 se pode chegar verdadeiramente \u00e0 paz quando houver um convicto di\u00e1logo de homens e mulheres que buscam a verdade mais al\u00e9m das ideologias e das diferentes opini\u00f5es\u201d.<\/p>\n<p style=\"text-align: justify;\">No que tange ao di\u00e1logo, faz-se imprescind\u00edvel preservar a mem\u00f3ria e a hist\u00f3ria e repass\u00e1-las \u00e0s gera\u00e7\u00f5es presentes e futuras, evitando-se, assim, os erros j\u00e1 cometidos e garantindo-se a esperan\u00e7a de que sempre haver\u00e1 um caminho reto a ser seguido em dire\u00e7\u00e3o a uma solu\u00e7\u00e3o pac\u00edfica e proveitosa para todos os envolvidos, uma vez que \u201caquela mem\u00f3ria que \u00e9 garantia e est\u00edmulo para construir um futuro mais justo e fraterno\u201d.<\/p>\n<p style=\"text-align: justify;\">Tal como observou o Papa, \u201ca esperan\u00e7a \u00e9 a virtude que nos coloca a caminho, d\u00e1 asas para continuar, mesmo quando os obst\u00e1culos parecem intranspon\u00edveis\u201d.<\/p>\n<p style=\"text-align: justify;\">Uma das fontes geradoras da esperan\u00e7a \u00e9 o respeito e a melhor forma de respeitar o pr\u00f3ximo \u00e9 enxerg\u00e1-lo como sendo seu irm\u00e3o e n\u00e3o como um inimigo que deva ser combatido.<\/p>\n<p style=\"text-align: justify;\">Para tanto, o perd\u00e3o e a reconcilia\u00e7\u00e3o devem sempre ser buscados sem que nos esque\u00e7amos de que \u201co caminho da reconcilia\u00e7\u00e3o requer paci\u00eancia e confian\u00e7a\u201d.<\/p>\n<p style=\"text-align: justify;\">Conforme a mensagem assevera, \u201caprender a viver no perd\u00e3o aumenta a nossa capacidade de nos tornarmos mulheres e homens de paz\u201d.<\/p>\n<p style=\"text-align: justify;\">Assim, <em>\u201c<\/em>recebido o seu perd\u00e3o, em Cristo, podemos colocar-nos a caminho para oferec\u00ea-lo aos homens e mulheres do nosso tempo. Dia ap\u00f3s dia, o Esp\u00edrito Santo sugere-nos atitudes e palavras para nos tornarmos artes\u00e3os de justi\u00e7a e de paz\u201d.<\/p>\n<p style=\"text-align: justify;\">Por fim, e n\u00e3o menos importante, o Santo Padre abordou a quest\u00e3o da convers\u00e3o ecol\u00f3gica(em decorr\u00eancia do S\u00ednodo da Pan Amaz\u00f4nia, realizado em outubro de 2019) que consiste na necessidade de nos preocuparmos com tratamento dispensado ao meio ambiente como um todo, englobando o ser humano, a natureza e todas as criaturas que dela fazem parte.<\/p>\n<p style=\"text-align: justify;\">Asseverou o Papa Francisco: \u201cessa convers\u00e3o deve ser entendida de maneira integral, como uma transforma\u00e7\u00e3o das rela\u00e7\u00f5es que mantemos com as nossas irm\u00e3s e irm\u00e3os, com os outros seres vivos, com a cria\u00e7\u00e3o na sua riqu\u00edssima variedade, com o Criador que \u00e9 origem de toda a vida\u201d.<\/p>\n<p style=\"text-align: justify;\">Al\u00e9m disso, n\u00e3o podemos nos esquecer de que o mundo \u00e9 a \u201cnossa casa comum\u201d e nele habitar\u00e3o as gera\u00e7\u00f5es futuras, as quais necessitar\u00e3o dos recursos naturais hoje existentes.<\/p>\n<p style=\"text-align: justify;\">Logo, \u201cbrotam daqui motiva\u00e7\u00f5es profundas e um novo modo de habitar na casa comum, de convivermos uns e outros com as pr\u00f3prias diversidades, de celebrar e respeitar a vida recebida e partilhada, de nos preocuparmos com condi\u00e7\u00f5es e modelos de sociedade que favore\u00e7am o desabrochar e a perman\u00eancia da vida no futuro, de desenvolver o bem comum de toda a fam\u00edlia humana\u201d.<\/p>\n<p style=\"text-align: justify;\">Com base nessa mensagem podemos inferir tr\u00eas posturas a serem seguidas pela humanidade no ano que se iniciar\u00e1, quais sejam: necessidade de se estabelecer o di\u00e1logo entre as na\u00e7\u00f5es e os povos, deixando de lado ideologias e opini\u00f5es divergentes; manuten\u00e7\u00e3o da mem\u00f3ria \u201cviva\u201d da hist\u00f3ria para servir de refer\u00eancia para as sociedades atuais e respeito e cuidado com o meio ambiente.<\/p>\n","protected":false},"excerpt":{"rendered":"<p>H\u00e1 53 anos, no dia primeiro de cada ano, o Romano Pont\u00edfice dirige uma mensagem pelo dia Mundial da Paz. O tema da mensagem do Papa Francisco para a celebra\u00e7\u00e3o do Dia Mundial da Paz em 01\/01\/2020 \u00e9 \u201cA paz como caminho de esperan\u00e7a: di\u00e1logo, reconcilia\u00e7\u00e3o e convers\u00e3o ecol\u00f3gica&#8221;. \u00a0A paz \u00e9 um bem precioso, [&hellip;]<\/p>\n","protected":false},"author":10,"featured_media":55817,"comment_status":"open","ping_status":"closed","sticky":false,"template":"","format":"standard","meta":{"footnotes":""},"categories":[9],"tags":[],"class_list":["post-55933","post","type-post","status-publish","format-standard","has-post-thumbnail","hentry","category-artigos"],"_links":{"self":[{"href":"https:\/\/catolicanet.net\/wp-cnet\/wp-json\/wp\/v2\/posts\/55933","targetHints":{"allow":["GET"]}}],"collection":[{"href":"https:\/\/catolicanet.net\/wp-cnet\/wp-json\/wp\/v2\/posts"}],"about":[{"href":"https:\/\/catolicanet.net\/wp-cnet\/wp-json\/wp\/v2\/types\/post"}],"author":[{"embeddable":true,"href":"https:\/\/catolicanet.net\/wp-cnet\/wp-json\/wp\/v2\/users\/10"}],"replies":[{"embeddable":true,"href":"https:\/\/catolicanet.net\/wp-cnet\/wp-json\/wp\/v2\/comments?post=55933"}],"version-history":[{"count":1,"href":"https:\/\/catolicanet.net\/wp-cnet\/wp-json\/wp\/v2\/posts\/55933\/revisions"}],"predecessor-version":[{"id":55934,"href":"https:\/\/catolicanet.net\/wp-cnet\/wp-json\/wp\/v2\/posts\/55933\/revisions\/55934"}],"wp:featuredmedia":[{"embeddable":true,"href":"https:\/\/catolicanet.net\/wp-cnet\/wp-json\/wp\/v2\/media\/55817"}],"wp:attachment":[{"href":"https:\/\/catolicanet.net\/wp-cnet\/wp-json\/wp\/v2\/media?parent=55933"}],"wp:term":[{"taxonomy":"category","embeddable":true,"href":"https:\/\/catolicanet.net\/wp-cnet\/wp-json\/wp\/v2\/categories?post=55933"},{"taxonomy":"post_tag","embeddable":true,"href":"https:\/\/catolicanet.net\/wp-cnet\/wp-json\/wp\/v2\/tags?post=55933"}],"curies":[{"name":"wp","href":"https:\/\/api.w.org\/{rel}","templated":true}]}}