{"id":55930,"date":"2019-12-19T08:41:57","date_gmt":"2019-12-19T11:41:57","guid":{"rendered":"https:\/\/catolicanet.net\/wp-cnet\/?p=55930"},"modified":"2019-12-19T08:41:57","modified_gmt":"2019-12-19T11:41:57","slug":"santuario-de-aparecida-realiza-ultimas-sessoes-de-projecoes-natalinas-na-fachada-da-basilica","status":"publish","type":"post","link":"https:\/\/catolicanet.net\/wp-cnet\/santuario-de-aparecida-realiza-ultimas-sessoes-de-projecoes-natalinas-na-fachada-da-basilica\/","title":{"rendered":"Santu\u00e1rio de Aparecida realiza \u00faltimas sess\u00f5es de proje\u00e7\u00f5es natalinas na fachada da Bas\u00edlica"},"content":{"rendered":"<h4><em>Proje\u00e7\u00f5es mapeadas que contam a hist\u00f3ria do nascimento de Jesus ser\u00e3o exibidas pela \u00faltima vez neste fim de semana<\/em><\/h4>\n<p><em>Por Victor Hugo Barros<\/em><\/p>\n<p style=\"text-align: justify;\">A hist\u00f3ria do nascimento de Jesus, contada por meio de proje\u00e7\u00f5es mapeadas na fachada da Bas\u00edlica de Aparecida (SP), encanta quem passa pelo Santu\u00e1rio Nacional desde o \u00faltimo dia 30. Quem ainda n\u00e3o conferiu as apresenta\u00e7\u00f5es ainda tem neste fim de semana, a oportunidade de assistir as \u00faltimas sess\u00f5es. Ao todo, oito exibi\u00e7\u00f5es acontecem na sexta-feira (20) e no s\u00e1bado (21).<\/p>\n<p style=\"text-align: justify;\">No dia 20, as proje\u00e7\u00f5es mapeadas acontecem \u00e0s 19h, 19h30, 20h, 20h30 e 21h. J\u00e1 no dia 21, elas ser\u00e3o exibidas em apenas tr\u00eas hor\u00e1rios: 19h45, 21h e 21h30. As sess\u00f5es encerram o ciclo de apresenta\u00e7\u00f5es que, neste ano contou, a hist\u00f3ria da natividade de Cristo na fachada da Bas\u00edlica da Padroeira.<\/p>\n<p style=\"text-align: justify;\">Apesar das proje\u00e7\u00f5es serem exibidas pela \u00faltima vez no s\u00e1bado, a decora\u00e7\u00e3o natalina do Santu\u00e1rio Nacional continua iluminando o Jardim Norte da Bas\u00edlica at\u00e9 o dia 06 de janeiro. Entre as atra\u00e7\u00f5es, est\u00e1 uma \u00c1rvore de Natal de 50 metros, a maior da regi\u00e3o do Vale do Para\u00edba.<\/p>\n<p style=\"text-align: justify;\">A decora\u00e7\u00e3o especial e as proje\u00e7\u00f5es mapeadas integram as atividades do Natal Iluminado, projeto realizado pelo Santu\u00e1rio Nacional em parceria com a EDP. H\u00e1 15 anos, a atividade enche o Santu\u00e1rio Nacional de luzes, cores e sons para celebrar a segunda principal festa do calend\u00e1rio crist\u00e3o.<\/p>\n<p style=\"text-align: justify;\">\n<p style=\"text-align: justify;\"><strong>Servi\u00e7o:<\/strong><\/p>\n<p style=\"text-align: justify;\"><strong>Proje\u00e7\u00f5es mapeadas na Fachada Norte da Bas\u00edlica de Aparecida<\/strong><\/p>\n<p style=\"text-align: justify;\"><strong>20 de dezembro (sexta-feira)<\/strong><\/p>\n<p style=\"text-align: justify;\">Sess\u00f5es \u00e0s 19h, 19h30, 20, 20h30 e 21h<\/p>\n<p style=\"text-align: justify;\">\n<p style=\"text-align: justify;\"><strong>21 de dezembro (s\u00e1bado)<\/strong><\/p>\n<p style=\"text-align: justify;\">Sess\u00f5es \u00e0s 19h45, 21h e 21h30<\/p>\n","protected":false},"excerpt":{"rendered":"<p>Proje\u00e7\u00f5es mapeadas que contam a hist\u00f3ria do nascimento de Jesus ser\u00e3o exibidas pela \u00faltima vez neste fim de semana Por Victor Hugo Barros A hist\u00f3ria do nascimento de Jesus, contada por meio de proje\u00e7\u00f5es mapeadas na fachada da Bas\u00edlica de Aparecida (SP), encanta quem passa pelo Santu\u00e1rio Nacional desde o \u00faltimo dia 30. Quem ainda [&hellip;]<\/p>\n","protected":false},"author":1,"featured_media":55931,"comment_status":"open","ping_status":"closed","sticky":false,"template":"","format":"standard","meta":{"footnotes":""},"categories":[4,13],"tags":[],"class_list":["post-55930","post","type-post","status-publish","format-standard","has-post-thumbnail","hentry","category-cotidiano","category-featured"],"_links":{"self":[{"href":"https:\/\/catolicanet.net\/wp-cnet\/wp-json\/wp\/v2\/posts\/55930","targetHints":{"allow":["GET"]}}],"collection":[{"href":"https:\/\/catolicanet.net\/wp-cnet\/wp-json\/wp\/v2\/posts"}],"about":[{"href":"https:\/\/catolicanet.net\/wp-cnet\/wp-json\/wp\/v2\/types\/post"}],"author":[{"embeddable":true,"href":"https:\/\/catolicanet.net\/wp-cnet\/wp-json\/wp\/v2\/users\/1"}],"replies":[{"embeddable":true,"href":"https:\/\/catolicanet.net\/wp-cnet\/wp-json\/wp\/v2\/comments?post=55930"}],"version-history":[{"count":1,"href":"https:\/\/catolicanet.net\/wp-cnet\/wp-json\/wp\/v2\/posts\/55930\/revisions"}],"predecessor-version":[{"id":55932,"href":"https:\/\/catolicanet.net\/wp-cnet\/wp-json\/wp\/v2\/posts\/55930\/revisions\/55932"}],"wp:featuredmedia":[{"embeddable":true,"href":"https:\/\/catolicanet.net\/wp-cnet\/wp-json\/wp\/v2\/media\/55931"}],"wp:attachment":[{"href":"https:\/\/catolicanet.net\/wp-cnet\/wp-json\/wp\/v2\/media?parent=55930"}],"wp:term":[{"taxonomy":"category","embeddable":true,"href":"https:\/\/catolicanet.net\/wp-cnet\/wp-json\/wp\/v2\/categories?post=55930"},{"taxonomy":"post_tag","embeddable":true,"href":"https:\/\/catolicanet.net\/wp-cnet\/wp-json\/wp\/v2\/tags?post=55930"}],"curies":[{"name":"wp","href":"https:\/\/api.w.org\/{rel}","templated":true}]}}