{"id":5593,"date":"2015-02-26T13:25:29","date_gmt":"2015-02-26T16:25:29","guid":{"rendered":"http:\/\/catolicanet.net\/wp-cnet\/encontro-da-pastoral-da-musica-liturgica\/"},"modified":"2017-04-07T15:13:49","modified_gmt":"2017-04-07T18:13:49","slug":"encontro-da-pastoral-da-musica-liturgica","status":"publish","type":"post","link":"https:\/\/catolicanet.net\/wp-cnet\/encontro-da-pastoral-da-musica-liturgica\/","title":{"rendered":"Encontro da pastoral da Musica Liturgica"},"content":{"rendered":"<p style=\"text-align: center;\"><img decoding=\"async\" src=\"http:\/\/catolicanet.com.br\/images\/stories\/geral\/pastoralmusicaliturgica.jpg\" border=\"0\" \/><\/p>\n<p style=\"text-align: center;\">\u00a0<\/p>\n<p style=\"text-align: center;\"><strong>CONVITE<\/strong><\/p>\n<p style=\"text-align: justify;\">\u00d3 Senhor, eu cantarei eternamente o vosso amor!<br \/>Sl 88, 2<\/p>\n<p>Irm\u00e3os em Cristo,<br \/>Gostaria de convida-los para as forma\u00e7\u00f5es que teremos neste ano na c\u00faria de Diocesana de Santo Amaro. Est\u00e3o programados tr\u00eas encontros, nos dias:<\/p>\n<p>\u2022\u00a0\u00a0\u00a0\u00a0\u00a0\u00a0\u00a0\u00a0 07 de mar\u00e7o &#8211; 08h \u00e0s 12h<br \/>\u2022\u00a0\u00a0\u00a0\u00a0\u00a0\u00a0\u00a0\u00a0 27 de junho &#8211; 08h \u00e0s 12h<br \/>\u2022\u00a0\u00a0\u00a0\u00a0\u00a0\u00a0\u00a0\u00a0 24 de outubro &#8211; 08h \u00e0s 12h<\/p>\n<p>Um instrumento nas m\u00e3os do artista deve ser preparado, afinado, dispon\u00edvel e confi\u00e1vel. Assim devemos encarar esse chamado a levar Deus pela arte. S\u00e3o Francisco em sua ora\u00e7\u00e3o pede \u201cSenhor, fazei-me instrumento da vossa Paz\u201d. Que esta ora\u00e7\u00e3o nos alcance, e assim sejamos instrumentos afinados nas m\u00e3os do Senhor, Canais da Gra\u00e7a.<br \/>A forma\u00e7\u00e3o \u00e9 de muita import\u00e2ncia para o crescimento, um momento de conviv\u00eancia com m\u00fasicos de outras par\u00f3quias, trocar experi\u00eancias, viver a comunh\u00e3o com Cristo.<\/p>\n<p>Teremos tr\u00eas pontos principais:<\/p>\n<p>\u2022\u00a0\u00a0\u00a0\u00a0\u00a0\u00a0\u00a0\u00a0 Liturgia (Aprender o que tocar)<br \/>\u2022\u00a0\u00a0\u00a0\u00a0\u00a0\u00a0\u00a0\u00a0 Espiritualidade (Aprender a rezar)<br \/>\u2022\u00a0\u00a0\u00a0\u00a0\u00a0\u00a0\u00a0\u00a0 T\u00e9cnica (Aprender como cantar\/Tocar)<\/p>\n<p>Desde j\u00e1 agrade\u00e7o a sua aten\u00e7\u00e3o e, se poss\u00edvel, aquele que tiver em m\u00e3os essa carta, compartilhe com seus conhecidos que participam da pastoral da m\u00fasica e convide-os para as forma\u00e7\u00f5es.<br \/>Obrigado, Deus aben\u00e7oe!<\/p>\n<p>Coordenador Diocesano: Padre Silvio Mori<br \/>Tel: 5611-0179<\/p>\n","protected":false},"excerpt":{"rendered":"<p>\u00a0 CONVITE \u00d3 Senhor, eu cantarei eternamente o vosso amor!Sl 88, 2 Irm\u00e3os em Cristo,Gostaria de convida-los para as forma\u00e7\u00f5es que teremos neste ano na c\u00faria de Diocesana de Santo Amaro. Est\u00e3o programados tr\u00eas encontros, nos dias: \u2022\u00a0\u00a0\u00a0\u00a0\u00a0\u00a0\u00a0\u00a0 07 de mar\u00e7o &#8211; 08h \u00e0s 12h\u2022\u00a0\u00a0\u00a0\u00a0\u00a0\u00a0\u00a0\u00a0 27 de junho &#8211; 08h \u00e0s 12h\u2022\u00a0\u00a0\u00a0\u00a0\u00a0\u00a0\u00a0\u00a0 24 de outubro [&hellip;]<\/p>\n","protected":false},"author":1,"featured_media":0,"comment_status":"closed","ping_status":"closed","sticky":false,"template":"","format":"standard","meta":{"footnotes":""},"categories":[3],"tags":[],"class_list":["post-5593","post","type-post","status-publish","format-standard","hentry","category-vaticano"],"_links":{"self":[{"href":"https:\/\/catolicanet.net\/wp-cnet\/wp-json\/wp\/v2\/posts\/5593","targetHints":{"allow":["GET"]}}],"collection":[{"href":"https:\/\/catolicanet.net\/wp-cnet\/wp-json\/wp\/v2\/posts"}],"about":[{"href":"https:\/\/catolicanet.net\/wp-cnet\/wp-json\/wp\/v2\/types\/post"}],"author":[{"embeddable":true,"href":"https:\/\/catolicanet.net\/wp-cnet\/wp-json\/wp\/v2\/users\/1"}],"replies":[{"embeddable":true,"href":"https:\/\/catolicanet.net\/wp-cnet\/wp-json\/wp\/v2\/comments?post=5593"}],"version-history":[{"count":1,"href":"https:\/\/catolicanet.net\/wp-cnet\/wp-json\/wp\/v2\/posts\/5593\/revisions"}],"predecessor-version":[{"id":10562,"href":"https:\/\/catolicanet.net\/wp-cnet\/wp-json\/wp\/v2\/posts\/5593\/revisions\/10562"}],"wp:attachment":[{"href":"https:\/\/catolicanet.net\/wp-cnet\/wp-json\/wp\/v2\/media?parent=5593"}],"wp:term":[{"taxonomy":"category","embeddable":true,"href":"https:\/\/catolicanet.net\/wp-cnet\/wp-json\/wp\/v2\/categories?post=5593"},{"taxonomy":"post_tag","embeddable":true,"href":"https:\/\/catolicanet.net\/wp-cnet\/wp-json\/wp\/v2\/tags?post=5593"}],"curies":[{"name":"wp","href":"https:\/\/api.w.org\/{rel}","templated":true}]}}