{"id":55919,"date":"2019-12-18T16:52:48","date_gmt":"2019-12-18T19:52:48","guid":{"rendered":"https:\/\/catolicanet.net\/wp-cnet\/?p=55919"},"modified":"2019-12-18T16:52:48","modified_gmt":"2019-12-18T19:52:48","slug":"o-apelo-do-papa-no-dia-dos-migrantes","status":"publish","type":"post","link":"https:\/\/catolicanet.net\/wp-cnet\/o-apelo-do-papa-no-dia-dos-migrantes\/","title":{"rendered":"O apelo do Papa no Dia dos Migrantes"},"content":{"rendered":"<div class=\"article__subTitle\" style=\"text-align: justify;\">No Dia Mundial dos Direitos dos Migrantes, o apelo do Papa, em um tu\u00edter, para a acolhida, prote\u00e7\u00e3o, e integra\u00e7\u00e3o. Amanh\u00e3, quinta-feira, 19 de dezembro, Francisco encontra os refugiados que chegaram de Lesbos. Se falamos de migrantes, as situa\u00e7\u00f5es s\u00e3o muitas e diferentes. Em todo caso, os especialistas recomendam um estudo s\u00e9rio e historicizado do fen\u00f4meno. Entrevista com a dem\u00f3grafa especialista em fluxos migrat\u00f3rios Laura Terzera<\/div>\n<div class=\"title__separator\" style=\"text-align: justify;\"><\/div>\n<div class=\"article__text\">\n<p style=\"text-align: justify;\"><b>Fausta Speranza, Silvonei Jos\u00e9 &#8211; Cidade do Vaticano<\/b><\/p>\n<p style=\"text-align: justify;\">A resposta aos desafios apresentados pela migra\u00e7\u00e3o contempor\u00e2nea pode ser resumida em quatro verbos: acolher, proteger, promover e integrar. \u00c9 o que o Papa escreve em seu tu\u00edter no Dia Internacional dos Direitos dos Migrantes. Se os pusermos em pr\u00e1tica &#8211; acrescenta o Papa &#8211; contribuiremos para a constru\u00e7\u00e3o da cidade de Deus e do homem.<\/p>\n<h2 style=\"text-align: justify;\">Papa encontra os migrantes de Lesbos que chegaram \u00e0 It\u00e1lia<\/h2>\n<p style=\"text-align: justify;\">Amanh\u00e3, no final das audi\u00eancias da parte da manh\u00e3, o Papa Francisco encontrar\u00e1 os refugiados de Lesbos rec\u00e9m-chegados a Roma com corredores humanit\u00e1rios e colocar\u00e1 uma cruz &#8211; no acesso ao Pal\u00e1cio Apost\u00f3lico a partir do P\u00e1tio do Belvedere &#8211; em mem\u00f3ria dos migrantes e refugiados.<\/p>\n<h2 style=\"text-align: justify;\">A defesa do direito de asilo nas recomenda\u00e7\u00f5es da ONU<\/h2>\n<p style=\"text-align: justify;\">Nesta ter\u00e7a-feira (17\/12), o Secret\u00e1rio-geral das Na\u00e7\u00f5es Unidas, Ant\u00f3nio Guterres, pediu para que seja defendido o direito de asilo que &#8211; explicou -, est\u00e1 sendo atacado em um momento em que muitas fronteiras e portas est\u00e3o sendo fechadas aos refugiados, at\u00e9 mesmo \u00e0s crian\u00e7as. De acordo com a ag\u00eancia das Na\u00e7\u00f5es Unidas para os refugiados, mais de 70 milh\u00f5es de pessoas no mundo s\u00e3o obrigadas a fugir do seu pr\u00f3prio pa\u00eds. Um n\u00famero sem precedentes. Entre as verdadeiras emerg\u00eancias, est\u00e1 a trag\u00e9dia das deten\u00e7\u00f5es em campos como os da L\u00edbia, para onde este ano foram reconduzidas cerca de 9.000 pessoas que tentaram atravessar o Mar Mediterr\u00e2neo em dire\u00e7\u00e3o da Europa e onde a ONU denuncia &#8220;condi\u00e7\u00f5es indiz\u00edveis&#8221;. Em geral, a tend\u00eancia n\u00e3o \u00e9 de acolhida. A estudiosa Laura Terzera, professora da Universidade Bicocca de Mil\u00e3o:<\/p>\n<p style=\"text-align: justify;\">R. &#8211; \u00c9 um fen\u00f4meno do qual n\u00e3o se pode fazer uma fotografia, mas sobre o qual \u00e9 preciso conhecer um pouco a hist\u00f3ria, segundo o pa\u00eds em que voc\u00ea est\u00e1. A mobilidade pode ser estudada muito melhor agora atrav\u00e9s do passado porque, embora tenhamos falta de dados, temos mais do que no passado.<\/p>\n<p style=\"text-align: justify;\"><b>Parece tamb\u00e9m que a m\u00eddia amplifica muito essa realidade&#8230;<\/b><\/p>\n<p style=\"text-align: justify;\">R. &#8211; Simplesmente porque hoje sabemos muito mais coisas. Temos uma forma de comunica\u00e7\u00e3o que \u00e9 imediata e mais acess\u00edvel a todos. Pensemos simplesmente na grande migra\u00e7\u00e3o que existiu entre os s\u00e9culos XIX e XX at\u00e9 \u00e0 Primeira Guerra Mundial; era conhecida apenas de boca em boca. Constroem-se muito mais muros do que no passado. Existem alguns dados interessantes que mostram como o aumento das fronteiras se deve, de alguma forma, ao fato de que cada territ\u00f3rio parecer ter uma bandeira. \u00c9 mais dif\u00edcil mover-se do que no passado.<\/p>\n<p style=\"text-align: justify;\"><b>Paralelamente ao fen\u00f4meno da migra\u00e7\u00e3o, h\u00e1 o fen\u00f4meno de uma conflitualidade que &#8211; segundo dados da ONU &#8211; cresce em todo o mundo&#8230;<\/b><\/p>\n<p style=\"text-align: justify;\">R. \u2013 As \u00a0conflitualidades levam a um certo tipo de movimento que \u00e9 o movimento for\u00e7ado, isto \u00e9, pessoas que n\u00e3o teriam optado por migrar, mas que o fizeram porque s\u00e3o for\u00e7adas, for\u00e7adas para sobreviver. Por isso, devem se mover porque h\u00e1 fome, uma cat\u00e1strofe natural, uma guerra, conflitos. \u00c9 \u00f3bvio que essas s\u00e3o de alguma forma emerg\u00eancias, ent\u00e3o o aspecto da mobilidade econ\u00f4mica, a mobilidade familiar \u00e9 mais manej\u00e1vel, porque \u00e9 mais program\u00e1vel. Isto, \u00e9 claro, por sua defini\u00e7\u00e3o \u00e9 repentina, \u00e9 uma emerg\u00eancia.<\/p>\n<\/div>\n","protected":false},"excerpt":{"rendered":"<p>No Dia Mundial dos Direitos dos Migrantes, o apelo do Papa, em um tu\u00edter, para a acolhida, prote\u00e7\u00e3o, e integra\u00e7\u00e3o. Amanh\u00e3, quinta-feira, 19 de dezembro, Francisco encontra os refugiados que chegaram de Lesbos. Se falamos de migrantes, as situa\u00e7\u00f5es s\u00e3o muitas e diferentes. Em todo caso, os especialistas recomendam um estudo s\u00e9rio e historicizado do [&hellip;]<\/p>\n","protected":false},"author":1,"featured_media":55920,"comment_status":"open","ping_status":"closed","sticky":false,"template":"","format":"standard","meta":{"footnotes":""},"categories":[13,3],"tags":[],"class_list":["post-55919","post","type-post","status-publish","format-standard","has-post-thumbnail","hentry","category-featured","category-vaticano"],"_links":{"self":[{"href":"https:\/\/catolicanet.net\/wp-cnet\/wp-json\/wp\/v2\/posts\/55919","targetHints":{"allow":["GET"]}}],"collection":[{"href":"https:\/\/catolicanet.net\/wp-cnet\/wp-json\/wp\/v2\/posts"}],"about":[{"href":"https:\/\/catolicanet.net\/wp-cnet\/wp-json\/wp\/v2\/types\/post"}],"author":[{"embeddable":true,"href":"https:\/\/catolicanet.net\/wp-cnet\/wp-json\/wp\/v2\/users\/1"}],"replies":[{"embeddable":true,"href":"https:\/\/catolicanet.net\/wp-cnet\/wp-json\/wp\/v2\/comments?post=55919"}],"version-history":[{"count":1,"href":"https:\/\/catolicanet.net\/wp-cnet\/wp-json\/wp\/v2\/posts\/55919\/revisions"}],"predecessor-version":[{"id":55921,"href":"https:\/\/catolicanet.net\/wp-cnet\/wp-json\/wp\/v2\/posts\/55919\/revisions\/55921"}],"wp:featuredmedia":[{"embeddable":true,"href":"https:\/\/catolicanet.net\/wp-cnet\/wp-json\/wp\/v2\/media\/55920"}],"wp:attachment":[{"href":"https:\/\/catolicanet.net\/wp-cnet\/wp-json\/wp\/v2\/media?parent=55919"}],"wp:term":[{"taxonomy":"category","embeddable":true,"href":"https:\/\/catolicanet.net\/wp-cnet\/wp-json\/wp\/v2\/categories?post=55919"},{"taxonomy":"post_tag","embeddable":true,"href":"https:\/\/catolicanet.net\/wp-cnet\/wp-json\/wp\/v2\/tags?post=55919"}],"curies":[{"name":"wp","href":"https:\/\/api.w.org\/{rel}","templated":true}]}}