{"id":55916,"date":"2019-12-18T16:51:10","date_gmt":"2019-12-18T19:51:10","guid":{"rendered":"https:\/\/catolicanet.net\/wp-cnet\/?p=55916"},"modified":"2019-12-18T16:51:10","modified_gmt":"2019-12-18T19:51:10","slug":"projeto-comunhao-e-partilha-beneficia-mais-de-400-seminaristas-em-2019","status":"publish","type":"post","link":"https:\/\/catolicanet.net\/wp-cnet\/projeto-comunhao-e-partilha-beneficia-mais-de-400-seminaristas-em-2019\/","title":{"rendered":"Projeto Comunh\u00e3o e Partilha beneficia mais de 400 seminaristas em 2019"},"content":{"rendered":"<div class=\"wp-caption\"><\/div>\n<div id=\"attachment_219377\" class=\"wp-caption alignleft\"><a href=\"https:\/\/www.cnbb.org.br\/gesto-concreto-projeto-comunhao-e-partilha-ajuda-dioceses-pobres-do-brasil\/igrejasirmas\/\"><img loading=\"lazy\" decoding=\"async\" class=\"wp-image-219377\" src=\"https:\/\/www.cnbb.org.br\/wp-content\/uploads\/sites\/32\/2019\/05\/IgrejasIrm\u00e3s-1024x682.jpg\" srcset=\"https:\/\/www.cnbb.org.br\/wp-content\/uploads\/sites\/32\/2019\/05\/IgrejasIrm\u00e3s-1024x682.jpg 1024w, https:\/\/www.cnbb.org.br\/wp-content\/uploads\/sites\/32\/2019\/05\/IgrejasIrm\u00e3s-300x200.jpg 300w, https:\/\/www.cnbb.org.br\/wp-content\/uploads\/sites\/32\/2019\/05\/IgrejasIrm\u00e3s-768x512.jpg 768w\" alt=\"\" width=\"346\" height=\"230\" aria-describedby=\"caption-attachment-219377\" \/><\/a><\/p>\n<p id=\"caption-attachment-219377\" class=\"wp-caption-text\">Dom Jos\u00e9 Valmor Cesar Teixeira, presidente da Comiss\u00e3o para a Comunh\u00e3o e Partilha da CNBB<\/p>\n<\/div>\n<p style=\"text-align: justify;\">O bispo de S\u00e3o Jos\u00e9 dos Campos (SP) e presidente da Comiss\u00e3o Episcopal para a Comunh\u00e3o e Partilha da Confer\u00eancia Nacional dos Bispos do Brasil (CNBB), dom Jos\u00e9 Valmor Cesar Teixeira, enviou um agradecimento aos irm\u00e3os no episcopado pela colabora\u00e7\u00e3o no projeto Comunh\u00e3o e Partilha. Neste ano, de acordo com o bispo, foram mais de 400 seminaristas de 49 dioceses beneficiados com as contribui\u00e7\u00f5es de 1% das dioceses com melhores condi\u00e7\u00f5es financeiras \u00e0quelas mais pobres.<\/p>\n<blockquote><p>\u201c<em>O projeto Comunh\u00e3o e Partilha \u00e9 uma verdadeira gra\u00e7a de Deus para a forma\u00e7\u00e3o dos seminaristas das dioceses mais necessitadas do Brasil. Em 2019, foram beneficiados mais de 400 seminaristas de 49 dioceses e prelazias. A realidade da Igreja primitiva, se faz presente hoje na Igreja no Brasil com a colabora\u00e7\u00e3o da comunh\u00e3o episcopal na forma\u00e7\u00e3o de futuros padres<\/em>\u201d, afirmou dom Cesar.<\/p><\/blockquote>\n<p style=\"text-align: justify;\">O bispo agradeceu \u201cimensamente\u201d aos que colaboraram \u201cpara esta obra de Deus\u201d, atendendo \u00e0 decis\u00e3o dos bispos em Assembleia, no ano de 2012, quando o projeto foi iniciado. \u201cContinuemos contribuindo no novo ano de 2020 em favor das voca\u00e7\u00f5es presbiterais na Igreja de Cristo no Brasil, motivou.<\/p>\n","protected":false},"excerpt":{"rendered":"<p>Dom Jos\u00e9 Valmor Cesar Teixeira, presidente da Comiss\u00e3o para a Comunh\u00e3o e Partilha da CNBB O bispo de S\u00e3o Jos\u00e9 dos Campos (SP) e presidente da Comiss\u00e3o Episcopal para a Comunh\u00e3o e Partilha da Confer\u00eancia Nacional dos Bispos do Brasil (CNBB), dom Jos\u00e9 Valmor Cesar Teixeira, enviou um agradecimento aos irm\u00e3os no episcopado pela colabora\u00e7\u00e3o [&hellip;]<\/p>\n","protected":false},"author":1,"featured_media":55917,"comment_status":"open","ping_status":"closed","sticky":false,"template":"","format":"standard","meta":{"footnotes":""},"categories":[7],"tags":[],"class_list":["post-55916","post","type-post","status-publish","format-standard","has-post-thumbnail","hentry","category-cnbb"],"_links":{"self":[{"href":"https:\/\/catolicanet.net\/wp-cnet\/wp-json\/wp\/v2\/posts\/55916","targetHints":{"allow":["GET"]}}],"collection":[{"href":"https:\/\/catolicanet.net\/wp-cnet\/wp-json\/wp\/v2\/posts"}],"about":[{"href":"https:\/\/catolicanet.net\/wp-cnet\/wp-json\/wp\/v2\/types\/post"}],"author":[{"embeddable":true,"href":"https:\/\/catolicanet.net\/wp-cnet\/wp-json\/wp\/v2\/users\/1"}],"replies":[{"embeddable":true,"href":"https:\/\/catolicanet.net\/wp-cnet\/wp-json\/wp\/v2\/comments?post=55916"}],"version-history":[{"count":1,"href":"https:\/\/catolicanet.net\/wp-cnet\/wp-json\/wp\/v2\/posts\/55916\/revisions"}],"predecessor-version":[{"id":55918,"href":"https:\/\/catolicanet.net\/wp-cnet\/wp-json\/wp\/v2\/posts\/55916\/revisions\/55918"}],"wp:featuredmedia":[{"embeddable":true,"href":"https:\/\/catolicanet.net\/wp-cnet\/wp-json\/wp\/v2\/media\/55917"}],"wp:attachment":[{"href":"https:\/\/catolicanet.net\/wp-cnet\/wp-json\/wp\/v2\/media?parent=55916"}],"wp:term":[{"taxonomy":"category","embeddable":true,"href":"https:\/\/catolicanet.net\/wp-cnet\/wp-json\/wp\/v2\/categories?post=55916"},{"taxonomy":"post_tag","embeddable":true,"href":"https:\/\/catolicanet.net\/wp-cnet\/wp-json\/wp\/v2\/tags?post=55916"}],"curies":[{"name":"wp","href":"https:\/\/api.w.org\/{rel}","templated":true}]}}