{"id":55912,"date":"2019-12-18T16:48:06","date_gmt":"2019-12-18T19:48:06","guid":{"rendered":"https:\/\/catolicanet.net\/wp-cnet\/?p=55912"},"modified":"2019-12-18T16:48:06","modified_gmt":"2019-12-18T19:48:06","slug":"presidente-da-cnbb-pede-solidariedade-e-justica-diante-dos-atentados-contra-indigenas","status":"publish","type":"post","link":"https:\/\/catolicanet.net\/wp-cnet\/presidente-da-cnbb-pede-solidariedade-e-justica-diante-dos-atentados-contra-indigenas\/","title":{"rendered":"Presidente da CNBB pede solidariedade e justi\u00e7a diante dos atentados contra ind\u00edgenas"},"content":{"rendered":"<p>\u201cN\u00e3o deixemos agravar essa cicatriz da sociedade brasileira que \u00e9 a persegui\u00e7\u00e3o aos povos origin\u00e1rios do Brasil\u201d, afirmou o arcebispo de Belo Horizonte (MG) e presidente da Confer\u00eancia Nacional dos Bispos do Brasil (CNBB), dom Walmor Oliveira de Azevedo. Em v\u00eddeo, divulgado nesta quarta-feira, 18 de dezembro, dom Walmor comenta os recentes atentados sofridos por ind\u00edgenas e comunidades tradicionais no Brasil: \u201c\u00e9 preciso se solidarizar com os \u00edndios. Mais do que isso, devemos exigir das autoridades competentes s\u00e9ria e c\u00e9lere apura\u00e7\u00e3o dos fatos. Que a justi\u00e7a seja feita\u201d.<\/p>\n<div id=\"attachment_230837\" class=\"wp-caption alignright\"><img loading=\"lazy\" decoding=\"async\" class=\"wp-image-230837 size-medium\" src=\"https:\/\/www.cnbb.org.br\/wp-content\/uploads\/sites\/32\/2019\/12\/Cimi-protesto-justi\u00e7a-assassinatos-300x200.jpg\" srcset=\"https:\/\/www.cnbb.org.br\/wp-content\/uploads\/sites\/32\/2019\/12\/Cimi-protesto-justi\u00e7a-assassinatos-300x200.jpg 300w, https:\/\/www.cnbb.org.br\/wp-content\/uploads\/sites\/32\/2019\/12\/Cimi-protesto-justi\u00e7a-assassinatos-768x512.jpg 768w, https:\/\/www.cnbb.org.br\/wp-content\/uploads\/sites\/32\/2019\/12\/Cimi-protesto-justi\u00e7a-assassinatos.jpg 960w\" alt=\"\" width=\"300\" height=\"200\" aria-describedby=\"caption-attachment-230837\" \/><\/p>\n<p id=\"caption-attachment-230837\" class=\"wp-caption-text\"><em>Foto: Tiago Miotto\/Cimi<\/em><\/p>\n<\/div>\n<p>Para dom Walmor, \u201c\u00e9 vergonhoso ter que conviver, em pleno s\u00e9culo XXI, com persegui\u00e7\u00f5es e atentados contra a popula\u00e7\u00e3o ind\u00edgena em raz\u00e3o da gan\u00e2ncia, da gan\u00e2ncia da minera\u00e7\u00e3o, sobretudo, crimes graves, movidos pela ambi\u00e7\u00e3o desmedida, por uma escravid\u00e3o ao dom\u00ednio do dinheiro\u201d. O presidente da CNBB refor\u00e7a que \u201cexercer a op\u00e7\u00e3o preferencial pelos pobres, selo de autenticidade da f\u00e9 crist\u00e3, \u00e9 estar ao lado dos \u00edndios, dos que vivem nas ruas, dos sofredores e marginalizados, todos nossos irm\u00e3os e irm\u00e3s\u201d.<\/p>\n<p>Ao citar a mensagem do Papa Francisco para o Dia Mundial da Paz de 2020, no pr\u00f3ximo 1\u00ba de janeiro, na qual o pont\u00edfice fala dos sinais de guerras e conflitos que a humanidade traz \u201cna mem\u00f3ria e na carne\u201d, dom Walmor pede:<\/p>\n<blockquote><p>\u201c<em>N\u00e3o deixemos agravar essa cicatriz da sociedade brasileira que \u00e9 a persegui\u00e7\u00e3o aos povos origin\u00e1rios do Brasil. N\u00e3o se troca a vida por riquezas. A paz \u00e9 o maior tesouro que uma civiliza\u00e7\u00e3o pode conquistar. Seja a busca pela paz o horizonte permanente das rela\u00e7\u00f5es humanas, compromisso inarred\u00e1vel que exige respeito a todos os povos, principalmente aos ind\u00edgenas, exclu\u00eddos de nossa sociedade, a exemplo de Jesus e dos que Dele estavam pr\u00f3ximos no templo do pres\u00e9pio<\/em>\u201d.<\/p><\/blockquote>\n<p>Confira o v\u00eddeo de dom Walmor:<\/p>\n<iframe loading=\"lazy\"  id=\"_ytid_34298\"  width=\"696\" height=\"392\"  data-origwidth=\"696\" data-origheight=\"392\"  data-relstop=\"1\" src=\"https:\/\/www.youtube.com\/embed\/95POVhKulf8?enablejsapi=1&autoplay=0&cc_load_policy=0&cc_lang_pref=&iv_load_policy=1&loop=0&rel=0&fs=1&playsinline=0&autohide=2&theme=dark&color=red&controls=1&disablekb=0&\" class=\"__youtube_prefs__  no-lazyload\" title=\"YouTube player\"  allow=\"fullscreen; accelerometer; autoplay; clipboard-write; encrypted-media; gyroscope; picture-in-picture; web-share\" referrerpolicy=\"strict-origin-when-cross-origin\" allowfullscreen data-no-lazy=\"1\" data-skipgform_ajax_framebjll=\"\"><\/iframe>\n","protected":false},"excerpt":{"rendered":"<p>\u201cN\u00e3o deixemos agravar essa cicatriz da sociedade brasileira que \u00e9 a persegui\u00e7\u00e3o aos povos origin\u00e1rios do Brasil\u201d, afirmou o arcebispo de Belo Horizonte (MG) e presidente da Confer\u00eancia Nacional dos Bispos do Brasil (CNBB), dom Walmor Oliveira de Azevedo. Em v\u00eddeo, divulgado nesta quarta-feira, 18 de dezembro, dom Walmor comenta os recentes atentados sofridos por [&hellip;]<\/p>\n","protected":false},"author":1,"featured_media":55913,"comment_status":"open","ping_status":"closed","sticky":false,"template":"","format":"standard","meta":{"footnotes":""},"categories":[7,13],"tags":[],"class_list":["post-55912","post","type-post","status-publish","format-standard","has-post-thumbnail","hentry","category-cnbb","category-featured"],"_links":{"self":[{"href":"https:\/\/catolicanet.net\/wp-cnet\/wp-json\/wp\/v2\/posts\/55912","targetHints":{"allow":["GET"]}}],"collection":[{"href":"https:\/\/catolicanet.net\/wp-cnet\/wp-json\/wp\/v2\/posts"}],"about":[{"href":"https:\/\/catolicanet.net\/wp-cnet\/wp-json\/wp\/v2\/types\/post"}],"author":[{"embeddable":true,"href":"https:\/\/catolicanet.net\/wp-cnet\/wp-json\/wp\/v2\/users\/1"}],"replies":[{"embeddable":true,"href":"https:\/\/catolicanet.net\/wp-cnet\/wp-json\/wp\/v2\/comments?post=55912"}],"version-history":[{"count":1,"href":"https:\/\/catolicanet.net\/wp-cnet\/wp-json\/wp\/v2\/posts\/55912\/revisions"}],"predecessor-version":[{"id":55914,"href":"https:\/\/catolicanet.net\/wp-cnet\/wp-json\/wp\/v2\/posts\/55912\/revisions\/55914"}],"wp:featuredmedia":[{"embeddable":true,"href":"https:\/\/catolicanet.net\/wp-cnet\/wp-json\/wp\/v2\/media\/55913"}],"wp:attachment":[{"href":"https:\/\/catolicanet.net\/wp-cnet\/wp-json\/wp\/v2\/media?parent=55912"}],"wp:term":[{"taxonomy":"category","embeddable":true,"href":"https:\/\/catolicanet.net\/wp-cnet\/wp-json\/wp\/v2\/categories?post=55912"},{"taxonomy":"post_tag","embeddable":true,"href":"https:\/\/catolicanet.net\/wp-cnet\/wp-json\/wp\/v2\/tags?post=55912"}],"curies":[{"name":"wp","href":"https:\/\/api.w.org\/{rel}","templated":true}]}}