{"id":55866,"date":"2019-12-16T16:26:57","date_gmt":"2019-12-16T19:26:57","guid":{"rendered":"https:\/\/catolicanet.net\/wp-cnet\/?p=55866"},"modified":"2019-12-16T16:26:57","modified_gmt":"2019-12-16T19:26:57","slug":"jesus-o-emanuel","status":"publish","type":"post","link":"https:\/\/catolicanet.net\/wp-cnet\/jesus-o-emanuel\/","title":{"rendered":"JESUS, O EMANUEL"},"content":{"rendered":"<p style=\"text-align: justify;\">A Encarna\u00e7\u00e3o da Segunda Pessoa da Sant\u00edssima Trindade e o Nascimento virginal de Maria, focalizados por S\u00e3o Mateus, mostram a miss\u00e3o de S\u00e3o Jos\u00e9 nos admir\u00e1veis planos de Deus (Mt 1,18-24). \u00a0A vinda do Redentor da humanidade a este mundo se enra\u00edza na hist\u00f3ria de Israel. O menino que nasceria de Maria \u00e9 obra do Esp\u00edrito Santo e pertenceria \u00e0 linhagem de Davi atrav\u00e9s de Jos\u00e9, homem justo, bondoso e humilde. Sua esposa estava gr\u00e1vida e, por n\u00e3o conhecer ainda o projeto redentor de Deus, ele pensou, para lhe salvar a honra, em se desvincular secretamente dela. Foi preciso ent\u00e3o que um anjo lhe explicasse o papel do Esp\u00edrito Santo naquela maternidade. S\u00e3o Jos\u00e9 confia ent\u00e3o em Deus e lhe obedece, aceitando aquela miss\u00e3o paternal perante a lei. O grande objetivo de S\u00e3o Mateus foi salientar a filia\u00e7\u00e3o divina de Jesus, o Emanuel, Deus conosco. A\u00ed est\u00e1 a perspectiva teol\u00f3gica ressaltada pelo Evangelista. \u00c9 o pr\u00f3prio Deus quem revela ser Jesus o Cristo, o Salvador da humanidade, cuja identidade fica assim bem retratada. S\u00e3o Jos\u00e9 deixou o exemplo de como se comportar perante fatos t\u00e3o maravilhosos, ou seja, como proceder na aceita\u00e7\u00e3o pela f\u00e9 da iniciativa de Deus. Este naquele acontecimento visava a reden\u00e7\u00e3o de todos os homens. \u00c9 importante, portanto, que o crist\u00e3o esteja sem cessar preparado para acolher com f\u00e9 e humildade o roteiro de salva\u00e7\u00e3o estabelecido por Deus. Jesus \u00e9 este Deus conosco e isto para que os fi\u00e9is enfrentem todas as dificuldades inerentes a este ex\u00edlio terreno no que toca \u00e0 fam\u00edlia, \u00e0 sociedade, \u00e0 pr\u00f3pria Igreja, \u00e0s diversas comunidades. A proximidade do Natal deve, deste modo, lan\u00e7ar raios de esperan\u00e7a para superar todos os momentos dif\u00edceis, imergindo o seguidor de Cristo no amor divino. Momentos de turbul\u00eancia interior passou S\u00e3o Jos\u00e9 at\u00e9 o esclarecimento celeste, mas ele depois aderiu inteiramente aos des\u00edgnios celestes. \u00c9 atrav\u00e9s de seus seguidores que Jesus quer se mostrar a este mundo t\u00e3o materializado e no qual se multiplicam ataques \u00e0 verdadeira Igreja de Cristo e um desprezo assustador dos dez mandamentos. Multiplicam-se exemplos degradantes de falsos \u00eddolos criados pelos meios de comunica\u00e7\u00e3o social e todo o cuidado \u00e9 pouco. Necess\u00e1rio, portanto, um ajustamento total \u00e0 vontade de Deus e eis a\u00ed a grande mensagem que flui da atitude de S\u00e3o Jos\u00e9. A ele o anjo lhe diz: \u201cN\u00e3o tenhas medo\u201d. O mesmo \u00e9 dito a todos que desejam perseverar, pois a verdade h\u00e1 sempre de permanece, n\u00e3o obstante os erros que se multiplicam por toda parte, numa trai\u00e7\u00e3o ou nega\u00e7\u00e3o do aut\u00eantico Evangelho trazido a este mundo pelo Emanuel. Como S\u00e3o Jos\u00e9, o aut\u00eantico seguidor de Cristo tem sua intelig\u00eancia atenta \u00e0 iniciativa de Deus. Por isto deve estar repleto das luzes do Esp\u00edrito Santo para realizar sua miss\u00e3o no meio dos homens, levando por toda parte a mensagem redentora do Emanuel, mostrando que, de fato, Ele \u00e9 o Deus conosco. Este Deus liberta na ordem moral e espiritual pela uni\u00e3o profunda entre o ser humano e seu Senhor. Uma liberta\u00e7\u00e3o universal que precisa atingir todos os que t\u00eam a ventura de ter f\u00e9. Deste modo, o t\u00edtulo de Emanuel vem completar o retrato teol\u00f3gico do Filho de Deus, \u00e9 um programa e um minist\u00e9rio de apostolado para faz\u00ea-lo sempre mais conhecido e amado. \u00c9 que este Jesus, Deus conosco, se faz presente na hist\u00f3ria dos homens atrav\u00e9s de seus disc\u00edpulos. Ser fiel no sentido b\u00edblico da palavra \u00e9 ser coerente com sua f\u00e9, um crist\u00e3o que pela sua santidade de vida realiza os des\u00edgnios de Deus. S\u00e3o Jos\u00e9 foi denominado um homem justo, porque totalmente ajustado ao querer divino e, por isto, n\u00e3o s\u00f3 exerceu uma fun\u00e7\u00e3o t\u00e3o importante como Pai legal do Messias, como se tornou um exemplo de fidelidade a Deus. O m\u00e9rito de S\u00e3o Jos\u00e9 foi acolher a iniciativa salvadora deste Deus e atrav\u00e9s dos tempos ele contesta as lentid\u00f5es, as retic\u00eancias de tantos crist\u00e3os que acabam impedindo a a\u00e7\u00e3o divina que deve se expandir por toda parte. Cumpre n\u00e3o fazer de Deus o nosso sat\u00e9lite, colocando-O a nosso servi\u00e7o. S\u00e3o Jos\u00e9 mostrou que n\u00e3o h\u00e1 temor quando \u00e9 Deus que age na vida de seu servidor. Venturosos os que adotam a atitude de S\u00e3o Jos\u00e9. \u00c9 do interior que flui a maleabilidade para seguir as inspira\u00e7\u00f5es divinas. Para isto \u00e9 dentro de cada um de n\u00f3s que devem borbulhar os efl\u00favios de todas as virtudes, gerando uma vida respons\u00e1vel e solid\u00e1ria. Apenas assim Jesus, o Salvador, ser\u00e1 para n\u00f3s o Emanuel, o Deus que estar\u00e1 sempre conosco. A prepara\u00e7\u00e3o para o Natal j\u00e1 \u00e9 um sinal de um desejo ardente da salva\u00e7\u00e3o daquele que, vindo ao encontro de nossas fraquezas, n\u00e3o nos abandonar\u00e1 jamais, Tudo isto porque o Natal dever\u00e1 significar para n\u00f3s um Encontro com uma Pessoa e n\u00e3o com uma ideia que se diluir\u00e1 com o passar dos dias. O Natal vem nos recordar que a presen\u00e7a de Jesus \u00e9 a express\u00e3o real de seu interesse por suas criaturas. \u00a0Deixemo-nos possuir por este inef\u00e1vel amor e seremos felizes!<\/p>\n","protected":false},"excerpt":{"rendered":"<p>A Encarna\u00e7\u00e3o da Segunda Pessoa da Sant\u00edssima Trindade e o Nascimento virginal de Maria, focalizados por S\u00e3o Mateus, mostram a miss\u00e3o de S\u00e3o Jos\u00e9 nos admir\u00e1veis planos de Deus (Mt 1,18-24). \u00a0A vinda do Redentor da humanidade a este mundo se enra\u00edza na hist\u00f3ria de Israel. O menino que nasceria de Maria \u00e9 obra do [&hellip;]<\/p>\n","protected":false},"author":7,"featured_media":55813,"comment_status":"open","ping_status":"closed","sticky":false,"template":"","format":"standard","meta":{"footnotes":""},"categories":[9],"tags":[],"class_list":["post-55866","post","type-post","status-publish","format-standard","has-post-thumbnail","hentry","category-artigos"],"_links":{"self":[{"href":"https:\/\/catolicanet.net\/wp-cnet\/wp-json\/wp\/v2\/posts\/55866","targetHints":{"allow":["GET"]}}],"collection":[{"href":"https:\/\/catolicanet.net\/wp-cnet\/wp-json\/wp\/v2\/posts"}],"about":[{"href":"https:\/\/catolicanet.net\/wp-cnet\/wp-json\/wp\/v2\/types\/post"}],"author":[{"embeddable":true,"href":"https:\/\/catolicanet.net\/wp-cnet\/wp-json\/wp\/v2\/users\/7"}],"replies":[{"embeddable":true,"href":"https:\/\/catolicanet.net\/wp-cnet\/wp-json\/wp\/v2\/comments?post=55866"}],"version-history":[{"count":1,"href":"https:\/\/catolicanet.net\/wp-cnet\/wp-json\/wp\/v2\/posts\/55866\/revisions"}],"predecessor-version":[{"id":55867,"href":"https:\/\/catolicanet.net\/wp-cnet\/wp-json\/wp\/v2\/posts\/55866\/revisions\/55867"}],"wp:featuredmedia":[{"embeddable":true,"href":"https:\/\/catolicanet.net\/wp-cnet\/wp-json\/wp\/v2\/media\/55813"}],"wp:attachment":[{"href":"https:\/\/catolicanet.net\/wp-cnet\/wp-json\/wp\/v2\/media?parent=55866"}],"wp:term":[{"taxonomy":"category","embeddable":true,"href":"https:\/\/catolicanet.net\/wp-cnet\/wp-json\/wp\/v2\/categories?post=55866"},{"taxonomy":"post_tag","embeddable":true,"href":"https:\/\/catolicanet.net\/wp-cnet\/wp-json\/wp\/v2\/tags?post=55866"}],"curies":[{"name":"wp","href":"https:\/\/api.w.org\/{rel}","templated":true}]}}