{"id":55860,"date":"2019-12-16T14:44:29","date_gmt":"2019-12-16T17:44:29","guid":{"rendered":"https:\/\/catolicanet.net\/wp-cnet\/?p=55860"},"modified":"2019-12-16T14:44:29","modified_gmt":"2019-12-16T17:44:29","slug":"diocese-de-tocantinopolis-to-no-bico-do-papagaio-acolhe-a-iv-missao-jovem-na-amazonia-legal","status":"publish","type":"post","link":"https:\/\/catolicanet.net\/wp-cnet\/diocese-de-tocantinopolis-to-no-bico-do-papagaio-acolhe-a-iv-missao-jovem-na-amazonia-legal\/","title":{"rendered":"Diocese de Tocantin\u00f3polis (TO), no Bico do Papagaio, acolhe a IV Miss\u00e3o Jovem na Amaz\u00f4nia Legal"},"content":{"rendered":"<p style=\"text-align: justify;\"><em><strong>\u201cN\u00e3o h\u00e1 fronteiras, n\u00e3o h\u00e1 limites: envia-nos\u201d<\/strong><\/em>. \u00c9 por este lema que 50 jovens de todos os 18 regionais da Confer\u00eancia Nacional dos Bispos do Brasil (CNBB) estar\u00e3o acompanhados at\u00e9 o dia 22 de dezembro, quando participam, em Tocantin\u00f3polis (TO), da IV Miss\u00e3o Jovem da Pastoral Juvenil na Amaz\u00f4nia Legal. A a\u00e7\u00e3o mission\u00e1ria teve in\u00edcio neste domingo, com forma\u00e7\u00e3o e missa de envio.<\/p>\n<p style=\"text-align: justify;\"><img loading=\"lazy\" decoding=\"async\" class=\"size-medium wp-image-230734 aligncenter\" src=\"https:\/\/www.cnbb.org.br\/wp-content\/uploads\/sites\/32\/2019\/12\/Capa-missao-jovem-300x165.jpg\" srcset=\"https:\/\/www.cnbb.org.br\/wp-content\/uploads\/sites\/32\/2019\/12\/Capa-missao-jovem-300x165.jpg 300w, https:\/\/www.cnbb.org.br\/wp-content\/uploads\/sites\/32\/2019\/12\/Capa-missao-jovem-768x422.jpg 768w, https:\/\/www.cnbb.org.br\/wp-content\/uploads\/sites\/32\/2019\/12\/Capa-missao-jovem.jpg 960w\" alt=\"\" width=\"300\" height=\"165\" \/><\/p>\n<p style=\"text-align: justify;\">Os jovens chegaram ao aeroporto de Imperatriz (MA) no s\u00e1bado, 14, e foram acolhidos pela comunidade diocesana local. Seguindo para a regi\u00e3o conhecida como Bico do Papagaio, no extremo Norte do Tocantins, participaram, j\u00e1 neste domingo, de forma\u00e7\u00e3o para conhecer a cultura local.<\/p>\n<p style=\"text-align: justify;\">Taillany Sousa de Mesquita, 25 anos, \u00e9 secret\u00e1ria do Setor Juventude da diocese de Tocantin\u00f3polis e organizadora da miss\u00e3o. Ela falou aos jovens presentes sobre o estado do Tocantins, a regi\u00e3o do Bico do Papagaio e as diferentes realidades vividas no local, principalmente em rela\u00e7\u00e3o \u00e0s dificuldades enfrentadas pelo povo e na evangeliza\u00e7\u00e3o da Igreja. \u201cFalar sobre o Tocantins \u00e9 importante para que os jovens mission\u00e1rios conhe\u00e7am, mesmo que teoricamente, um pouco do ch\u00e3o onde est\u00e3o pisando e quem eles poder\u00e3o encontrar durante a experi\u00eancia de miss\u00e3o. Falar disso \u00e9 falar da hist\u00f3ria desse lugar e do rosto do nosso povo\u201d, afirmou.<\/p>\n<div id=\"gallery-2\" class=\"gallery galleryid-230730 gallery-columns-3 gallery-size-thumbnail\" style=\"text-align: justify;\">\n<dl class=\"gallery-item\">\n<dt class=\"gallery-icon portrait\"><a href=\"https:\/\/www.cnbb.org.br\/diocese-de-tocantinopolis-to-no-bico-do-papagaio-acolhe-a-iv-missao-jovem-na-amazonia-legal\/missao-jovem-1-2\/\"><img loading=\"lazy\" decoding=\"async\" class=\"attachment-thumbnail size-thumbnail\" src=\"https:\/\/www.cnbb.org.br\/wp-content\/uploads\/sites\/32\/2019\/12\/Missao-jovem-1-150x150.jpg\" alt=\"\" width=\"150\" height=\"150\" \/><\/a><\/dt>\n<\/dl>\n<dl class=\"gallery-item\">\n<dt class=\"gallery-icon landscape\"><a href=\"https:\/\/www.cnbb.org.br\/diocese-de-tocantinopolis-to-no-bico-do-papagaio-acolhe-a-iv-missao-jovem-na-amazonia-legal\/missao-jovem-2019_-768x576\/\"><img loading=\"lazy\" decoding=\"async\" class=\"attachment-thumbnail size-thumbnail\" src=\"https:\/\/www.cnbb.org.br\/wp-content\/uploads\/sites\/32\/2019\/12\/Miss\u00e3o-Jovem-2019_-768x576-150x150.jpeg\" alt=\"\" width=\"150\" height=\"150\" \/><\/a><\/dt>\n<\/dl>\n<dl class=\"gallery-item\">\n<dt class=\"gallery-icon landscape\"><a href=\"https:\/\/www.cnbb.org.br\/diocese-de-tocantinopolis-to-no-bico-do-papagaio-acolhe-a-iv-missao-jovem-na-amazonia-legal\/missao-jovem-2019-768x576\/\"><img loading=\"lazy\" decoding=\"async\" class=\"attachment-thumbnail size-thumbnail\" src=\"https:\/\/www.cnbb.org.br\/wp-content\/uploads\/sites\/32\/2019\/12\/Miss\u00e3o-Jovem-2019-768x576-150x150.jpeg\" alt=\"\" width=\"150\" height=\"150\" \/><\/a><\/dt>\n<\/dl>\n<\/div>\n<p style=\"text-align: justify;\">Padre Vitor Chaves, assessor diocesano da juventude em Tocantin\u00f3polis, apresentou a diocese e os povos com quem os jovens v\u00e3o se encontrar nesta semana de miss\u00e3o. \u201cPara respeitar o direito \u00e0 dignidade das pessoas, foi preciso muita luta\u201d, lembra ele ao falar dos assentamentos, povos ind\u00edgenas e das amea\u00e7as que estes povos sofrem no territ\u00f3rio em que vivem, principalmente em perder a terra em que habitam. \u201cN\u00f3s vamos levar a Jesus Cristo, mas tamb\u00e9m vamos encontr\u00e1-lo no cora\u00e7\u00e3o de cada um que estiver no nosso caminho\u201d, disse, lembrando da import\u00e2ncia de respeitar o sagrado de cada pessoa e suas caracter\u00edsticas culturais. O padre tamb\u00e9m apresentou a hist\u00f3ria e a figura de Padre Josimo Tavares, que lutou pelas causas sociais da regi\u00e3o, uma figura importante para a Igreja local, que uniu o pastoreio \u00e0s quest\u00f5es sociais necess\u00e1rias e \u00e9 um exemplo a ser seguido.<\/p>\n<div id=\"attachment_230738\" class=\"wp-caption alignright\" style=\"text-align: justify;\"><img loading=\"lazy\" decoding=\"async\" class=\"size-medium wp-image-230738\" src=\"https:\/\/www.cnbb.org.br\/wp-content\/uploads\/sites\/32\/2019\/12\/WhatsApp-Image-2019-12-15-at-17.14.15-300x225.jpeg\" srcset=\"https:\/\/www.cnbb.org.br\/wp-content\/uploads\/sites\/32\/2019\/12\/WhatsApp-Image-2019-12-15-at-17.14.15-300x225.jpeg 300w, https:\/\/www.cnbb.org.br\/wp-content\/uploads\/sites\/32\/2019\/12\/WhatsApp-Image-2019-12-15-at-17.14.15-1024x768.jpeg 1024w, https:\/\/www.cnbb.org.br\/wp-content\/uploads\/sites\/32\/2019\/12\/WhatsApp-Image-2019-12-15-at-17.14.15-768x576.jpeg 768w, https:\/\/www.cnbb.org.br\/wp-content\/uploads\/sites\/32\/2019\/12\/WhatsApp-Image-2019-12-15-at-17.14.15.jpeg 1280w\" alt=\"\" width=\"300\" height=\"225\" aria-describedby=\"caption-attachment-230738\" \/><\/p>\n<p id=\"caption-attachment-230738\" class=\"wp-caption-text\"><em>Foto: Jovens Conectados<\/em><\/p>\n<\/div>\n<p style=\"text-align: justify;\"><strong>Missa<br \/>\n<\/strong>Na noite deste 3\u00ba domingo do Advento, a missa foi presidida pelo bispo de Tocantin\u00f3polis e presidente da Comiss\u00e3o Episcopal para o Laicato da CNBB, dom Giovane Pereira de Melo. \u201cVou pedir a voc\u00eas que, durante esta semana, voc\u00eas levem no cora\u00e7\u00e3o essas duas palavras \u2018ver\u2019 a realidade do local e ter \u2018sensibilidade\u2019 ao que v\u00e3o viver. Olhar com clareza a realidade \u00e9 deixar-se tocar por ela. Ser sens\u00edvel com o cora\u00e7\u00e3o\u201d, disse o bispo.<\/p>\n<p style=\"text-align: justify;\">A miss\u00e3o jovem acontecer\u00e1 com uma din\u00e2mica estruturada em momento oracional pela manh\u00e3, visita mission\u00e1ria ao longo do dia e celebra\u00e7\u00e3o \u00e0 noite. Ser\u00e3o visitados aldeias ind\u00edgenas, assentamentos, hospitais, casas de idosos e pequenos lugarejos, de acordo com o assessor da Comiss\u00e3o Episcopal Pastoral para a Juventude da CNBB padre Ant\u00f4nio Ramos do Prado. Ele e irm\u00e3 Val\u00e9ria Leal acompanham a miss\u00e3o junto com dom Giovane, padres ligados \u00e0 Pastoral Juvenil e mission\u00e1rios da diocese.<\/p>\n<p style=\"text-align: justify;\">A miss\u00e3o ser\u00e1 encerrada no dia 22 de dezembro com avalia\u00e7\u00e3o e missa. Na noite do mesmo dia haver\u00e1 um musical na Par\u00f3quia de Agostin\u00f3polis. No dia 23, ser\u00e1 o retorno dos jovens para suas casas.<\/p>\n<p style=\"text-align: justify;\"><strong>Mensagem de dom Nelson<br \/>\n<\/strong>O bispo de Valen\u00e7a (RJ) e presidente da Comiss\u00e3o para a Juventude da CNBB, dom Nelson Francelino Ferreira, n\u00e3o est\u00e1 presente na miss\u00e3o, por quest\u00e3o de agenda. Mas enviou um v\u00eddeo motivando os participantes.<\/p>\n<blockquote><p>\u201c<em>Quero saudar a cada um e agradecer este empenho de, sempre em sintonia com o Santo Padre, levar esse Evangelho da Alegria. E \u00e9 muito importante lembrarmos enquanto mission\u00e1rios que n\u00f3s n\u00e3o estamos levando Jesus, porque Jesus j\u00e1 se fez presente, o Verbo j\u00e1 se antecipou \u00e0 nossa presen\u00e7a, deixando condi\u00e7\u00f5es para que possamos enfim entrar no cora\u00e7\u00e3o dessa gente com a Palavra que salva. Queira Deus, com muito discernimento e aten\u00e7\u00e3o, fa\u00e7amos n\u00e3o de arrogantes, aquele que vem ensinar a verdade, mas aquele que vem ajudar a descobrir a verdade nas condi\u00e7\u00f5es que o Esp\u00edrito Santo j\u00e1 deixou<\/em>\u201d.<br \/>\n\u2013 Dom Nelson Francelino<\/p><\/blockquote>\n<div><\/div>\n<div class=\"fb-video\">\n<blockquote class=\"fb-xfbml-parse-ignore\"><p>Neste Domingo da Alegria, no tempo do Advento, iniciamos em Tocantin\u00f3polis\/TO (regi\u00e3o do \u201cBico do Papagaio\u201d, Amaz\u00f4nia Legal) a IV Miss\u00e3o Jovem da Pastoral Juvenil! E o presidente da Comiss\u00e3o Episcopal Pastoral para a Juventude CNBB, Dom Nelson Francelino, saudou todos os jovens da miss\u00e3o, confira! &#x1f4f1;Acompanhe a cobertura da #MissaoJovem atrav\u00e9s das redes sociais e do portal!<\/p>\n<p>Posted by <a href=\"https:\/\/www.facebook.com\/jovensconectados\/\">Jovens Conectados<\/a> on Sunday, December 15, 2019<\/p><\/blockquote>\n<\/div>\n<p>&nbsp;<\/p>\n<blockquote class=\"wp-embedded-content\"><p><a href=\"https:\/\/jovensconectados.org.br\/juventude-em-missao-a-caminhada-na-amazonia-comecou.html\">Juventude em Miss\u00e3o: a caminhada na Amaz\u00f4nia come\u00e7ou<\/a><\/p><\/blockquote>\n<h5><em>Com informa\u00e7\u00f5es e fotos do site Jovens Conectados<\/em><\/h5>\n","protected":false},"excerpt":{"rendered":"<p>\u201cN\u00e3o h\u00e1 fronteiras, n\u00e3o h\u00e1 limites: envia-nos\u201d. \u00c9 por este lema que 50 jovens de todos os 18 regionais da Confer\u00eancia Nacional dos Bispos do Brasil (CNBB) estar\u00e3o acompanhados at\u00e9 o dia 22 de dezembro, quando participam, em Tocantin\u00f3polis (TO), da IV Miss\u00e3o Jovem da Pastoral Juvenil na Amaz\u00f4nia Legal. A a\u00e7\u00e3o mission\u00e1ria teve in\u00edcio [&hellip;]<\/p>\n","protected":false},"author":1,"featured_media":55861,"comment_status":"open","ping_status":"closed","sticky":false,"template":"","format":"standard","meta":{"footnotes":""},"categories":[7],"tags":[],"class_list":["post-55860","post","type-post","status-publish","format-standard","has-post-thumbnail","hentry","category-cnbb"],"_links":{"self":[{"href":"https:\/\/catolicanet.net\/wp-cnet\/wp-json\/wp\/v2\/posts\/55860","targetHints":{"allow":["GET"]}}],"collection":[{"href":"https:\/\/catolicanet.net\/wp-cnet\/wp-json\/wp\/v2\/posts"}],"about":[{"href":"https:\/\/catolicanet.net\/wp-cnet\/wp-json\/wp\/v2\/types\/post"}],"author":[{"embeddable":true,"href":"https:\/\/catolicanet.net\/wp-cnet\/wp-json\/wp\/v2\/users\/1"}],"replies":[{"embeddable":true,"href":"https:\/\/catolicanet.net\/wp-cnet\/wp-json\/wp\/v2\/comments?post=55860"}],"version-history":[{"count":1,"href":"https:\/\/catolicanet.net\/wp-cnet\/wp-json\/wp\/v2\/posts\/55860\/revisions"}],"predecessor-version":[{"id":55862,"href":"https:\/\/catolicanet.net\/wp-cnet\/wp-json\/wp\/v2\/posts\/55860\/revisions\/55862"}],"wp:featuredmedia":[{"embeddable":true,"href":"https:\/\/catolicanet.net\/wp-cnet\/wp-json\/wp\/v2\/media\/55861"}],"wp:attachment":[{"href":"https:\/\/catolicanet.net\/wp-cnet\/wp-json\/wp\/v2\/media?parent=55860"}],"wp:term":[{"taxonomy":"category","embeddable":true,"href":"https:\/\/catolicanet.net\/wp-cnet\/wp-json\/wp\/v2\/categories?post=55860"},{"taxonomy":"post_tag","embeddable":true,"href":"https:\/\/catolicanet.net\/wp-cnet\/wp-json\/wp\/v2\/tags?post=55860"}],"curies":[{"name":"wp","href":"https:\/\/api.w.org\/{rel}","templated":true}]}}