{"id":55841,"date":"2019-12-16T10:44:45","date_gmt":"2019-12-16T13:44:45","guid":{"rendered":"https:\/\/catolicanet.net\/wp-cnet\/?p=55841"},"modified":"2019-12-16T10:44:45","modified_gmt":"2019-12-16T13:44:45","slug":"papa-aos-idosos-tempo-de-doacao-e-de-dialogo","status":"publish","type":"post","link":"https:\/\/catolicanet.net\/wp-cnet\/papa-aos-idosos-tempo-de-doacao-e-de-dialogo\/","title":{"rendered":"Papa aos idosos: tempo de doa\u00e7\u00e3o e de di\u00e1logo"},"content":{"rendered":"<div class=\"article__subTitle\" style=\"text-align: justify;\">\u201cO futuro de um povo sup\u00f5e necessariamente um di\u00e1logo e um encontro entre idosos e jovens para a constru\u00e7\u00e3o de uma sociedade mais justa, mais bela, mais solid\u00e1ria, mais crist\u00e3\u201d. Palavras do Papa Francisco no encontro com a Associa\u00e7\u00e3o Italiana dos Trabalhadores Idosos na manh\u00e3 desta segunda-feira (16)<\/div>\n<div class=\"title__separator\" style=\"text-align: justify;\"><\/div>\n<div class=\"article__text\">\n<p style=\"text-align: justify;\"><b>Jane Nogara &#8211; Cidade do Vaticano<\/b><\/p>\n<p style=\"text-align: justify;\">O segundo encontro do Papa Francisco na manh\u00e3 desta segunda-feira (16) foi com a Associa\u00e7\u00e3o Nacional dos Trabalhadores Idosos. O Papa centralizou seu discurso sobre dois pontos importantes sobre a velhice definindo-os como tempo da doa\u00e7\u00e3o e tempo do di\u00e1logo.<\/p>\n<h2 style=\"text-align: justify;\"><b>Tempo da doa\u00e7\u00e3o<\/b><\/h2>\n<p style=\"text-align: justify;\">Sobre o tempo da doa\u00e7\u00e3o, Francisco recordou que as pessoas idosas n\u00e3o s\u00e3o um peso, mas um recurso e uma riqueza, e isso pode ser demonstrado pela sua \u201ccontribui\u00e7\u00e3o \u00e0s atividades de voluntariado, ocasi\u00f5es preciosas para viver a dimens\u00e3o da gratuidade\u201d. Estimulando os idosos ao voluntariado o Papa disse:<\/p>\n<div style=\"text-align: justify;\">\n<div class=\"article__embed article__embed--border embed_style\">\n<blockquote><p>\u201cComprometer-se no voluntariado promove o chamado \u2018envelhecimento ativo\u2019, contribuindo para melhorar a qualidade de vida pois lhe faltam dimens\u00f5es importantes da pr\u00f3pria identidade, como o papel de pais e o profissional com a aposentadoria\u201d<\/p><\/blockquote>\n<\/div>\n<\/div>\n<p style=\"text-align: justify;\">Francisco afirma que o desafio para a sociedade nos pr\u00f3ximos anos ser\u00e1 \u201cpromover com efic\u00e1cia cada vez maior os recursos humanos dos idosos presentes nas suas comunidades\u201d. Pois os idosos devem ser considerados como ativos protagonistas e n\u00e3o mais apenas como objeto de interven\u00e7\u00f5es assistenciais.<\/p>\n<h2 style=\"text-align: justify;\"><b>Tempo do di\u00e1logo<\/b><\/h2>\n<p style=\"text-align: justify;\">O segundo aspecto: a velhice como tempo do di\u00e1logo, o Papa pondera:<\/p>\n<div style=\"text-align: justify;\">\n<div class=\"article__embed article__embed--border embed_style\">\n<blockquote><p>\u201cO futuro de um povo sup\u00f5e necessariamente um di\u00e1logo e um encontro entre idosos e jovens para a constru\u00e7\u00e3o de uma sociedade mais justa, mais bela, mais solid\u00e1ria, mais crist\u00e3\u201d<\/p><\/blockquote>\n<\/div>\n<\/div>\n<p style=\"text-align: justify;\">\u201cOs jovens \u2013 continua o Papa \u2013 s\u00e3o a for\u00e7a do caminho de um povo e os idosos rejuvenescem esta for\u00e7a com a mem\u00f3ria e a sabedoria\u201d.<\/p>\n<p style=\"text-align: justify;\">O Papa recorda tamb\u00e9m que a \u201ca velhice \u00e9 um tempo de gra\u00e7a, na qual o Senhor nos renova o seu chamado nos chama a preservar e transmitir a f\u00e9, nos chama para rezar, especialmente interceder; nos chama a estar ao lado dos que necessitam\u201d.<\/p>\n<h2 style=\"text-align: justify;\"><b>Contrastar a &#8220;cultura do descarte&#8221;<\/b><\/h2>\n<p style=\"text-align: justify;\">Reunindo ambas considera\u00e7\u00f5es o Papa Francisco conclui:<\/p>\n<div style=\"text-align: justify;\">\n<div class=\"article__embed article__embed--border embed_style\">\n<blockquote><p>\u201cConsiderando e vivendo a velhice como o tempo da doa\u00e7\u00e3o e o tempo de di\u00e1logo, pode-se contrastar o estere\u00f3tipo tradicional do idoso: doente, inv\u00e1lido, dependente, isolado, assediado pelo medo, com identidade fr\u00e1gil perdendo com isso seu papel social\u201d<\/p><\/blockquote>\n<\/div>\n<\/div>\n<p style=\"text-align: justify;\">Agindo deste modo evita-se de focar a aten\u00e7\u00e3o geral sobre custos e riscos da presen\u00e7a de idosos, valorizando seus recursos e potencialidades.<\/p>\n<p style=\"text-align: justify;\">Por fim o Papa considera que unindo a riqueza dos jovens e dos idosos contrasta-se a venenosa \u201ccultura do descarte\u201d, sendo chamados assim a \u201cconstruir com tenacidade uma sociedade diversa, mais acolhedora, mais humana, mais inclusiva, que n\u00e3o precisa descartar os fr\u00e1geis de corpo e de mente, ao contr\u00e1rio, uma sociedade que mede seu pr\u00f3prio passo justamente com estas pessoas\u201d.<\/p>\n<\/div>\n","protected":false},"excerpt":{"rendered":"<p>\u201cO futuro de um povo sup\u00f5e necessariamente um di\u00e1logo e um encontro entre idosos e jovens para a constru\u00e7\u00e3o de uma sociedade mais justa, mais bela, mais solid\u00e1ria, mais crist\u00e3\u201d. Palavras do Papa Francisco no encontro com a Associa\u00e7\u00e3o Italiana dos Trabalhadores Idosos na manh\u00e3 desta segunda-feira (16) Jane Nogara &#8211; Cidade do Vaticano O [&hellip;]<\/p>\n","protected":false},"author":1,"featured_media":55842,"comment_status":"open","ping_status":"closed","sticky":false,"template":"","format":"standard","meta":{"footnotes":""},"categories":[3],"tags":[],"class_list":["post-55841","post","type-post","status-publish","format-standard","has-post-thumbnail","hentry","category-vaticano"],"_links":{"self":[{"href":"https:\/\/catolicanet.net\/wp-cnet\/wp-json\/wp\/v2\/posts\/55841","targetHints":{"allow":["GET"]}}],"collection":[{"href":"https:\/\/catolicanet.net\/wp-cnet\/wp-json\/wp\/v2\/posts"}],"about":[{"href":"https:\/\/catolicanet.net\/wp-cnet\/wp-json\/wp\/v2\/types\/post"}],"author":[{"embeddable":true,"href":"https:\/\/catolicanet.net\/wp-cnet\/wp-json\/wp\/v2\/users\/1"}],"replies":[{"embeddable":true,"href":"https:\/\/catolicanet.net\/wp-cnet\/wp-json\/wp\/v2\/comments?post=55841"}],"version-history":[{"count":1,"href":"https:\/\/catolicanet.net\/wp-cnet\/wp-json\/wp\/v2\/posts\/55841\/revisions"}],"predecessor-version":[{"id":55843,"href":"https:\/\/catolicanet.net\/wp-cnet\/wp-json\/wp\/v2\/posts\/55841\/revisions\/55843"}],"wp:featuredmedia":[{"embeddable":true,"href":"https:\/\/catolicanet.net\/wp-cnet\/wp-json\/wp\/v2\/media\/55842"}],"wp:attachment":[{"href":"https:\/\/catolicanet.net\/wp-cnet\/wp-json\/wp\/v2\/media?parent=55841"}],"wp:term":[{"taxonomy":"category","embeddable":true,"href":"https:\/\/catolicanet.net\/wp-cnet\/wp-json\/wp\/v2\/categories?post=55841"},{"taxonomy":"post_tag","embeddable":true,"href":"https:\/\/catolicanet.net\/wp-cnet\/wp-json\/wp\/v2\/tags?post=55841"}],"curies":[{"name":"wp","href":"https:\/\/api.w.org\/{rel}","templated":true}]}}