{"id":5581,"date":"2015-02-25T03:00:00","date_gmt":"2015-02-25T06:00:00","guid":{"rendered":"http:\/\/catolicanet.net\/wp-cnet\/a-virtude-da-esperanca-2\/"},"modified":"2017-04-07T15:21:33","modified_gmt":"2017-04-07T18:21:33","slug":"a-virtude-da-esperanca-2","status":"publish","type":"post","link":"https:\/\/catolicanet.net\/wp-cnet\/a-virtude-da-esperanca-2\/","title":{"rendered":"A Virtude da Esperan\u00e7a"},"content":{"rendered":"<p style=\"text-align: justify;\">O Ano da Esperan\u00e7a em nossa Arquidiocese nos faz meditar sobre essa virtude diante de um mundo realmente complexo e cheio de problemas. Este, no entanto, \u00e9 o nosso tempo de testemunhar a esperan\u00e7a crist\u00e3.<br \/>Ao olhar a desumana sociedade p\u00f3s-moderna, mergulhada at\u00e9 os cabelos nos v\u00edcios mais hediondos \u2014 viol\u00eancias, \u00f3dios, persegui\u00e7\u00f5es, perversidades, total desprezo pela vida alheia, com carros portando bombas ou tanques assassinos avan\u00e7ando sobre pessoas desarmadas; liquida\u00e7\u00e3o pura e simples de seres indefesos ainda antes de nascer; intermin\u00e1veis e in\u00fateis guerras nos cinco continentes, todos eles, por sua vez, implicados no rendoso e criminoso neg\u00f3cio da droga; revoltantes injusti\u00e7as sociais, massacres de sem terra, de sem teto e quantos outros que nada t\u00eam e s\u00e3o mais um dos sem dignidade, \u2014 poderia surgir o questionamento frente a um mundo t\u00e3o ca\u00f3tico: \u00e9 poss\u00edvel ter alguma esperan\u00e7a? Por que motivo o ser humano submetido ao sofrimento e \u00e0 morte, e qual \u00e9 a sua esperan\u00e7a? Ali\u00e1s, o que \u00e9 esperan\u00e7a pra n\u00f3s?<br \/>Frente a toda desesperan\u00e7a (cf. Rm 4,18), vem Jesus que, j\u00e1 nas bem-aventuran\u00e7as, nos d\u00e1 nova dire\u00e7\u00e3o, pois s\u00e3o promessas paradoxais que sustentam a esperan\u00e7a nas tribula\u00e7\u00f5es. N\u00e3o se pode dizer que n\u00e3o temos for\u00e7a para perdoar, porque Deus presente em n\u00f3s nos d\u00e1 seu Esp\u00edrito de amor, de bondade, de benignidade para que sejamos capazes. Eis a\u00ed um gesto concreto desta virtude! Logo, esperan\u00e7a \u00e9 uma virtude, e na Teologia dita virtude infusa por Deus, que nos auxilia a alcan\u00e7ar o c\u00e9u. Pois se a f\u00e9 nos traz conhecimento (cf. 1Tm 1,18-19) e a caridade (cf. Gl 5,6) nos traz o verdadeiro amor, a esperan\u00e7a \u00e9 que enfrenta as d\u00favidas em nosso cora\u00e7\u00e3o, que nos anima contra toda desesperan\u00e7a que se coloca \u00e0 nossa frente, pois Deus, ao dar-nos a virtude teologal da Esperan\u00e7a, d\u00e1-nos tamb\u00e9m a certeza de que nunca nos deixa e nunca desiste de n\u00f3s.<br \/>Um homem ou uma sociedade que n\u00e3o reagem perante as tribula\u00e7\u00f5es ou as injusti\u00e7as, e que n\u00e3o se esfor\u00e7am por alivi\u00e1-las n\u00e3o s\u00e3o nem homem nem sociedade, \u00e0 propor\u00e7\u00e3o do amor do cora\u00e7\u00e3o de Cristo. Pode-se dizer que podemos \u201cperder\u201d o amor e a f\u00e9, mas o homem n\u00e3o pode perder a esperan\u00e7a, que alimenta o viver e o viver plenamente, mesmo \u201ccom ventos contr\u00e1rios\u201d, como diziam Santa Paulina e como afirma o Ap\u00f3stolo Paulo (Rm 15,13): &#8220;Que o Deus da esperan\u00e7a vos cumule de toda alegria e paz em vossa f\u00e9, a fim de que pela a\u00e7\u00e3o do Esp\u00edrito Santo a vossa esperan\u00e7a transborde&#8221;. Ele jamais nos decepciona! &#8220;Continuemos a afirmar nossa esperan\u00e7a, porque \u00e9 fiel quem fez a promessa&#8221; (Hb 10,23). Portanto, a virtude da Esperan\u00e7a \u00e9 uma resposta a todo ser humano que aspira a felicidade, algo colocado por Deus em nosso cora\u00e7\u00e3o. Por isso mesmo, o impulso da esperan\u00e7a preserva o ego\u00edsmo e conduz \u00e0 felicidade da caridade.<br \/>J\u00e1 na nossa primeira consagra\u00e7\u00e3o, o Batismo, temos in\u00edcio da esperan\u00e7a. Afinal, \u201cNingu\u00e9m \u00e9 santo pela pr\u00f3pria vontade, nem ningu\u00e9m pode ser santo sem que tenha vontade\u201d. Eis o primeiro tra\u00e7o da Esperan\u00e7a na vida do crist\u00e3o, esperan\u00e7a de compromisso e compromisso numa esperan\u00e7a. Que cada um de n\u00f3s saiba abrir o pr\u00f3prio entendimento para reparar bem \u00e0 nossa volta, abrir o nosso cora\u00e7\u00e3o para compreender e nos compadecer, abrir as nossas m\u00e3os para socorrer, pois as necessidades s\u00e3o enormes. Eis ai a concretude da esperan\u00e7a que se faz na partilha fraterna. <br \/>Por essa raz\u00e3o e com a aut\u00eantica esperan\u00e7a que nos move a busca constante e a luta do dia-a-dia, deixemos que o Esp\u00edrito Santo, condi\u00e7\u00e3o de possibilidade, nos fa\u00e7a ver e seguir de perto os passos de Cristo Jesus, para que, deste modo peculiar \u2014 no servi\u00e7o e na entrega \u2014 possamos ir ao Pai.\u00a0 <br \/> Que nossos cora\u00e7\u00f5es se abram para estar com o Senhor da Vida e da Esperan\u00e7a e continuar testemunhando que, em Cristo, somos testemunhas da esperan\u00e7a.<\/p>\n","protected":false},"excerpt":{"rendered":"<p>O Ano da Esperan\u00e7a em nossa Arquidiocese nos faz meditar sobre essa virtude diante de um mundo realmente complexo e cheio de problemas. Este, no entanto, \u00e9 o nosso tempo de testemunhar a esperan\u00e7a crist\u00e3.Ao olhar a desumana sociedade p\u00f3s-moderna, mergulhada at\u00e9 os cabelos nos v\u00edcios mais hediondos \u2014 viol\u00eancias, \u00f3dios, persegui\u00e7\u00f5es, perversidades, total desprezo [&hellip;]<\/p>\n","protected":false},"author":5,"featured_media":0,"comment_status":"closed","ping_status":"closed","sticky":false,"template":"","format":"standard","meta":{"footnotes":""},"categories":[9],"tags":[],"class_list":["post-5581","post","type-post","status-publish","format-standard","hentry","category-artigos"],"_links":{"self":[{"href":"https:\/\/catolicanet.net\/wp-cnet\/wp-json\/wp\/v2\/posts\/5581","targetHints":{"allow":["GET"]}}],"collection":[{"href":"https:\/\/catolicanet.net\/wp-cnet\/wp-json\/wp\/v2\/posts"}],"about":[{"href":"https:\/\/catolicanet.net\/wp-cnet\/wp-json\/wp\/v2\/types\/post"}],"author":[{"embeddable":true,"href":"https:\/\/catolicanet.net\/wp-cnet\/wp-json\/wp\/v2\/users\/5"}],"replies":[{"embeddable":true,"href":"https:\/\/catolicanet.net\/wp-cnet\/wp-json\/wp\/v2\/comments?post=5581"}],"version-history":[{"count":1,"href":"https:\/\/catolicanet.net\/wp-cnet\/wp-json\/wp\/v2\/posts\/5581\/revisions"}],"predecessor-version":[{"id":10572,"href":"https:\/\/catolicanet.net\/wp-cnet\/wp-json\/wp\/v2\/posts\/5581\/revisions\/10572"}],"wp:attachment":[{"href":"https:\/\/catolicanet.net\/wp-cnet\/wp-json\/wp\/v2\/media?parent=5581"}],"wp:term":[{"taxonomy":"category","embeddable":true,"href":"https:\/\/catolicanet.net\/wp-cnet\/wp-json\/wp\/v2\/categories?post=5581"},{"taxonomy":"post_tag","embeddable":true,"href":"https:\/\/catolicanet.net\/wp-cnet\/wp-json\/wp\/v2\/tags?post=5581"}],"curies":[{"name":"wp","href":"https:\/\/api.w.org\/{rel}","templated":true}]}}