{"id":55776,"date":"2019-12-13T15:04:10","date_gmt":"2019-12-13T18:04:10","guid":{"rendered":"https:\/\/catolicanet.net\/wp-cnet\/?p=55776"},"modified":"2019-12-13T15:04:10","modified_gmt":"2019-12-13T18:04:10","slug":"leve-marcelino-para-sua-paroquia-ou-escola","status":"publish","type":"post","link":"https:\/\/catolicanet.net\/wp-cnet\/leve-marcelino-para-sua-paroquia-ou-escola\/","title":{"rendered":"Leve Marcelino para sua par\u00f3quia ou escola!"},"content":{"rendered":"<h3 style=\"text-align: center;\">Evangelizar atrav\u00e9s do teatro com mensagens de amor, paz e cidadania. O teatro vai \u00e0 Igreja! Entre em contato e confira como ter acesso a este maravilhoso espet\u00e1culo.<\/h3>\n<p><img loading=\"lazy\" decoding=\"async\" class=\"size-full wp-image-55778 aligncenter\" src=\"https:\/\/catolicanet.net\/wp-cnet\/wp-content\/uploads\/Convite.jpg\" alt=\"\" width=\"1414\" height=\"2000\" srcset=\"https:\/\/catolicanet.net\/wp-cnet\/wp-content\/uploads\/Convite.jpg 1414w, https:\/\/catolicanet.net\/wp-cnet\/wp-content\/uploads\/Convite-212x300.jpg 212w, https:\/\/catolicanet.net\/wp-cnet\/wp-content\/uploads\/Convite-724x1024.jpg 724w, https:\/\/catolicanet.net\/wp-cnet\/wp-content\/uploads\/Convite-768x1086.jpg 768w, https:\/\/catolicanet.net\/wp-cnet\/wp-content\/uploads\/Convite-543x768.jpg 543w, https:\/\/catolicanet.net\/wp-cnet\/wp-content\/uploads\/Convite-600x849.jpg 600w, https:\/\/catolicanet.net\/wp-cnet\/wp-content\/uploads\/Convite-1086x1536.jpg 1086w, https:\/\/catolicanet.net\/wp-cnet\/wp-content\/uploads\/Convite-696x984.jpg 696w, https:\/\/catolicanet.net\/wp-cnet\/wp-content\/uploads\/Convite-1068x1511.jpg 1068w, https:\/\/catolicanet.net\/wp-cnet\/wp-content\/uploads\/Convite-297x420.jpg 297w\" sizes=\"auto, (max-width: 1414px) 100vw, 1414px\" \/><\/p>\n","protected":false},"excerpt":{"rendered":"<p>Evangelizar atrav\u00e9s do teatro com mensagens de amor, paz e cidadania. O teatro vai \u00e0 Igreja! Entre em contato e confira como ter acesso a este maravilhoso espet\u00e1culo.<\/p>\n","protected":false},"author":1,"featured_media":55777,"comment_status":"open","ping_status":"closed","sticky":false,"template":"","format":"standard","meta":{"footnotes":""},"categories":[86],"tags":[],"class_list":["post-55776","post","type-post","status-publish","format-standard","has-post-thumbnail","hentry","category-divulgacao"],"_links":{"self":[{"href":"https:\/\/catolicanet.net\/wp-cnet\/wp-json\/wp\/v2\/posts\/55776","targetHints":{"allow":["GET"]}}],"collection":[{"href":"https:\/\/catolicanet.net\/wp-cnet\/wp-json\/wp\/v2\/posts"}],"about":[{"href":"https:\/\/catolicanet.net\/wp-cnet\/wp-json\/wp\/v2\/types\/post"}],"author":[{"embeddable":true,"href":"https:\/\/catolicanet.net\/wp-cnet\/wp-json\/wp\/v2\/users\/1"}],"replies":[{"embeddable":true,"href":"https:\/\/catolicanet.net\/wp-cnet\/wp-json\/wp\/v2\/comments?post=55776"}],"version-history":[{"count":1,"href":"https:\/\/catolicanet.net\/wp-cnet\/wp-json\/wp\/v2\/posts\/55776\/revisions"}],"predecessor-version":[{"id":55779,"href":"https:\/\/catolicanet.net\/wp-cnet\/wp-json\/wp\/v2\/posts\/55776\/revisions\/55779"}],"wp:featuredmedia":[{"embeddable":true,"href":"https:\/\/catolicanet.net\/wp-cnet\/wp-json\/wp\/v2\/media\/55777"}],"wp:attachment":[{"href":"https:\/\/catolicanet.net\/wp-cnet\/wp-json\/wp\/v2\/media?parent=55776"}],"wp:term":[{"taxonomy":"category","embeddable":true,"href":"https:\/\/catolicanet.net\/wp-cnet\/wp-json\/wp\/v2\/categories?post=55776"},{"taxonomy":"post_tag","embeddable":true,"href":"https:\/\/catolicanet.net\/wp-cnet\/wp-json\/wp\/v2\/tags?post=55776"}],"curies":[{"name":"wp","href":"https:\/\/api.w.org\/{rel}","templated":true}]}}