{"id":5572,"date":"2015-02-24T13:40:21","date_gmt":"2015-02-24T16:40:21","guid":{"rendered":"http:\/\/catolicanet.net\/wp-cnet\/a-oracao-que-pode-levar-voce-a-santidade\/"},"modified":"2017-04-07T15:22:53","modified_gmt":"2017-04-07T18:22:53","slug":"a-oracao-que-pode-levar-voce-a-santidade","status":"publish","type":"post","link":"https:\/\/catolicanet.net\/wp-cnet\/a-oracao-que-pode-levar-voce-a-santidade\/","title":{"rendered":"A ora\u00e7\u00e3o que pode levar voc\u00ea \u00e0 santidade"},"content":{"rendered":"<p style=\"text-align: center;\"><img decoding=\"async\" src=\"http:\/\/catolicanet.com.br\/images\/stories\/geral\/otacaosantidade.jpg\" border=\"0\" \/><\/p>\n<p style=\"text-align: center;\">Aprenda o caminho para receber o dom da ora\u00e7\u00e3o cont\u00ednua<\/p>\n<p style=\"text-align: justify;\">A ora\u00e7\u00e3o do crist\u00e3o deve ser cont\u00ednua, porque Deus quer habitar em n\u00f3s, falar conosco e estar conosco, como duas pessoas que se amam querem estar juntas praticamente o tempo todo. E a melhor maneira que temos de fazer isso \u00e9 por meio da ora\u00e7\u00e3o.<\/p>\n<p>Por isso, em todo momento, fechando sua mente no cora\u00e7\u00e3o e mantendo a aten\u00e7\u00e3o nEle, conv\u00e9m orar ao Pai, que est\u00e1 no segredo, e assim Ele o recompensar\u00e1 (cf. Mateus 6, 6). Mas, em meio \u00e0 nossa vida agitada, ser\u00e1 que isso \u00e9 realmente poss\u00edvel?<\/p>\n<p>Nunca se esque\u00e7a de rezar!<\/p>\n<p>Santa Catarina de Sena, em meio \u00e0 correria da sua vida e de diversas responsabilidades importantes da Igreja Cat\u00f3lica, nunca deixava de entrar em seu quarto interior para encontrar-se face a face com Deus. Santo In\u00e1cio de Loyola dizia que, sempre e a qualquer hora que quisesse encontrar-se com Deus, podia encontr\u00e1-lo.<\/p>\n<p>Assim como eles, muitos outros santos conhecidos e outros milhares de santos dos quais n\u00e3o temos not\u00edcia viviam sua vida di\u00e1ria com alegria e esperan\u00e7a; constantes na tribula\u00e7\u00e3o, perseverantes na ora\u00e7\u00e3o (cf. Romanos 12, 12).<\/p>\n<p>E voc\u00ea tamb\u00e9m pode!<\/p>\n<p>A ora\u00e7\u00e3o cont\u00ednua \u00e9 uma gra\u00e7a de Deus, ou seja, \u00e9 algo que voc\u00ea n\u00e3o pode alcan\u00e7ar com seus esfor\u00e7os, porque \u00e9 dada pelo Senhor. Mas o que podemos, sim, fazer \u00e9 suplicar a Deus que nos d\u00ea esta gra\u00e7a, e conduzir nossa vida para receb\u00ea-la seguindo as recomenda\u00e7\u00f5es que S\u00e3o Paulo nos deixou: \u201cEstai sempre alegres. Orai sem cessar\u201d (1 Tessalonicenses, 5, 16-22).<\/p>\n<p>Orar sem cessar \u00e9 um caminho certo rumo \u00e0 santidade! E isso pode ser feito, por exemplo, usando a ora\u00e7\u00e3o do Evangelho que diz: \u201cSenhor, filho de Davi, tem compaix\u00e3o de mim!\u201d (Lucas 18, 38).<\/p>\n<p>Repetir sem cessar esta ora\u00e7\u00e3o, com a mente e a aten\u00e7\u00e3o recolhidas no cora\u00e7\u00e3o, aplana o caminho para receber o dom da ora\u00e7\u00e3o cont\u00ednua a Deus, na qual teremos sempre o Senhor presente em cada ato da nossa vida, pois nEle vivemos, nos movemos e somos (cf. Atos 17, 28).<\/p>\n<p>Por isso, conv\u00e9m orar constantemente, pois&#8230; existe algo melhor do que conversar com Aquele que tanto nos amou?<\/p>\n<p>Orar com estas ora\u00e7\u00f5es breves, chamadas jaculat\u00f3rias, \u201cn\u00e3o \u00e9 dif\u00edcil, e pode se alternar com todas as nossas tarefas e ocupa\u00e7\u00f5es, sem interferir nelas\u201d (S\u00e3o Francisco de Sales).<\/p>\n<p>Al\u00e9m disso, entre todas as jaculat\u00f3rias, a invoca\u00e7\u00e3o do Santo Nome de Jesus \u00e9 o caminho mais simples da ora\u00e7\u00e3o cont\u00ednua (Catecismo, 2668).<\/p>\n<p>Assim, faremos bem em rezar sempre com esta ora\u00e7\u00e3o, intercalando-a continuamente nas ocupa\u00e7\u00f5es cotidianas, pois todo aquele que invoca o nome do Senhor ser\u00e1 salvo (cf. Romanos 10, 13).<\/p>\n<p>Dessa forma, Deus pode nos conceder a gra\u00e7a da ora\u00e7\u00e3o cont\u00ednua, de maneira que possamos estar sempre com Ele em todo momento!<\/p>\n<p>Que grande \u00e9 o amor de Deus!<\/p>\n<p style=\"text-align: justify;\">\u00a0<\/p>\n<p style=\"text-align: justify;\"><strong>Fonte:<\/strong> Aleteia<\/p>\n","protected":false},"excerpt":{"rendered":"<p>Aprenda o caminho para receber o dom da ora\u00e7\u00e3o cont\u00ednua A ora\u00e7\u00e3o do crist\u00e3o deve ser cont\u00ednua, porque Deus quer habitar em n\u00f3s, falar conosco e estar conosco, como duas pessoas que se amam querem estar juntas praticamente o tempo todo. E a melhor maneira que temos de fazer isso \u00e9 por meio da ora\u00e7\u00e3o. [&hellip;]<\/p>\n","protected":false},"author":1,"featured_media":0,"comment_status":"closed","ping_status":"closed","sticky":false,"template":"","format":"standard","meta":{"footnotes":""},"categories":[4],"tags":[],"class_list":["post-5572","post","type-post","status-publish","format-standard","hentry","category-cotidiano"],"_links":{"self":[{"href":"https:\/\/catolicanet.net\/wp-cnet\/wp-json\/wp\/v2\/posts\/5572","targetHints":{"allow":["GET"]}}],"collection":[{"href":"https:\/\/catolicanet.net\/wp-cnet\/wp-json\/wp\/v2\/posts"}],"about":[{"href":"https:\/\/catolicanet.net\/wp-cnet\/wp-json\/wp\/v2\/types\/post"}],"author":[{"embeddable":true,"href":"https:\/\/catolicanet.net\/wp-cnet\/wp-json\/wp\/v2\/users\/1"}],"replies":[{"embeddable":true,"href":"https:\/\/catolicanet.net\/wp-cnet\/wp-json\/wp\/v2\/comments?post=5572"}],"version-history":[{"count":1,"href":"https:\/\/catolicanet.net\/wp-cnet\/wp-json\/wp\/v2\/posts\/5572\/revisions"}],"predecessor-version":[{"id":10575,"href":"https:\/\/catolicanet.net\/wp-cnet\/wp-json\/wp\/v2\/posts\/5572\/revisions\/10575"}],"wp:attachment":[{"href":"https:\/\/catolicanet.net\/wp-cnet\/wp-json\/wp\/v2\/media?parent=5572"}],"wp:term":[{"taxonomy":"category","embeddable":true,"href":"https:\/\/catolicanet.net\/wp-cnet\/wp-json\/wp\/v2\/categories?post=5572"},{"taxonomy":"post_tag","embeddable":true,"href":"https:\/\/catolicanet.net\/wp-cnet\/wp-json\/wp\/v2\/tags?post=5572"}],"curies":[{"name":"wp","href":"https:\/\/api.w.org\/{rel}","templated":true}]}}