{"id":55718,"date":"2019-12-12T08:56:57","date_gmt":"2019-12-12T11:56:57","guid":{"rendered":"https:\/\/catolicanet.net\/wp-cnet\/?p=55718"},"modified":"2019-12-12T08:56:57","modified_gmt":"2019-12-12T11:56:57","slug":"toda-guerra-e-um-fratricidio-afirma-o-papa-na-mensagem-para-o-dia-mundial-da-paz","status":"publish","type":"post","link":"https:\/\/catolicanet.net\/wp-cnet\/toda-guerra-e-um-fratricidio-afirma-o-papa-na-mensagem-para-o-dia-mundial-da-paz\/","title":{"rendered":"&#8220;Toda guerra \u00e9 um fratric\u00eddio&#8221;, afirma o Papa na Mensagem para o Dia Mundial da Paz"},"content":{"rendered":"<h3 class=\"article__subTitle\">O S\u00ednodo dos Bispos para a Amaz\u00f4nia e a viagem do Santo Padre ao Jap\u00e3o foram eventos amplamente citados na Mensagem para o Dia Mundial da Paz de 2020.<\/h3>\n<div class=\"title__separator\"><\/div>\n<div class=\"article__text\">\n<p style=\"text-align: justify;\"><b>Bianca Fraccalvieri &#8211; Cidade do Vaticano \u00a0<\/b><\/p>\n<p style=\"text-align: justify;\">\u201cA paz como caminho de esperan\u00e7a: di\u00e1logo, reconcilia\u00e7\u00e3o e convers\u00e3o ecol\u00f3gica\u201d \u00e9 o t\u00edtulo da mensagem do Papa Francisco para o Dia Mundial da Paz de 2020, celebrado em 1\u00ba de janeiro.<\/p>\n<p style=\"text-align: justify;\">O texto foi divulgado esta quinta-feira (12\/12) e traz como refer\u00eancias principais dois eventos que marcaram o Vaticano este ano: o S\u00ednodo dos Bispos para a Amaz\u00f4nia, realizado em outubro, e a viagem do Santo Padre ao Jap\u00e3o, no final de novembro.<\/p>\n<p style=\"text-align: justify;\">\u201cA esperan\u00e7a \u00e9 a virtude que nos coloca a caminho, d\u00e1 asas para continuar, mesmo quando os obst\u00e1culos parecem intranspon\u00edveis\u201d, escreve o Pont\u00edfice.<\/p>\n<p style=\"text-align: justify;\">Entre esses obst\u00e1culos, o Papa cita as guerras e os conflitos que continuam ocorrendo, que marcam a humanidade na alma. Toda guerra, refor\u00e7a, \u00e9 um fratric\u00eddio.<\/p>\n<div>\n<div class=\"article__embed article__embed--border embed_style\">\n<blockquote><p>\u201cH\u00e1 na\u00e7\u00f5es inteiras que n\u00e3o conseguem libertar-se das cadeias de explora\u00e7\u00e3o e corrup\u00e7\u00e3o que alimentam \u00f3dios e viol\u00eancias.\u201d<\/p><\/blockquote>\n<\/div>\n<\/div>\n<h2 style=\"text-align: justify;\">Mem\u00f3ria: horizonte da esperan\u00e7a<\/h2>\n<p style=\"text-align: justify;\">Francisco citou um trecho do seu discurso pronunciado em Nagasaki sobre as armas nucleares, recordando que \u201ca paz e a estabilidade internacional s\u00e3o incompat\u00edveis com qualquer tentativa de as construir sobre o medo de m\u00fatua destrui\u00e7\u00e3o ou sobre uma amea\u00e7a de aniquila\u00e7\u00e3o total\u201d. (&#8230;) \u201cNeste sentido, a pr\u00f3pria dissuas\u00e3o nuclear s\u00f3 pode criar uma seguran\u00e7a ilus\u00f3ria.\u201d<\/p>\n<p style=\"text-align: justify;\">Como ent\u00e3o romper esta l\u00f3gica do medo? Para Francisco, n\u00e3o h\u00e1 outro caminho sen\u00e3o na busca de uma fraternidade real, baseada na origem comum de Deus e vivida no di\u00e1logo e na confian\u00e7a m\u00fatua.<\/p>\n<\/div>\n<div style=\"text-align: justify;\">\n<aside class=\"article__readmore\">\n<div class=\"teaser--labelEvidence teaser teaser--type-article\">\n<article>\n<div class=\"teaser__contentWrapper\">\n<h2 class=\"teaser__title\"><a title=\"\u201cA paz como caminho de esperan\u00e7a&quot;: o texto da mensagem do Papa\" href=\"https:\/\/www.vaticannews.va\/pt\/papa\/news\/2019-12\/a-paz-como-caminho-de-esperanca-mensagem-papa-dia-mundial-paz.html\">\u201cA paz como caminho de esperan\u00e7a&#8221;: o texto da mensagem do Papa<\/a><\/h2>\n<div><\/div>\n<\/div>\n<\/article>\n<\/div>\n<\/aside>\n<\/div>\n<p style=\"text-align: justify;\">O Papa mencionou os sobreviventes dos bombardeios at\u00f4micos em Hiroshima e Nagasaki, que \u201cmant\u00eam viva a chama da consci\u00eancia coletiva, testemunhando \u00e0s sucessivas gera\u00e7\u00f5es o horror daquilo que aconteceu em agosto de 1945 e os sofrimentos indescrit\u00edveis que se seguiram at\u00e9 aos dias de hoje\u201d.<\/p>\n<p style=\"text-align: justify;\">A mem\u00f3ria, portanto, \u00e9 um dos aspectos ressaltados pelo Papa como elemento fundamental da constru\u00e7\u00e3o da paz, definindo-a \u201chorizonte da esperan\u00e7a\u201d.<\/p>\n<div>\n<div class=\"article__embed article__embed--border embed_style\">\n<blockquote><p>\u201cO mundo n\u00e3o precisa de palavras vazias, mas de testemunhas convictas, artes\u00e3os da paz abertos ao di\u00e1logo sem exclus\u00f5es nem manipula\u00e7\u00f5es.\u201d<\/p><\/blockquote>\n<\/div>\n<\/div>\n<h2 style=\"text-align: justify;\">Paz: busca da verdade e da justi\u00e7a<\/h2>\n<p style=\"text-align: justify;\">Neste di\u00e1logo, \u00e9 preciso buscar a paz para al\u00e9m das ideologias.<\/p>\n<p style=\"text-align: justify;\">\u201cO processo de paz \u00e9 um empenho que se prolonga no tempo. \u00c9 um trabalho paciente de busca da verdade e da justi\u00e7a, que honra a mem\u00f3ria das v\u00edtimas e abre, passo a passo, para uma esperan\u00e7a comum, mais forte que a vingan\u00e7a.\u201d<\/p>\n<p style=\"text-align: justify;\">Em outras palavras, se trata de abandonar o desejo de dominar os outros e aprender a olhar-se como pessoas, como filhos de Deus, como irm\u00e3os. Trata-se de superar as desigualdades sociais, construindo um sistema econ\u00f4mico mais justo.<\/p>\n<h2 style=\"text-align: justify;\">Convers\u00e3o ecol\u00f3gica<\/h2>\n<p style=\"text-align: justify;\">Para Francisco, a paz implica tamb\u00e9m a convers\u00e3o ecol\u00f3gica, pois hoje vemos as consequ\u00eancias da hostilidade contra os outros, da falta de respeito pela casa comum e da explora\u00e7\u00e3o abusiva dos recursos naturais.<\/p>\n<div>\n<div class=\"article__embed article__embed--border embed_style\">\n<blockquote><p>\u201cO S\u00ednodo recente sobre a Amaz\u00f3nia impele-nos a dirigir, de forma renovada, o apelo em prol duma rela\u00e7\u00e3o pac\u00edfica entre as comunidades e a terra, entre o presente e a mem\u00f3ria, entre as experi\u00eancias e as esperan\u00e7as.\u201d<\/p><\/blockquote>\n<\/div>\n<\/div>\n<p style=\"text-align: justify;\">A convers\u00e3o ecol\u00f3gica, portanto, traz a uma nova perspectiva sobre a vida, levando em considera\u00e7\u00e3o a generosidade do Criador e a necessidade de partilha.<\/p>\n<p style=\"text-align: justify;\">Esta convers\u00e3o, explica o Papa, deve ser entendida de maneira integral, como uma transforma\u00e7\u00e3o das rela\u00e7\u00f5es que mantemos com os irm\u00e3os.<\/p>\n<h2 style=\"text-align: justify;\">Aprender a viver no perd\u00e3o<\/h2>\n<p style=\"text-align: justify;\">Para os crist\u00e3os, a paz requer um esfor\u00e7o ainda maior, porque engloba a dimens\u00e3o do perd\u00e3o seguindo o exemplo do Mestre. \u201cAprender a viver no perd\u00e3o aumenta a nossa capacidade de nos tornarmos mulheres e homens de paz.\u201d<\/p>\n<p style=\"text-align: justify;\">O Sacramento da reconcilia\u00e7\u00e3o renova as pessoas e as comunidades, pois pede \u201cpara depor toda a viol\u00eancia nos pensamentos, nas palavras e nas obras quer para com o pr\u00f3ximo quer para com a cria\u00e7\u00e3o\u201d.<\/p>\n<p style=\"text-align: justify;\">O Santo Padre ent\u00e3o conclui:<\/p>\n<div>\n<div class=\"article__embed article__embed--border embed_style\">\n<blockquote><p>\u201cRecebido o seu perd\u00e3o, em Cristo, podemos colocar-nos a caminho para oferec\u00ea-lo aos homens e mulheres do nosso tempo. Dia ap\u00f3s dia, o Esp\u00edrito Santo sugere-nos atitudes e palavras para nos tornarmos artes\u00e3os de justi\u00e7a e de paz. Que o Deus da paz nos aben\u00e7oe e venha em nossa ajuda.\u201d<\/p><\/blockquote>\n<\/div>\n<\/div>\n","protected":false},"excerpt":{"rendered":"<p>O S\u00ednodo dos Bispos para a Amaz\u00f4nia e a viagem do Santo Padre ao Jap\u00e3o foram eventos amplamente citados na Mensagem para o Dia Mundial da Paz de 2020. Bianca Fraccalvieri &#8211; Cidade do Vaticano \u00a0 \u201cA paz como caminho de esperan\u00e7a: di\u00e1logo, reconcilia\u00e7\u00e3o e convers\u00e3o ecol\u00f3gica\u201d \u00e9 o t\u00edtulo da mensagem do Papa Francisco [&hellip;]<\/p>\n","protected":false},"author":1,"featured_media":55719,"comment_status":"open","ping_status":"closed","sticky":false,"template":"","format":"standard","meta":{"footnotes":""},"categories":[3],"tags":[],"class_list":["post-55718","post","type-post","status-publish","format-standard","has-post-thumbnail","hentry","category-vaticano"],"_links":{"self":[{"href":"https:\/\/catolicanet.net\/wp-cnet\/wp-json\/wp\/v2\/posts\/55718","targetHints":{"allow":["GET"]}}],"collection":[{"href":"https:\/\/catolicanet.net\/wp-cnet\/wp-json\/wp\/v2\/posts"}],"about":[{"href":"https:\/\/catolicanet.net\/wp-cnet\/wp-json\/wp\/v2\/types\/post"}],"author":[{"embeddable":true,"href":"https:\/\/catolicanet.net\/wp-cnet\/wp-json\/wp\/v2\/users\/1"}],"replies":[{"embeddable":true,"href":"https:\/\/catolicanet.net\/wp-cnet\/wp-json\/wp\/v2\/comments?post=55718"}],"version-history":[{"count":1,"href":"https:\/\/catolicanet.net\/wp-cnet\/wp-json\/wp\/v2\/posts\/55718\/revisions"}],"predecessor-version":[{"id":55720,"href":"https:\/\/catolicanet.net\/wp-cnet\/wp-json\/wp\/v2\/posts\/55718\/revisions\/55720"}],"wp:featuredmedia":[{"embeddable":true,"href":"https:\/\/catolicanet.net\/wp-cnet\/wp-json\/wp\/v2\/media\/55719"}],"wp:attachment":[{"href":"https:\/\/catolicanet.net\/wp-cnet\/wp-json\/wp\/v2\/media?parent=55718"}],"wp:term":[{"taxonomy":"category","embeddable":true,"href":"https:\/\/catolicanet.net\/wp-cnet\/wp-json\/wp\/v2\/categories?post=55718"},{"taxonomy":"post_tag","embeddable":true,"href":"https:\/\/catolicanet.net\/wp-cnet\/wp-json\/wp\/v2\/tags?post=55718"}],"curies":[{"name":"wp","href":"https:\/\/api.w.org\/{rel}","templated":true}]}}