{"id":55708,"date":"2019-12-11T16:03:03","date_gmt":"2019-12-11T19:03:03","guid":{"rendered":"https:\/\/catolicanet.net\/wp-cnet\/?p=55708"},"modified":"2019-12-11T16:03:03","modified_gmt":"2019-12-11T19:03:03","slug":"o-porque-da-gota-dagua-no-vinho-que-na-missa-se-tornara-o-sangue-de-cristo","status":"publish","type":"post","link":"https:\/\/catolicanet.net\/wp-cnet\/o-porque-da-gota-dagua-no-vinho-que-na-missa-se-tornara-o-sangue-de-cristo\/","title":{"rendered":"O porqu\u00ea da gota d\u2019\u00e1gua no vinho, que, na Missa, se tornar\u00e1 o Sangue de Cristo"},"content":{"rendered":"<h2 class=\"subtitle\" style=\"text-align: justify;\">Quem explica em poucas palavras \u00e9 o pe. Gabriel Vila Verde: \u201c\u00c9 apenas uma gota, que, quando se mistura ao vinho, desaparece\u2026\u201d<\/h2>\n<div class=\"base-post-content\" style=\"text-align: justify;\">O pe. Gabriel Vila Verde explicou sinteticamente em sua p\u00e1gina pessoal no Facebook o porqu\u00ea da gota d\u2019\u00e1gua que o sacerdote coloca no c\u00e1lice, junto com o vinho, antes da consagra\u00e7\u00e3o:<\/p>\n<blockquote><p><em>Para quem n\u00e3o sabe\u2026<\/em><\/p>\n<p><em>A gota de \u00e1gua que o padre coloca no c\u00e1lice representa a nossa humanidade, que \u00e9 unida \u00e0 divindade de Jesus. \u00c9 apenas uma gota, que, quando se mistura ao vinho, desaparece, assim como a nossa pequenez diante da majestade de Deus.<\/em><\/p>\n<p><em>S\u00e3o Cipriano de Cartago dizia: \u201cSe houver apenas \u00e1gua, sem vinho, n\u00f3s estamos sozinhos, sem Cristo. E se houvesse s\u00f3 vinho sem \u00e1gua estaria Cristo sozinho sem n\u00f3s\u201d.<\/em><\/p><\/blockquote>\n<\/div>\n","protected":false},"excerpt":{"rendered":"<p>Quem explica em poucas palavras \u00e9 o pe. Gabriel Vila Verde: \u201c\u00c9 apenas uma gota, que, quando se mistura ao vinho, desaparece\u2026\u201d O pe. Gabriel Vila Verde explicou sinteticamente em sua p\u00e1gina pessoal no Facebook o porqu\u00ea da gota d\u2019\u00e1gua que o sacerdote coloca no c\u00e1lice, junto com o vinho, antes da consagra\u00e7\u00e3o: Para quem [&hellip;]<\/p>\n","protected":false},"author":1,"featured_media":55709,"comment_status":"open","ping_status":"closed","sticky":false,"template":"","format":"standard","meta":{"footnotes":""},"categories":[4],"tags":[],"class_list":["post-55708","post","type-post","status-publish","format-standard","has-post-thumbnail","hentry","category-cotidiano"],"_links":{"self":[{"href":"https:\/\/catolicanet.net\/wp-cnet\/wp-json\/wp\/v2\/posts\/55708","targetHints":{"allow":["GET"]}}],"collection":[{"href":"https:\/\/catolicanet.net\/wp-cnet\/wp-json\/wp\/v2\/posts"}],"about":[{"href":"https:\/\/catolicanet.net\/wp-cnet\/wp-json\/wp\/v2\/types\/post"}],"author":[{"embeddable":true,"href":"https:\/\/catolicanet.net\/wp-cnet\/wp-json\/wp\/v2\/users\/1"}],"replies":[{"embeddable":true,"href":"https:\/\/catolicanet.net\/wp-cnet\/wp-json\/wp\/v2\/comments?post=55708"}],"version-history":[{"count":1,"href":"https:\/\/catolicanet.net\/wp-cnet\/wp-json\/wp\/v2\/posts\/55708\/revisions"}],"predecessor-version":[{"id":55710,"href":"https:\/\/catolicanet.net\/wp-cnet\/wp-json\/wp\/v2\/posts\/55708\/revisions\/55710"}],"wp:featuredmedia":[{"embeddable":true,"href":"https:\/\/catolicanet.net\/wp-cnet\/wp-json\/wp\/v2\/media\/55709"}],"wp:attachment":[{"href":"https:\/\/catolicanet.net\/wp-cnet\/wp-json\/wp\/v2\/media?parent=55708"}],"wp:term":[{"taxonomy":"category","embeddable":true,"href":"https:\/\/catolicanet.net\/wp-cnet\/wp-json\/wp\/v2\/categories?post=55708"},{"taxonomy":"post_tag","embeddable":true,"href":"https:\/\/catolicanet.net\/wp-cnet\/wp-json\/wp\/v2\/tags?post=55708"}],"curies":[{"name":"wp","href":"https:\/\/api.w.org\/{rel}","templated":true}]}}