{"id":55702,"date":"2019-12-11T15:56:04","date_gmt":"2019-12-11T18:56:04","guid":{"rendered":"https:\/\/catolicanet.net\/wp-cnet\/?p=55702"},"modified":"2019-12-11T15:56:04","modified_gmt":"2019-12-11T18:56:04","slug":"natal-tempo-propicio-para-meditar-sobre-a-humildade","status":"publish","type":"post","link":"https:\/\/catolicanet.net\/wp-cnet\/natal-tempo-propicio-para-meditar-sobre-a-humildade\/","title":{"rendered":"Natal: tempo prop\u00edcio para meditar sobre a humildade"},"content":{"rendered":"<h2 class=\"subtitle\" style=\"text-align: justify;\">Quando voc\u00ea imagina a cena do nascimento de Jesus, \u00e9 dif\u00edcil n\u00e3o fazer uma medita\u00e7\u00e3o sobre a virtude da humildade<\/h2>\n<div class=\"base-post-content\">Enquanto a Quaresma e a Semana Santa se concentram no imenso sofrimento de Jesus por n\u00f3s, o Advento e o Natal representam a oportunidade perfeita para se concentrar na humildade e na pobreza.<\/p>\n<p style=\"text-align: justify;\">Isso ganha vida principalmente quando sentamos e meditamos na cena humilde do nascimento de Jesus. Muitas vezes, os pres\u00e9pios modernos n\u00e3o comunicam essa verdade central com for\u00e7a suficiente, pois o est\u00e1bulo moderno pode parecer quase aconchegante e quente, em vez do que provavelmente era a realidade fria, bagun\u00e7ada e brutal por tr\u00e1s de tudo.<\/p>\n<p style=\"text-align: justify;\">Uma medita\u00e7\u00e3o encontrada em um livro de ora\u00e7\u00e3o do s\u00e9culo XIX destaca esse profundo mist\u00e9rio:<\/p>\n<blockquote><p><em>\u201c\u00c9 meia-noite. O vento do inverno \u00e9 frio. Veja um est\u00e1bulo sem conforto, em parte galp\u00e3o e em parte caverna, escavado ao lado de uma rocha. Um lugar pobre mesmo. A brisa afiada encontra seu caminho livremente. Nesse est\u00e1bulo est\u00e1 um beb\u00ea. Seu \u00fanico ber\u00e7o \u00e9 uma manjedoura na qual o gado se alimenta. Ele est\u00e1 deitado sob a palha \u00e1spera \u2013 um beb\u00ea rec\u00e9m-nascido. Seus pequenos membros est\u00e3o enrolados em faixas, como as crian\u00e7as dos mais pobres.\u201d<\/em><\/p><\/blockquote>\n<p style=\"text-align: justify;\">Sente-se e imagine essa cena por alguns minutos. Pense na pobreza de tudo ao redor e qu\u00e3o desconfort\u00e1vel deve ter sido! Estar em um quarto de hospital moderno n\u00e3o \u00e9 nada bom, mas pense em como era dar \u00e0 luz em tais circunst\u00e2ncias.<\/p>\n<p style=\"text-align: justify;\">A cena deve nos levar a pedir a Deus o dom da humildade e a examinar nossas pr\u00f3prias vidas, perguntando a n\u00f3s mesmos se nossos confortos modernos t\u00eam alguma influ\u00eancia sobre nossas vidas espirituais.<\/p>\n<p style=\"text-align: justify;\">Aqui est\u00e1 uma breve ora\u00e7\u00e3o que vem ap\u00f3s a medita\u00e7\u00e3o acima. Pe\u00e7a a Deus que nos preencha com um esp\u00edrito de humildade:<\/p>\n<blockquote><p><em>Jesus, agrade\u00e7o-te por ter vindo assim. Grande Deus, como te humilhaste! Parece demais, maravilhoso demais, mas sei que \u00e9 verdade.<\/em><\/p>\n<p><em>Nada \u00e9 maravilhoso demais para o Teu grande e eterno amor.<\/em><\/p>\n<p><em>Por amor a Ti, serei humilde. Tira o meu orgulho e a minha vontade pr\u00f3pria.<\/em><\/p>\n<p><em>Maria, eu te agrade\u00e7o e te aben\u00e7\u00f4o por amar a Deus t\u00e3o nobremente, t\u00e3o puramente e t\u00e3o humildemente, que Ele nos deu Seu querido Filho atrav\u00e9s de ti. Roga a esse Filho, para que eu tenha a gra\u00e7a de aprender com Ele e contigo a ser manso e humilde de cora\u00e7\u00e3o.<\/em><\/p>\n<p><em>Jos\u00e9, pai adotivo de Jesus, o cora\u00e7\u00e3o daquela crian\u00e7a santa bate por mim. Maria \u00e9 minha m\u00e3e; ora por mim para que eu seja verdadeiramente humilde e perten\u00e7a a esta Sagrada Fam\u00edlia, agora e na hora da minha morte. Am\u00e9m.<\/em><\/p><\/blockquote>\n<\/div>\n","protected":false},"excerpt":{"rendered":"<p>Quando voc\u00ea imagina a cena do nascimento de Jesus, \u00e9 dif\u00edcil n\u00e3o fazer uma medita\u00e7\u00e3o sobre a virtude da humildade Enquanto a Quaresma e a Semana Santa se concentram no imenso sofrimento de Jesus por n\u00f3s, o Advento e o Natal representam a oportunidade perfeita para se concentrar na humildade e na pobreza. Isso ganha [&hellip;]<\/p>\n","protected":false},"author":1,"featured_media":55703,"comment_status":"open","ping_status":"closed","sticky":false,"template":"","format":"standard","meta":{"footnotes":""},"categories":[4,13],"tags":[],"class_list":["post-55702","post","type-post","status-publish","format-standard","has-post-thumbnail","hentry","category-cotidiano","category-featured"],"_links":{"self":[{"href":"https:\/\/catolicanet.net\/wp-cnet\/wp-json\/wp\/v2\/posts\/55702","targetHints":{"allow":["GET"]}}],"collection":[{"href":"https:\/\/catolicanet.net\/wp-cnet\/wp-json\/wp\/v2\/posts"}],"about":[{"href":"https:\/\/catolicanet.net\/wp-cnet\/wp-json\/wp\/v2\/types\/post"}],"author":[{"embeddable":true,"href":"https:\/\/catolicanet.net\/wp-cnet\/wp-json\/wp\/v2\/users\/1"}],"replies":[{"embeddable":true,"href":"https:\/\/catolicanet.net\/wp-cnet\/wp-json\/wp\/v2\/comments?post=55702"}],"version-history":[{"count":1,"href":"https:\/\/catolicanet.net\/wp-cnet\/wp-json\/wp\/v2\/posts\/55702\/revisions"}],"predecessor-version":[{"id":55704,"href":"https:\/\/catolicanet.net\/wp-cnet\/wp-json\/wp\/v2\/posts\/55702\/revisions\/55704"}],"wp:featuredmedia":[{"embeddable":true,"href":"https:\/\/catolicanet.net\/wp-cnet\/wp-json\/wp\/v2\/media\/55703"}],"wp:attachment":[{"href":"https:\/\/catolicanet.net\/wp-cnet\/wp-json\/wp\/v2\/media?parent=55702"}],"wp:term":[{"taxonomy":"category","embeddable":true,"href":"https:\/\/catolicanet.net\/wp-cnet\/wp-json\/wp\/v2\/categories?post=55702"},{"taxonomy":"post_tag","embeddable":true,"href":"https:\/\/catolicanet.net\/wp-cnet\/wp-json\/wp\/v2\/tags?post=55702"}],"curies":[{"name":"wp","href":"https:\/\/api.w.org\/{rel}","templated":true}]}}