{"id":5569,"date":"2015-02-20T17:12:55","date_gmt":"2015-02-20T19:12:55","guid":{"rendered":"http:\/\/catolicanet.net\/wp-cnet\/eu-vim-para-servir-2\/"},"modified":"2017-04-07T15:27:15","modified_gmt":"2017-04-07T18:27:15","slug":"eu-vim-para-servir-2","status":"publish","type":"post","link":"https:\/\/catolicanet.net\/wp-cnet\/eu-vim-para-servir-2\/","title":{"rendered":"Eu vim para servir!"},"content":{"rendered":"<p style=\"text-align: justify;\">A CNBB, na celebra\u00e7\u00e3o do ano da paz, iniciado no advento do ano passado, nos apresenta, com a quarta-feira de Cinzas, no tempo prop\u00edcio de jejum, ora\u00e7\u00e3o, penit\u00eancia e convers\u00e3o, a Campanha da Fraternidade de 2015 que tem como Tema: \u201cEu vim para servir!\u201d (Mc 10,45). Propondo uma reflex\u00e3o da rela\u00e7\u00e3o da Igreja com a sociedade, por isso faz uma retrospectiva da presen\u00e7a da Igreja Cat\u00f3lica, desde a coloniza\u00e7\u00e3o lusitana, passando pelo per\u00edodo do Imp\u00e9rio, do advento da Rep\u00fablica at\u00e9 os nossos dias ressaltando a presen\u00e7a marcante da Igreja na educa\u00e7\u00e3o e na sa\u00fade. Fala, na primeira parte do texto-base, da funda\u00e7\u00e3o da CNBB, da celebra\u00e7\u00e3o do Conc\u00edlio Vaticano II. Relembra o regime de exce\u00e7\u00e3o, com os militares, a voz prof\u00e9tica da Igreja em favor dos perseguidos pela revolu\u00e7\u00e3o e o in\u00edcio das pastorais sociais, que lutaram, ardorosamente, pela redemocratiza\u00e7\u00e3o do pa\u00eds.<br \/> A Campanha da Fraternidade nos apresenta a dimens\u00e3o da vida comunit\u00e1ria, da vida de todos n\u00f3s, com as leis e normas de condutas, organizadas por crit\u00e9rios e, principalmente com entidades que cuidam do bem-estar daqueles que convivem.<br \/> A Campanha da Fraternidade visa \u201cdespertar e nutrir o esp\u00edrito comunit\u00e1rio e a verdadeira solidariedade na busca do bem comum, educando para a vida fraterna, a justi\u00e7a e a caridade, exig\u00eancias \u00e9ticas centrais do Evangelho\u201d (Manual, n. 240).<br \/> O Papa Francisco tem cobrado da Igreja uma desacomoda\u00e7\u00e3o, por isso hoje somos uma Igreja em sa\u00edda: \u201cN\u00e3o quero uma Igreja preocupado com ser o centro\u201d, como ensina o Papa, por isso as comunidades precisam se converter \u00e0 miss\u00e3o. As pessoas est\u00e3o desorientadas, com vazio espiritual, por isso devemos ir ao encontro dos que vivem na noite, conversar com as pessoas, ir no seu caminho, com discernimento evang\u00e9lico, sem medo de di\u00e1logo, superando toda a \u201cmania de mandar ou de ser reconhecido como o tal\u201d, sendo que isso \u00e9 inadmiss\u00edvel nos dias atuais. Nesse sentido, al\u00e9m do ano da paz e da viv\u00eancia do S\u00ednodo da Fam\u00edlia, somos convidados a investir na fam\u00edlia, re-evangelizando-a, mais do que isso indo para as comunidades, bairros, as chamadas \u201cperiferias existenciais\u201d, vendo e convivendo com as realidades destes lugares existenciais que precisam de uma presen\u00e7a mais atuante da Igreja. O Papa Francisco, semana passada, ao receber os membros do Pontif\u00edcio Conselho dos Leigos disse que os leigos t\u00eam a miss\u00e3o de evangelizar os bairros. Uma Igreja em sa\u00edda, n\u00e3o acomodada nas sacristias. <br \/> Vamos procurar reavaliar a presen\u00e7a da Igreja na sociedade. Di\u00e1logo e busca do bem comum, em parceria com a sociedade civil. Vivamos bem esta Campanha da Fraternidade lembrando de que todo poder \u00e9 servi\u00e7o e que somos chamados a servir, a ser aqueles e aquelas que lavam os p\u00e9s dos que anunciam a paz!<\/p>\n","protected":false},"excerpt":{"rendered":"<p>A CNBB, na celebra\u00e7\u00e3o do ano da paz, iniciado no advento do ano passado, nos apresenta, com a quarta-feira de Cinzas, no tempo prop\u00edcio de jejum, ora\u00e7\u00e3o, penit\u00eancia e convers\u00e3o, a Campanha da Fraternidade de 2015 que tem como Tema: \u201cEu vim para servir!\u201d (Mc 10,45). Propondo uma reflex\u00e3o da rela\u00e7\u00e3o da Igreja com a [&hellip;]<\/p>\n","protected":false},"author":10,"featured_media":0,"comment_status":"closed","ping_status":"closed","sticky":false,"template":"","format":"standard","meta":{"footnotes":""},"categories":[9],"tags":[],"class_list":["post-5569","post","type-post","status-publish","format-standard","hentry","category-artigos"],"_links":{"self":[{"href":"https:\/\/catolicanet.net\/wp-cnet\/wp-json\/wp\/v2\/posts\/5569","targetHints":{"allow":["GET"]}}],"collection":[{"href":"https:\/\/catolicanet.net\/wp-cnet\/wp-json\/wp\/v2\/posts"}],"about":[{"href":"https:\/\/catolicanet.net\/wp-cnet\/wp-json\/wp\/v2\/types\/post"}],"author":[{"embeddable":true,"href":"https:\/\/catolicanet.net\/wp-cnet\/wp-json\/wp\/v2\/users\/10"}],"replies":[{"embeddable":true,"href":"https:\/\/catolicanet.net\/wp-cnet\/wp-json\/wp\/v2\/comments?post=5569"}],"version-history":[{"count":1,"href":"https:\/\/catolicanet.net\/wp-cnet\/wp-json\/wp\/v2\/posts\/5569\/revisions"}],"predecessor-version":[{"id":10582,"href":"https:\/\/catolicanet.net\/wp-cnet\/wp-json\/wp\/v2\/posts\/5569\/revisions\/10582"}],"wp:attachment":[{"href":"https:\/\/catolicanet.net\/wp-cnet\/wp-json\/wp\/v2\/media?parent=5569"}],"wp:term":[{"taxonomy":"category","embeddable":true,"href":"https:\/\/catolicanet.net\/wp-cnet\/wp-json\/wp\/v2\/categories?post=5569"},{"taxonomy":"post_tag","embeddable":true,"href":"https:\/\/catolicanet.net\/wp-cnet\/wp-json\/wp\/v2\/tags?post=5569"}],"curies":[{"name":"wp","href":"https:\/\/api.w.org\/{rel}","templated":true}]}}