{"id":55684,"date":"2019-12-11T15:29:34","date_gmt":"2019-12-11T18:29:34","guid":{"rendered":"https:\/\/catolicanet.net\/wp-cnet\/?p=55684"},"modified":"2019-12-11T15:29:34","modified_gmt":"2019-12-11T18:29:34","slug":"cuidados-paliativos-no-vaticano-simposio-internacional","status":"publish","type":"post","link":"https:\/\/catolicanet.net\/wp-cnet\/cuidados-paliativos-no-vaticano-simposio-internacional\/","title":{"rendered":"Cuidados paliativos. No Vaticano Simp\u00f3sio internacional"},"content":{"rendered":"<h3 class=\"article__subTitle\" style=\"text-align: justify;\">As religi\u00f5es e a \u00e9tica m\u00e9dica lan\u00e7am as bases de uma nova alian\u00e7a que promova a dignidade de todo paciente e o direito ao cuidado. O trabalho do evento incidir\u00e1 especificamente sobre a sa\u00fade mental dos idosos e os cuidados paliativos das crian\u00e7as.<\/h3>\n<div class=\"title__separator\" style=\"text-align: justify;\"><\/div>\n<div class=\"article__text\">\n<p style=\"text-align: justify;\"><b>Marco Guerra, Silvonei Jos\u00e9 &#8211; Cidade do Vaticano<\/b><\/p>\n<p style=\"text-align: justify;\">Dar valor a cada vida, promover a cultura do cuidado e contrastar com a do descarte que, na velhice, aparece em todas as suas evid\u00eancias mais dram\u00e1ticas. Estas s\u00e3o as premissas com as quais mais de 250 especialistas de todo o mundo se encontrar\u00e3o, nesta quarta e quinta-feiras, no Augustinianum, em Roma, para o simp\u00f3sio internacional &#8220;Religi\u00e3o e \u00e9tica m\u00e9dica: cuidados paliativos e sa\u00fade mental durante o envelhecimento&#8221;, organizado pela Pontif\u00edcia Academia para a Vida em colabora\u00e7\u00e3o com a <i>World Innovation Summit for Health<\/i> (WISH), realidade animada pela Funda\u00e7\u00e3o Catar.<\/p>\n<h2 style=\"text-align: justify;\">O documento assinado pelos l\u00edderes religiosos<\/h2>\n<p style=\"text-align: justify;\">O grande evento est\u00e1 em continuidade com o compromisso da Pontif\u00edcia Academia para a Vida e do magist\u00e9rio do Papa Francisco que, j\u00e1 em 2015, aos participantes da plen\u00e1ria deste organismo do Vaticano disse que os cuidados paliativos &#8220;realizam algo igualmente importante: valorizam a pessoa&#8221;. N\u00e3o deve ser esquecido que apenas no dia 28 de outubro passado, os representantes das tr\u00eas Religi\u00f5es abra\u00e2micas assinaram no Vaticano o <i>Position Paper<\/i> sobre os temas de Fim de Vida e Cuidados Paliativos.<\/p>\n<h2 style=\"text-align: justify;\">Apresenta\u00e7\u00e3o na Sala de Imprensa<\/h2>\n<p style=\"text-align: justify;\">O evento de dois dias &#8211; que conta com a presen\u00e7a de representantes de v\u00e1rias confiss\u00f5es religiosas, m\u00e9dicos, cientistas e bio\u00e9ticos &#8211; foi apresentado nesta ter\u00e7a-feira na Sala de imprensa do Vaticano por dom Vincenzo Paglia, Presidente da Pontif\u00edcia Academia para a Vida; pela dra. Sultana Afdhal, diretora executiva da WISH; e pelo dr. Kamran Abbasi, diretor executivo do British Medical Journal.<\/p>\n<h2 style=\"text-align: justify;\">O envelhecimento da popula\u00e7\u00e3o<\/h2>\n<p style=\"text-align: justify;\">Dom Paglia apresentou a iniciativa, na sequ\u00eancia do que j\u00e1 tinha sido realizado nos v\u00e1rios congressos da Academia para a Vida sobre este tema, &#8220;nos Estados Unidos com a assinatura de uma Declara\u00e7\u00e3o conjunta com a Igreja Metodista &#8211; recordou -; no Brasil, L\u00edbano e Catar, onde em janeiro de 2018 assinei uma Declara\u00e7\u00e3o conjunta com a dra. Sultana Afdhal&#8221;. &#8220;Continuamos por um caminho comum com as outras religi\u00f5es, colocando no centro o que temos em comum&#8221;, explicou dom Paglia, que desta forma quer oferecer uma abordagem mais ampla aos desafios do momento hist\u00f3rico atual, que tem a ver com o envelhecimento da popula\u00e7\u00e3o. &#8220;Viver mais 20 anos sem ter uma literatura adequada nos compromete de forma importante, isto significa que o ampliar-se da doen\u00e7a &#8211; continuou o prelado -, os custos da sa\u00fade s\u00e3o a parte mais importante dos or\u00e7amentos dos pa\u00edses ao redor do mundo, por isso devemos evitar que o crescente n\u00famero de pessoas idosas leve a uma cultura de eutan\u00e1sia motivada por quest\u00f5es econ\u00f4micas.<\/p>\n<p style=\"text-align: justify;\">O presidente da Pontif\u00edcia Academia para a Vida sublinhou, portanto, o risco da medicina ser &#8220;minada pelo crime da efici\u00eancia absoluta&#8221;, e reiterou que a perspectiva de cura recorda uma voca\u00e7\u00e3o espec\u00edfica: &#8220;Mesmo quando n\u00e3o se pode curar, deve-se sempre curar, estar ao lado&#8221;.<\/p>\n<h2 style=\"text-align: justify;\">O Livro Branco sobre cuidados paliativos<\/h2>\n<p style=\"text-align: justify;\">Dom Paglia tamb\u00e9m anunciou que durante o Simp\u00f3sio ser\u00e1 apresentado o Livro Branco para a Promo\u00e7\u00e3o e Difus\u00e3o de Cuidados Paliativos no mundo, preparado por um grupo internacional de especialistas. O texto est\u00e1 dispon\u00edvel em ingl\u00eas, alem\u00e3o e italiano &#8211; tamb\u00e9m no site da Academia para a Vida -, e est\u00e1 sendo enviado \u00e0s Universidades Cat\u00f3licas e Hospitais Cat\u00f3licos ao redor do mundo para aumentar n\u00e3o s\u00f3 o conhecimento, mas sobretudo a pr\u00e1tica dos Cuidados Paliativos. &#8220;Temos em comum o desejo de promover uma &#8220;cultura paliativa&#8221; &#8211; disse &#8211; tanto para responder \u00e0 tenta\u00e7\u00e3o que vem da eutan\u00e1sia e do suic\u00eddio assistido, como sobretudo para desenvolver uma cultura de cuidado que nos permita oferecer uma companhia de amor at\u00e9 a passagem da morte\u201d.<\/p>\n<h2 style=\"text-align: justify;\">Foco sobre os idosos e crian\u00e7as<\/h2>\n<p style=\"text-align: justify;\">O Simp\u00f3sio focalizar\u00e1 tamb\u00e9m o tema da sa\u00fade mental dos idosos e a promo\u00e7\u00e3o do acompanhamento familiar para n\u00e3o deix\u00e1-los sozinhos diante da doen\u00e7a do seu familiar. Uma se\u00e7\u00e3o espec\u00edfica dos trabalhos \u00e9 dedicada a uma \u00e1rea muito delicada e dolorosa: Cuidados Paliativos Pedi\u00e1tricos. Nesta reflex\u00e3o, a grande contribui\u00e7\u00e3o que as religi\u00f5es e a f\u00e9 podem oferecer, isto \u00e9, um acompanhamento que olha para as dimens\u00f5es f\u00edsica, emocional e espiritual de cada pessoa, ser\u00e1 tamb\u00e9m explorada em profundidade. &#8220;Uma leitura da exist\u00eancia humana e da realidade que valorize a experi\u00eancia religiosa &#8211; acrescentou o prelado -, nos permite ver e afirmar um bem que vai al\u00e9m da mera medida do c\u00e1lculo&#8221;.<\/p>\n<h2 style=\"text-align: justify;\">Dom Paglia: entrar nas faculdades de medicina<\/h2>\n<p style=\"text-align: justify;\">Dom Vincenzo Paglia explica aos microfones de Vatican News os objetivos e temas do Simp\u00f3sio<\/p>\n<p style=\"text-align: justify;\">R. &#8211; <i>Dar dignidade cient\u00edfica aos cuidados paliativos. Normalmente, quando falamos de cuidados paliativos, pensamos em quando n\u00e3o h\u00e1 mais nada a fazer. Esta concep\u00e7\u00e3o de cuidados paliativos como uma esp\u00e9cie de descarte da medicina deve ser invertida. Temos de valorizar, atrav\u00e9s do pr\u00f3prio significado de medicina, que \u00e9 curar, a concep\u00e7\u00e3o de paliativo que se encontra atualmente na segunda fila. N\u00e3o, os cuidados paliativos devem estar na vanguarda das faculdades de medicina. E esta \u00e9 a primeira tarefa que certamente envolve o envolvimento de m\u00e9dicos, cientistas, universidades e tamb\u00e9m pol\u00edticos. E na It\u00e1lia, a Academia para a Vida vai promover um encontro com diretores de faculdades em mar\u00e7o pr\u00f3ximo, nesta perspectiva. Esta \u00e9 uma pergunta absolutamente urgente, sobretudo para evitar respostas erradas. Neste sentido, diante da perspectiva da morte, os cuidados paliativos s\u00e3o convidados a envolver tamb\u00e9m a dimens\u00e3o espiritual e religiosa da vida humana. \u00c9 por isso que, na minha opini\u00e3o, \u00e9 um caminho que vai muito al\u00e9m do simples aspecto m\u00e9dico.<\/i><\/p>\n<p style=\"text-align: justify;\">Os senhores tamb\u00e9m v\u00e3o falar sobre cuidados paliativos para crian\u00e7as, o hospital <b>Bambin Ges\u00f9<\/b> est\u00e1 muito \u00e0 frente nesta quest\u00e3o. Fala-se da pr\u00f3xima abertura de um &#8220;ala pedi\u00e1trica&#8221; para isso, portando os hospitais cat\u00f3licos t\u00eam feito um excelente trabalho nesta mat\u00e9ria?<\/p>\n<p style=\"text-align: justify;\">R. &#8211; <i>De fato, j\u00e1 estou em contato com a doutora Enoc, precisamente para promover tamb\u00e9m na It\u00e1lia e nos hospitais cat\u00f3licos, especialmente onde h\u00e1 crian\u00e7as a serem tratadas, uma maior reflex\u00e3o, uma maior aten\u00e7\u00e3o que por um lado deve ser t\u00e9cnica e cient\u00edfica, mas por outro deve ser para n\u00f3s cat\u00f3licos uma aten\u00e7\u00e3o humana, religiosa, porque sabemos que Deus olha para as crian\u00e7as com particular aten\u00e7\u00e3o.<\/i><\/p>\n<\/div>\n","protected":false},"excerpt":{"rendered":"<p>As religi\u00f5es e a \u00e9tica m\u00e9dica lan\u00e7am as bases de uma nova alian\u00e7a que promova a dignidade de todo paciente e o direito ao cuidado. O trabalho do evento incidir\u00e1 especificamente sobre a sa\u00fade mental dos idosos e os cuidados paliativos das crian\u00e7as. Marco Guerra, Silvonei Jos\u00e9 &#8211; Cidade do Vaticano Dar valor a cada [&hellip;]<\/p>\n","protected":false},"author":1,"featured_media":55685,"comment_status":"open","ping_status":"closed","sticky":false,"template":"","format":"standard","meta":{"footnotes":""},"categories":[3],"tags":[],"class_list":["post-55684","post","type-post","status-publish","format-standard","has-post-thumbnail","hentry","category-vaticano"],"_links":{"self":[{"href":"https:\/\/catolicanet.net\/wp-cnet\/wp-json\/wp\/v2\/posts\/55684","targetHints":{"allow":["GET"]}}],"collection":[{"href":"https:\/\/catolicanet.net\/wp-cnet\/wp-json\/wp\/v2\/posts"}],"about":[{"href":"https:\/\/catolicanet.net\/wp-cnet\/wp-json\/wp\/v2\/types\/post"}],"author":[{"embeddable":true,"href":"https:\/\/catolicanet.net\/wp-cnet\/wp-json\/wp\/v2\/users\/1"}],"replies":[{"embeddable":true,"href":"https:\/\/catolicanet.net\/wp-cnet\/wp-json\/wp\/v2\/comments?post=55684"}],"version-history":[{"count":1,"href":"https:\/\/catolicanet.net\/wp-cnet\/wp-json\/wp\/v2\/posts\/55684\/revisions"}],"predecessor-version":[{"id":55686,"href":"https:\/\/catolicanet.net\/wp-cnet\/wp-json\/wp\/v2\/posts\/55684\/revisions\/55686"}],"wp:featuredmedia":[{"embeddable":true,"href":"https:\/\/catolicanet.net\/wp-cnet\/wp-json\/wp\/v2\/media\/55685"}],"wp:attachment":[{"href":"https:\/\/catolicanet.net\/wp-cnet\/wp-json\/wp\/v2\/media?parent=55684"}],"wp:term":[{"taxonomy":"category","embeddable":true,"href":"https:\/\/catolicanet.net\/wp-cnet\/wp-json\/wp\/v2\/categories?post=55684"},{"taxonomy":"post_tag","embeddable":true,"href":"https:\/\/catolicanet.net\/wp-cnet\/wp-json\/wp\/v2\/tags?post=55684"}],"curies":[{"name":"wp","href":"https:\/\/api.w.org\/{rel}","templated":true}]}}