{"id":5568,"date":"2015-02-19T16:39:20","date_gmt":"2015-02-19T18:39:20","guid":{"rendered":"http:\/\/catolicanet.net\/wp-cnet\/inaugurado-em-kinshasa-novo-campus-da-universidade-catolica\/"},"modified":"2017-04-07T15:29:32","modified_gmt":"2017-04-07T18:29:32","slug":"inaugurado-em-kinshasa-novo-campus-da-universidade-catolica","status":"publish","type":"post","link":"https:\/\/catolicanet.net\/wp-cnet\/inaugurado-em-kinshasa-novo-campus-da-universidade-catolica\/","title":{"rendered":"Inaugurado em Kinshasa novo Campus da Universidade Cat\u00f3lica"},"content":{"rendered":"<p style=\"text-align: justify;\"><img decoding=\"async\" src=\"http:\/\/catolicanet.com.br\/images\/stories\/geral\/domnikolas.jpg\" border=\"0\" align=\"left\" \/>A Universidade Cat\u00f3lica da Rep\u00fablica Democr\u00e1tica do Congo continua a crescer. S\u00e1bado, 14 deste m\u00eas, foi inaugurado o segundo campus em Mont-Ngafula, a 15 km da capital, Kinshasa. O acto solene de inaugura\u00e7\u00e3o foi presidido pelo bispo da Diocese de Tshumbe e Presidente da Confer\u00eancia Episcopal do pa\u00eds, D. Nicolas Djomo Lola. Com ele concelebraram dez bispos, uns 50 sacerdotes. Numerosos os professores e alunos que tomaram parte na cerim\u00f3nia. Presente tamb\u00e9m o N\u00fancio Apost\u00f3lico no pa\u00eds que benzeu as cruzes para as salas de aula e para a estrutura no seu conjunto. Os cursos no novo campus come\u00e7am a 27 deste m\u00eas.<\/p>\n<p>Na sua homilia, D. Nicolas Djomo sublinhou que a Universidade Cat\u00f3lico do Congo representa uma \u201cencruzilhada do Evangelho e da evangeliza\u00e7\u00e3o\u201d em \u00c1frica onde os estudantes aprendem a cultivar os valores do servi\u00e7o \u00e0 sociedade.<\/p>\n<p>Convidado para a cerim\u00f3nia, o Ministro para a Educa\u00e7\u00e3o Superior e Universit\u00e1ria na RDC exprimiu muito apre\u00e7o em rela\u00e7\u00e3o a essa Institui\u00e7\u00e3o de ensino.<\/p>\n<p>Por seu lado, o Reitor da Universidade, P. Jean Bosco Matand, solicitou o Governo congol\u00eas a apoiar financeiramente o ateneu, que at\u00e9 hoje tem podido contar apenas com as ofertas de privados e doa\u00e7\u00f5es estrangeiras.<\/p>\n<p>Fundada em 2009 gra\u00e7as \u00e0 fus\u00e3o de diversas faculdades universit\u00e1rias cat\u00f3licas de Kinshasa, a Universidade Cat\u00f3lica do Congo engloba faculdades de Teologia, Direito Can\u00f3nico, Filosofia, Economia e Desenvolvimento, Comunica\u00e7\u00e3o Social, Direito e Ci\u00eancias Pol\u00edticas com um total de mais de dois mil estudantes. O ateneu disp\u00f5e tamb\u00e9m de um Centro de Estudos da Religi\u00e3o Africana e um Centro de Arquivos Eclesi\u00e1sticos.<\/p>\n<p style=\"text-align: justify;\"><strong>Fonte:<\/strong> R\u00e1dio Vaticano<\/p>\n","protected":false},"excerpt":{"rendered":"<p>A Universidade Cat\u00f3lica da Rep\u00fablica Democr\u00e1tica do Congo continua a crescer. S\u00e1bado, 14 deste m\u00eas, foi inaugurado o segundo campus em Mont-Ngafula, a 15 km da capital, Kinshasa. O acto solene de inaugura\u00e7\u00e3o foi presidido pelo bispo da Diocese de Tshumbe e Presidente da Confer\u00eancia Episcopal do pa\u00eds, D. Nicolas Djomo Lola. Com ele concelebraram [&hellip;]<\/p>\n","protected":false},"author":1,"featured_media":0,"comment_status":"closed","ping_status":"closed","sticky":false,"template":"","format":"standard","meta":{"footnotes":""},"categories":[3],"tags":[],"class_list":["post-5568","post","type-post","status-publish","format-standard","hentry","category-vaticano"],"_links":{"self":[{"href":"https:\/\/catolicanet.net\/wp-cnet\/wp-json\/wp\/v2\/posts\/5568","targetHints":{"allow":["GET"]}}],"collection":[{"href":"https:\/\/catolicanet.net\/wp-cnet\/wp-json\/wp\/v2\/posts"}],"about":[{"href":"https:\/\/catolicanet.net\/wp-cnet\/wp-json\/wp\/v2\/types\/post"}],"author":[{"embeddable":true,"href":"https:\/\/catolicanet.net\/wp-cnet\/wp-json\/wp\/v2\/users\/1"}],"replies":[{"embeddable":true,"href":"https:\/\/catolicanet.net\/wp-cnet\/wp-json\/wp\/v2\/comments?post=5568"}],"version-history":[{"count":1,"href":"https:\/\/catolicanet.net\/wp-cnet\/wp-json\/wp\/v2\/posts\/5568\/revisions"}],"predecessor-version":[{"id":10586,"href":"https:\/\/catolicanet.net\/wp-cnet\/wp-json\/wp\/v2\/posts\/5568\/revisions\/10586"}],"wp:attachment":[{"href":"https:\/\/catolicanet.net\/wp-cnet\/wp-json\/wp\/v2\/media?parent=5568"}],"wp:term":[{"taxonomy":"category","embeddable":true,"href":"https:\/\/catolicanet.net\/wp-cnet\/wp-json\/wp\/v2\/categories?post=5568"},{"taxonomy":"post_tag","embeddable":true,"href":"https:\/\/catolicanet.net\/wp-cnet\/wp-json\/wp\/v2\/tags?post=5568"}],"curies":[{"name":"wp","href":"https:\/\/api.w.org\/{rel}","templated":true}]}}