{"id":55632,"date":"2019-12-10T15:43:45","date_gmt":"2019-12-10T18:43:45","guid":{"rendered":"https:\/\/catolicanet.net\/wp-cnet\/?p=55632"},"modified":"2019-12-10T15:43:45","modified_gmt":"2019-12-10T18:43:45","slug":"intercambio-de-dons-textos-do-papa-e-escritos-de-lideres-de-outras-igrejas","status":"publish","type":"post","link":"https:\/\/catolicanet.net\/wp-cnet\/intercambio-de-dons-textos-do-papa-e-escritos-de-lideres-de-outras-igrejas\/","title":{"rendered":"&#8220;Interc\u00e2mbio de dons&#8221;: textos do Papa e escritos de l\u00edderes de outras Igrejas"},"content":{"rendered":"<div class=\"article__subTitle\" style=\"text-align: justify;\">Foi apresentado em Roma, na sede da Ordem Equestre do Santo Sepulcro, a nova cole\u00e7\u00e3o ecum\u00eanica da Livraria Editora Vaticana (LEV). A cole\u00e7\u00e3o apresenta textos do Papa Francisco, com um escrito in\u00e9dito e pref\u00e1cio de representantes de Igrejas e Comunidades eclesiais crist\u00e3s separadas.<\/div>\n<div class=\"title__separator\" style=\"text-align: justify;\"><\/div>\n<div class=\"article__text\">\n<p style=\"text-align: justify;\"><b>Cidade do Vaticano<\/b><\/p>\n<p style=\"text-align: justify;\">O di\u00e1logo ecum\u00eanico \u201cn\u00e3o \u00e9 apenas uma troca de ideias. De algum modo, \u00e9 sempre um interc\u00e2mbio de dons\u201d, assim escrevia S. Jo\u00e3o Paulo II na sua Carta Enc\u00edclica <a href=\"http:\/\/www.vatican.va\/content\/john-paul-ii\/it\/encyclicals\/documents\/hf_jp-ii_enc_25051995_ut-unum-sint.html\" target=\"_blank\" rel=\"external noopener noreferrer\">Ut Unum Sint<\/a>, de 1995. \u201cInterc\u00e2mbio de dons\u201d \u00e9 o t\u00edtulo escolhido pela Livraria Editora Vaticana para a original cole\u00e7\u00e3o de textos do Papa Francisco, com um escrito in\u00e9dito e o pref\u00e1cio de l\u00edderes de outras Igrejas e Comunidades eclesiais crist\u00e3s. A obra foi lan\u00e7ada na Feira do Livro de Frankfurt em outubro, e em Roma, o lan\u00e7amento dos dois primeiros volumes foi realizado no Pal\u00e1cio Rovere, sede da Ordem Equestre do Santo Sepulcro de Jerusal\u00e9m.<\/p>\n<h2 style=\"text-align: justify;\"><b>Andrea Tornielli: o fio condutor \u00e9 o ecumenismo dos fi\u00e9is<\/b><\/h2>\n<p style=\"text-align: justify;\">Na ocasi\u00e3o, depois da sauda\u00e7\u00e3o do cardeal Edwin O&#8217;Brien, Gr\u00e3o Mestre da Ordem do Santo Sepulcro, Andrea Tornielli, diretor editorial do Dicast\u00e9rio para a Comunica\u00e7\u00e3o, destacou o fio condutor que une os dois primeiros volumes da cole\u00e7\u00e3o: \u201cNossa Terra M\u00e3e. Uma leitura crist\u00e3 do desafio do ambiente\u201d, com o pref\u00e1cio do Patriarca Ecum\u00eanico de Constantinopla Bartolomeu I e \u201cA ora\u00e7\u00e3o. Respiro de uma nova vida\u201d, com o pref\u00e1cio do Patriarca de Moscou Kirill. O fio condutor \u00e9 o ecumenismo dos fi\u00e9is, \u201co ecumenismo pr\u00e1tico\u201d que se manifesta nas iniciativas comuns dos crist\u00e3os para a salvaguarda da Cria\u00e7\u00e3o, cuja destrui\u00e7\u00e3o\u00a0\u00e9 um pecado,\u00a0sublinha Bartolomeu I, e na ora\u00e7\u00e3o comum j\u00e1 presente na Semana de Ora\u00e7\u00e3o pela Unidade dos Crist\u00e3os.<\/p>\n<h2 style=\"text-align: justify;\"><b>Nossa Terra M\u00e3e, leitura crist\u00e3 do desafio do ambiente<\/b><\/h2>\n<p style=\"text-align: justify;\">\u201cNossa Terra M\u00e3e, leitura crist\u00e3 do desafio do ambiente\u201d \u00e9 o primeiro volume editado pela LEV com certificados que comprovam a correta gest\u00e3o florestal e a origem dos produtos derivados. Re\u00fane frases, textos, discursos e homilias do Papa Francisco sobre o tema da prote\u00e7\u00e3o da cria\u00e7\u00e3o e sobre a promo\u00e7\u00e3o de uma vida digna para todo homem. No pref\u00e1cio Bartolomeu I, Patriarca Ecum\u00eanico de Constantinopla, evidencia a liga\u00e7\u00e3o existente entre o di\u00e1logo ecum\u00eanico e o cuidado do ambiente. \u201cJunto com o ecumenismo do di\u00e1logo entre as v\u00e1rias confiss\u00f5es crist\u00e3s e o ecumenismo do mart\u00edrio compartilhado pelas v\u00edtimas da discrimina\u00e7\u00e3o e das viol\u00eancias religiosas \u2013 escreve o Patriarca \u2013 h\u00e1 o ecumenismo do ambiente que enfrenta as mudan\u00e7as clim\u00e1ticas globais e traz consigo implica\u00e7\u00f5es e consequ\u00eancias de grandes dimens\u00f5es para todo o nosso planeta e os seus habitantes\u201d.<\/p>\n<h2 style=\"text-align: justify;\"><b>O texto in\u00e9dito do Papa Francisco<\/b><\/h2>\n<p style=\"text-align: justify;\">O texto in\u00e9dito do Papa Francisco, \u201cUma grande esperan\u00e7a\u201d, \u00e9 um convite a \u201crever nossos estilos de vida, os nossos crit\u00e9rios de julgamento, os valores nos quais fundamentamos nossas escolhas\u201d. O Pont\u00edfice que considera a ecologia como \u201ca ecologia do homem e de toda a criatura, n\u00e3o s\u00f3 uma parte dela\u201d, prop\u00f5e um caminho centralizado em quatro palavras: \u201cdom, arrependimento, oferta, fraternidade\u201d, que indicam tamb\u00e9m um percurso \u201cde cura da necessidade de posse, do poder, do abuso na dire\u00e7\u00e3o do compartilhamento, colabora\u00e7\u00e3o e respeito\u201d.<\/p>\n<h2 style=\"text-align: justify;\"><b>A ora\u00e7\u00e3o. Respiro de uma nova vida<\/b><\/h2>\n<p style=\"text-align: justify;\">O livro \u201cA ora\u00e7\u00e3o. Respiro de uma nova vida\u201d, tem o pref\u00e1cio escrito pelo Patriarca de Moscou Kirill. A ora\u00e7\u00e3o, recorda Kirill, \u201cune o homem com os outros, com seus irm\u00e3os e irm\u00e3s na f\u00e9, pelos quais eleva aos c\u00e9us as suas s\u00faplicas\u201d. O texto in\u00e9dito, \u201cRespiro de uma nova vida\u201d, \u00e9 um convite a rezar ininterruptamente. Francisco oferece muitas imagens ligadas \u00e0 ora\u00e7\u00e3o e aos momentos nos quais se reza. A mais sugestiva \u00e9 uma compara\u00e7\u00e3o com o respiro: \u201cNem sempre temos consci\u00eancia de respirar, mas n\u00e3o se pode deixar de respirar\u201d.<\/p>\n<h2 style=\"text-align: justify;\"><b>Edi\u00e7\u00f5es em 10 l\u00ednguas<\/b><\/h2>\n<p style=\"text-align: justify;\">Depois do lan\u00e7amento em italiano e franc\u00eas, os dois livros est\u00e3o sendo publicados em portugu\u00eas, ingl\u00eas, espanhol alem\u00e3o, chin\u00eas, polon\u00eas, romeno e h\u00fangaro.<\/p>\n<\/div>\n","protected":false},"excerpt":{"rendered":"<p>Foi apresentado em Roma, na sede da Ordem Equestre do Santo Sepulcro, a nova cole\u00e7\u00e3o ecum\u00eanica da Livraria Editora Vaticana (LEV). A cole\u00e7\u00e3o apresenta textos do Papa Francisco, com um escrito in\u00e9dito e pref\u00e1cio de representantes de Igrejas e Comunidades eclesiais crist\u00e3s separadas. Cidade do Vaticano O di\u00e1logo ecum\u00eanico \u201cn\u00e3o \u00e9 apenas uma troca de [&hellip;]<\/p>\n","protected":false},"author":1,"featured_media":55633,"comment_status":"open","ping_status":"closed","sticky":false,"template":"","format":"standard","meta":{"footnotes":""},"categories":[3],"tags":[],"class_list":["post-55632","post","type-post","status-publish","format-standard","has-post-thumbnail","hentry","category-vaticano"],"_links":{"self":[{"href":"https:\/\/catolicanet.net\/wp-cnet\/wp-json\/wp\/v2\/posts\/55632","targetHints":{"allow":["GET"]}}],"collection":[{"href":"https:\/\/catolicanet.net\/wp-cnet\/wp-json\/wp\/v2\/posts"}],"about":[{"href":"https:\/\/catolicanet.net\/wp-cnet\/wp-json\/wp\/v2\/types\/post"}],"author":[{"embeddable":true,"href":"https:\/\/catolicanet.net\/wp-cnet\/wp-json\/wp\/v2\/users\/1"}],"replies":[{"embeddable":true,"href":"https:\/\/catolicanet.net\/wp-cnet\/wp-json\/wp\/v2\/comments?post=55632"}],"version-history":[{"count":1,"href":"https:\/\/catolicanet.net\/wp-cnet\/wp-json\/wp\/v2\/posts\/55632\/revisions"}],"predecessor-version":[{"id":55634,"href":"https:\/\/catolicanet.net\/wp-cnet\/wp-json\/wp\/v2\/posts\/55632\/revisions\/55634"}],"wp:featuredmedia":[{"embeddable":true,"href":"https:\/\/catolicanet.net\/wp-cnet\/wp-json\/wp\/v2\/media\/55633"}],"wp:attachment":[{"href":"https:\/\/catolicanet.net\/wp-cnet\/wp-json\/wp\/v2\/media?parent=55632"}],"wp:term":[{"taxonomy":"category","embeddable":true,"href":"https:\/\/catolicanet.net\/wp-cnet\/wp-json\/wp\/v2\/categories?post=55632"},{"taxonomy":"post_tag","embeddable":true,"href":"https:\/\/catolicanet.net\/wp-cnet\/wp-json\/wp\/v2\/tags?post=55632"}],"curies":[{"name":"wp","href":"https:\/\/api.w.org\/{rel}","templated":true}]}}