{"id":55628,"date":"2019-12-10T15:38:46","date_gmt":"2019-12-10T18:38:46","guid":{"rendered":"https:\/\/catolicanet.net\/wp-cnet\/?p=55628"},"modified":"2019-12-11T14:58:06","modified_gmt":"2019-12-11T17:58:06","slug":"https-www-cnbb-org-br-direitos-humanos-compromisso-de-defesa-do-ser-humano-em-toda-a-sua-integridade","status":"publish","type":"post","link":"https:\/\/catolicanet.net\/wp-cnet\/https-www-cnbb-org-br-direitos-humanos-compromisso-de-defesa-do-ser-humano-em-toda-a-sua-integridade\/","title":{"rendered":"Direitos humanos compromisso de defesa do ser humano em toda a sua integridade"},"content":{"rendered":"<p style=\"text-align: justify;\">Nesta ter\u00e7a-feira, dia 10 de dezembro, comemora-se o Dia Internacional dos Direitos Humanos, data em que a Assembleia Geral das Na\u00e7\u00f5es Unidas oficializou a Declara\u00e7\u00e3o Universal dos Direitos Humanos, em 1948. O Papa Francisco tuitou na manh\u00e3 de hoje, ressaltando a sacralidade e a inviolabilidade do ser humano em todas as fases do seu desenvolvimento. O bispo de Rio Grande (RS) e presidente da Comiss\u00e3o Episcopal Pastoral para a Vida e a Fam\u00edlia da Confer\u00eancia Nacional dos Bispos do Brasil (CNBB), dom Ricardo Hoepers, comentou a mensagem do pont\u00edfice.<\/p>\n<p style=\"text-align: justify;\">\u201cO ser humano \u00e9 sempre sagrado e inviol\u00e1vel, em qualquer situa\u00e7\u00e3o e em cada fase do seu desenvolvimento. Se esta convic\u00e7\u00e3o ruir, n\u00e3o permanecer\u00e1 fundamentos s\u00f3lidos e permanentes para a defesa dos #DireitosHumanos\u201d, era o texto divulgado na conta do Papa.<\/p>\n<p style=\"text-align: justify;\">O ser humano \u00e9 sempre sagrado e inviol\u00e1vel, em qualquer situa\u00e7\u00e3o e em cada fase do seu desenvolvimento. Se esta convic\u00e7\u00e3o ruir, n\u00e3o permanecer\u00e1 fundamentos s\u00f3lidos e permanentes para a defesa dos <a href=\"https:\/\/twitter.com\/hashtag\/DireitosHumanos?src=hash&amp;ref_src=twsrc%5Etfw\">#DireitosHumanos<\/a>.<\/p>\n<blockquote class=\"twitter-tweet\"><p>&nbsp;<\/p>\n<p>\u2014 Papa Francisco (@Pontifex_pt) <a href=\"https:\/\/twitter.com\/Pontifex_pt\/status\/1204347524678660097?ref_src=twsrc%5Etfw\">December 10, 2019<\/a><\/p><\/blockquote>\n<blockquote><p>\u201c<em>Diante de tantos chav\u00f5es, polariza\u00e7\u00f5es e controv\u00e9rsias sobre os direitos humanos em nossos dias, o Papa Francisco hoje nos ajuda a focar no que \u00e9 essencial: a vida humana \u00e9 inviol\u00e1vel e sagrada. E essa inviolabilidade e sacralidade tem que ser respeitada desde a concep\u00e7\u00e3o at\u00e9 o fim natural. Se n\u00e3o compreendermos esse fundamento do sentido e da exist\u00eancia de todo ser humano, nenhum direito humano subsistir\u00e1<\/em>\u201d, comentou dom Ricardo Hoepers.<\/p><\/blockquote>\n<p style=\"text-align: justify;\">O presidente da Comiss\u00e3o para a Vida e a Fam\u00edlia da CNBB ainda destaca o papel da Igreja de salvaguardar os direitos humanos: \u201cA Igreja Cat\u00f3lica, como m\u00e3e, como especialista em humanidades, \u00e9 a portadora desta mensagem de modo completo e sublime. Temos esta responsabilidade social de defender a vida em todas as fases\u201d.<\/p>\n<div id=\"attachment_226199\" class=\"wp-caption alignright\" style=\"text-align: justify;\">\n<p><img loading=\"lazy\" decoding=\"async\" class=\"size-medium wp-image-226199\" src=\"https:\/\/www.cnbb.org.br\/wp-content\/uploads\/sites\/32\/2019\/09\/Dom-Ricardo-Hoepers-300x162.png\" srcset=\"https:\/\/www.cnbb.org.br\/wp-content\/uploads\/sites\/32\/2019\/09\/Dom-Ricardo-Hoepers-300x162.png 300w, https:\/\/www.cnbb.org.br\/wp-content\/uploads\/sites\/32\/2019\/09\/Dom-Ricardo-Hoepers-768x416.png 768w, https:\/\/www.cnbb.org.br\/wp-content\/uploads\/sites\/32\/2019\/09\/Dom-Ricardo-Hoepers-1024x554.png 1024w, https:\/\/www.cnbb.org.br\/wp-content\/uploads\/sites\/32\/2019\/09\/Dom-Ricardo-Hoepers.png 1212w\" alt=\"\" width=\"300\" height=\"162\" aria-describedby=\"caption-attachment-226199\" \/><\/p>\n<p id=\"caption-attachment-226199\" class=\"wp-caption-text\"><em>Dom Ricardo Hoepers | Foto: CNBB\/Daniel Flores<\/em><\/p>\n<\/div>\n<p style=\"text-align: justify;\">A f\u00e9 d\u00e1 a certeza de que tudo foi criado, amado e desejado por Deus, reflete dom Ricardo. E \u00e9 por esta f\u00e9 que \u201ctemos esse compromisso de ajudar a humanidade a reencontrar o seu caminho de felicidade, n\u00e3o baseado somente em ideias pessoais, em projetos pol\u00edticos ou em ideologias, mas, acima de tudo, baseado no compromisso na defesa do ser humano em toda a sua integridade\u201d.<\/p>\n<p style=\"text-align: justify;\">Neste Dia Internacional dos Direitos Humanos, as comunidades eclesiais s\u00e3o chamadas a testemunhar profundo respeito por todo ser humano e ser \u201ccasas de acolhida, de amor e de caridade, principalmente aos mais vulnerabilizados\u201d, como destaca dom Ricardo: \u201cComo Igreja, sejamos os primeiros a abrir as portas \u00e0queles que perderam seus direitos e possamos mostrar que a vida vale a pena e que precisamos acreditar no ser humano\u201d.<\/p>\n<p style=\"text-align: justify;\">Esta atitude de crer no ser humano est\u00e1 tamb\u00e9m relacionada ao mist\u00e9rio do Natal. Dom Ricardo explica que o primeiro que acreditou no ser humano foi o pr\u00f3prio Deus, \u201cque quis se encarnar homem, plenamente homem nosso meio, Emanuel, Deus conosco. Este \u00e9 o sentido do Natal\u201d.<\/p>\n","protected":false},"excerpt":{"rendered":"<p>Nesta ter\u00e7a-feira, dia 10 de dezembro, comemora-se o Dia Internacional dos Direitos Humanos, data em que a Assembleia Geral das Na\u00e7\u00f5es Unidas oficializou a Declara\u00e7\u00e3o Universal dos Direitos Humanos, em 1948. O Papa Francisco tuitou na manh\u00e3 de hoje, ressaltando a sacralidade e a inviolabilidade do ser humano em todas as fases do seu desenvolvimento. [&hellip;]<\/p>\n","protected":false},"author":1,"featured_media":55629,"comment_status":"open","ping_status":"closed","sticky":false,"template":"","format":"standard","meta":{"footnotes":""},"categories":[7,13],"tags":[],"class_list":["post-55628","post","type-post","status-publish","format-standard","has-post-thumbnail","hentry","category-cnbb","category-featured"],"_links":{"self":[{"href":"https:\/\/catolicanet.net\/wp-cnet\/wp-json\/wp\/v2\/posts\/55628","targetHints":{"allow":["GET"]}}],"collection":[{"href":"https:\/\/catolicanet.net\/wp-cnet\/wp-json\/wp\/v2\/posts"}],"about":[{"href":"https:\/\/catolicanet.net\/wp-cnet\/wp-json\/wp\/v2\/types\/post"}],"author":[{"embeddable":true,"href":"https:\/\/catolicanet.net\/wp-cnet\/wp-json\/wp\/v2\/users\/1"}],"replies":[{"embeddable":true,"href":"https:\/\/catolicanet.net\/wp-cnet\/wp-json\/wp\/v2\/comments?post=55628"}],"version-history":[{"count":2,"href":"https:\/\/catolicanet.net\/wp-cnet\/wp-json\/wp\/v2\/posts\/55628\/revisions"}],"predecessor-version":[{"id":55674,"href":"https:\/\/catolicanet.net\/wp-cnet\/wp-json\/wp\/v2\/posts\/55628\/revisions\/55674"}],"wp:featuredmedia":[{"embeddable":true,"href":"https:\/\/catolicanet.net\/wp-cnet\/wp-json\/wp\/v2\/media\/55629"}],"wp:attachment":[{"href":"https:\/\/catolicanet.net\/wp-cnet\/wp-json\/wp\/v2\/media?parent=55628"}],"wp:term":[{"taxonomy":"category","embeddable":true,"href":"https:\/\/catolicanet.net\/wp-cnet\/wp-json\/wp\/v2\/categories?post=55628"},{"taxonomy":"post_tag","embeddable":true,"href":"https:\/\/catolicanet.net\/wp-cnet\/wp-json\/wp\/v2\/tags?post=55628"}],"curies":[{"name":"wp","href":"https:\/\/api.w.org\/{rel}","templated":true}]}}