{"id":55600,"date":"2019-12-24T09:00:50","date_gmt":"2019-12-24T12:00:50","guid":{"rendered":"https:\/\/catolicanet.net\/wp-cnet\/?p=55600"},"modified":"2019-12-10T15:17:13","modified_gmt":"2019-12-10T18:17:13","slug":"mais-um-cachorro-que-emocionou-os-fieis-ao-se-deitar-no-presepio-durante-a-missa","status":"publish","type":"post","link":"https:\/\/catolicanet.net\/wp-cnet\/mais-um-cachorro-que-emocionou-os-fieis-ao-se-deitar-no-presepio-durante-a-missa\/","title":{"rendered":"Mais um cachorro que emocionou os fi\u00e9is ao se deitar no pres\u00e9pio durante a Missa"},"content":{"rendered":"<div class=\"io-div\" data-io-article-url=\"https:\/\/pt.aleteia.org\/2019\/12\/02\/mais-um-cachorro-que-emocionou-os-fieis-ao-se-deitar-no-presepio-durante-a-missa\/\">\n<h2 class=\"subtitle\" style=\"text-align: justify;\">A cena comoveu os fi\u00e9is inclusive porque, no m\u00eas anterior, tinha ocorrido na regi\u00e3o uma covarde e chocante matan\u00e7a de 126 c\u00e3es e 3 gatos<\/h2>\n<div class=\"base-post-content\">T\u00eam percorrido as redes sociais v\u00e1rias hist\u00f3rias de cachorros que comoveram as pessoas ao se deitarem junto \u00e0 imagem do Menino Jesus em pres\u00e9pios Brasil afora, recentemente e em anos passados.<\/p>\n<p style=\"text-align: justify;\">Na \u00faltima semana, um dos nossos textos mais compartilhados foi sobre um tocante caso ocorrido em Crici\u00fama, Santa Catarina, em 2017:<\/p>\n<p class=\"bkreadmore\" style=\"text-align: justify;\"><img loading=\"lazy\" decoding=\"async\" src=\"https:\/\/aleteiaportuguese.files.wordpress.com\/2019\/11\/cachorro-presepio.jpg?quality=100&amp;strip=all&amp;crop=0px%2C87px%2C600px%2C295px&amp;resize=150%2C75&amp;w=150&amp;h=75\" width=\"150\" height=\"75\" data-lazy-loaded=\"true\" \/> <span class=\"text-container-with-image\"> <span class=\"read-more\"><em>Leia tamb\u00e9m:<\/em><\/span> <a href=\"https:\/\/pt.aleteia.org\/2019\/11\/29\/o-caozinho-abandonado-que-comoveu-uma-cidade-ao-achar-conforto-no-presepio\/\"> <strong>O c\u00e3ozinho abandonado que comoveu uma cidade ao achar conforto no pres\u00e9pio<\/strong><\/a> <\/span><\/p>\n<p style=\"text-align: justify;\">Agora h\u00e1 outro caso voltando a fazer sucesso entre os internautas, diretamente de 2014: naquele ano, um cachorro emocionou os fi\u00e9is que assistiam \u00e0 Missa na igreja matriz de Bom Jesus, em Caxias do Sul, RS.<\/p>\n<p style=\"text-align: justify;\">O pe. Luiz Primachik, p\u00e1roco da matriz, contou que tinha acabado de montar o pres\u00e9pio dentro da igreja quando o c\u00e3ozinho entrou no local e foi logo sendo mandado para fora por uma pessoa ali presente. Mas o cachorrinho n\u00e3o se deu por vencido: al\u00e9m de retornar, ainda foi logo se deitar aos p\u00e9s da imagem do <strong>Menino Jesus<\/strong>.<\/p>\n<p style=\"text-align: justify;\">Segundo o p\u00e1roco, o bichinho parecia \u201cmeio deprimido\u201d no come\u00e7o, mas, depois de acompanhar a Missa toda, se levantou e foi-se embora aparentando estar mais \u201ccontente\u201d.<\/p>\n<div class=\"nativo-inread\"><\/div>\n<blockquote><p><em>\u201cO primeiro pres\u00e9pio foi criado por S\u00e3o Francisco de Assis, protetor dos animais, na cidade de Greccio, na It\u00e1lia. Fiquei feliz! Deus se manifesta nas pequenas coisas do nosso cotidiano\u201d.<\/em><\/p><\/blockquote>\n<p style=\"text-align: justify;\">O c\u00e3ozinho n\u00e3o foi mais visto, mas a cena comoveu os fi\u00e9is inclusive porque, entre os dias 19 e 20 de novembro, tinha ocorrido na regi\u00e3o <a href=\"http:\/\/pioneiro.clicrbs.com.br\/rs\/noticia\/2014\/11\/caes-e-gatos-sao-dizimados-na-serra-e-policia-tenta-descobrir-responsaveis-4650674.html\" target=\"_blank\" rel=\"noopener noreferrer\">uma covarde e chocante matan\u00e7a de nada menos que 126 c\u00e3es e 3 gatos<\/a>.<\/p>\n<\/div>\n<\/div>\n","protected":false},"excerpt":{"rendered":"<p>A cena comoveu os fi\u00e9is inclusive porque, no m\u00eas anterior, tinha ocorrido na regi\u00e3o uma covarde e chocante matan\u00e7a de 126 c\u00e3es e 3 gatos T\u00eam percorrido as redes sociais v\u00e1rias hist\u00f3rias de cachorros que comoveram as pessoas ao se deitarem junto \u00e0 imagem do Menino Jesus em pres\u00e9pios Brasil afora, recentemente e em anos [&hellip;]<\/p>\n","protected":false},"author":1,"featured_media":55601,"comment_status":"open","ping_status":"closed","sticky":false,"template":"","format":"standard","meta":{"footnotes":""},"categories":[4,13],"tags":[],"class_list":["post-55600","post","type-post","status-publish","format-standard","has-post-thumbnail","hentry","category-cotidiano","category-featured"],"_links":{"self":[{"href":"https:\/\/catolicanet.net\/wp-cnet\/wp-json\/wp\/v2\/posts\/55600","targetHints":{"allow":["GET"]}}],"collection":[{"href":"https:\/\/catolicanet.net\/wp-cnet\/wp-json\/wp\/v2\/posts"}],"about":[{"href":"https:\/\/catolicanet.net\/wp-cnet\/wp-json\/wp\/v2\/types\/post"}],"author":[{"embeddable":true,"href":"https:\/\/catolicanet.net\/wp-cnet\/wp-json\/wp\/v2\/users\/1"}],"replies":[{"embeddable":true,"href":"https:\/\/catolicanet.net\/wp-cnet\/wp-json\/wp\/v2\/comments?post=55600"}],"version-history":[{"count":1,"href":"https:\/\/catolicanet.net\/wp-cnet\/wp-json\/wp\/v2\/posts\/55600\/revisions"}],"predecessor-version":[{"id":55602,"href":"https:\/\/catolicanet.net\/wp-cnet\/wp-json\/wp\/v2\/posts\/55600\/revisions\/55602"}],"wp:featuredmedia":[{"embeddable":true,"href":"https:\/\/catolicanet.net\/wp-cnet\/wp-json\/wp\/v2\/media\/55601"}],"wp:attachment":[{"href":"https:\/\/catolicanet.net\/wp-cnet\/wp-json\/wp\/v2\/media?parent=55600"}],"wp:term":[{"taxonomy":"category","embeddable":true,"href":"https:\/\/catolicanet.net\/wp-cnet\/wp-json\/wp\/v2\/categories?post=55600"},{"taxonomy":"post_tag","embeddable":true,"href":"https:\/\/catolicanet.net\/wp-cnet\/wp-json\/wp\/v2\/tags?post=55600"}],"curies":[{"name":"wp","href":"https:\/\/api.w.org\/{rel}","templated":true}]}}