{"id":5555,"date":"2015-02-18T13:02:31","date_gmt":"2015-02-18T15:02:31","guid":{"rendered":"http:\/\/catolicanet.net\/wp-cnet\/cristaos-coptas-o-papa-apelou-a-oracao-pelos-irmaos-egipcios\/"},"modified":"2017-04-07T15:36:46","modified_gmt":"2017-04-07T18:36:46","slug":"cristaos-coptas-o-papa-apelou-a-oracao-pelos-irmaos-egipcios","status":"publish","type":"post","link":"https:\/\/catolicanet.net\/wp-cnet\/cristaos-coptas-o-papa-apelou-a-oracao-pelos-irmaos-egipcios\/","title":{"rendered":"Crist\u00e3os coptas: o Papa apelou \u00e0 ora\u00e7\u00e3o pelos irm\u00e3os eg\u00edpcios"},"content":{"rendered":"<p style=\"text-align: justify;\"><img decoding=\"async\" src=\"http:\/\/catolicanet.com.br\/images\/stories\/geral\/papaoracaoegipcios.jpg\" border=\"0\" align=\"left\" \/>Nesta Quarta-feira de Cinzas, 18 de fevereiro, no final da Audi\u00eancia Geral o Papa Francisco lan\u00e7ou mais um apelo \u00e0 ora\u00e7\u00e3o pelos irm\u00e3os eg\u00edpcios mortos nos \u00faltimos dias na L\u00edbia:<\/p>\n<p>\u201cGostaria de convidar ainda a rezar pelos nossos irm\u00e3os eg\u00edpcios que, h\u00e1 tr\u00eas dias atr\u00e1s, foram mortos na L\u00edbia pelo simples facto de serem crist\u00e3os. O Senhor os acolha na sua casa e d\u00ea conforto \u00e0s suas fam\u00edlias e \u00e0s suas comunidades. Rezemos pela paz no M\u00e9dio Oriente e no Norte de \u00c1frica, recordando todos os defuntos, os feridos e os refugiados. Possa a Comunidade Internacional encontrar solu\u00e7\u00f5es pac\u00edficas \u00e0 dif\u00edcil situa\u00e7\u00e3o na L\u00edbia.\u201d<\/p>\n<p style=\"text-align: justify;\">\u00a0<\/p>\n<p style=\"text-align: justify;\"><strong>Fonte:<\/strong> R\u00e1dio Vaticano<\/p>\n","protected":false},"excerpt":{"rendered":"<p>Nesta Quarta-feira de Cinzas, 18 de fevereiro, no final da Audi\u00eancia Geral o Papa Francisco lan\u00e7ou mais um apelo \u00e0 ora\u00e7\u00e3o pelos irm\u00e3os eg\u00edpcios mortos nos \u00faltimos dias na L\u00edbia: \u201cGostaria de convidar ainda a rezar pelos nossos irm\u00e3os eg\u00edpcios que, h\u00e1 tr\u00eas dias atr\u00e1s, foram mortos na L\u00edbia pelo simples facto de serem crist\u00e3os. [&hellip;]<\/p>\n","protected":false},"author":1,"featured_media":0,"comment_status":"closed","ping_status":"closed","sticky":false,"template":"","format":"standard","meta":{"footnotes":""},"categories":[3],"tags":[],"class_list":["post-5555","post","type-post","status-publish","format-standard","hentry","category-vaticano"],"_links":{"self":[{"href":"https:\/\/catolicanet.net\/wp-cnet\/wp-json\/wp\/v2\/posts\/5555","targetHints":{"allow":["GET"]}}],"collection":[{"href":"https:\/\/catolicanet.net\/wp-cnet\/wp-json\/wp\/v2\/posts"}],"about":[{"href":"https:\/\/catolicanet.net\/wp-cnet\/wp-json\/wp\/v2\/types\/post"}],"author":[{"embeddable":true,"href":"https:\/\/catolicanet.net\/wp-cnet\/wp-json\/wp\/v2\/users\/1"}],"replies":[{"embeddable":true,"href":"https:\/\/catolicanet.net\/wp-cnet\/wp-json\/wp\/v2\/comments?post=5555"}],"version-history":[{"count":1,"href":"https:\/\/catolicanet.net\/wp-cnet\/wp-json\/wp\/v2\/posts\/5555\/revisions"}],"predecessor-version":[{"id":10599,"href":"https:\/\/catolicanet.net\/wp-cnet\/wp-json\/wp\/v2\/posts\/5555\/revisions\/10599"}],"wp:attachment":[{"href":"https:\/\/catolicanet.net\/wp-cnet\/wp-json\/wp\/v2\/media?parent=5555"}],"wp:term":[{"taxonomy":"category","embeddable":true,"href":"https:\/\/catolicanet.net\/wp-cnet\/wp-json\/wp\/v2\/categories?post=5555"},{"taxonomy":"post_tag","embeddable":true,"href":"https:\/\/catolicanet.net\/wp-cnet\/wp-json\/wp\/v2\/tags?post=5555"}],"curies":[{"name":"wp","href":"https:\/\/api.w.org\/{rel}","templated":true}]}}