{"id":55542,"date":"2019-12-09T10:49:33","date_gmt":"2019-12-09T13:49:33","guid":{"rendered":"https:\/\/catolicanet.net\/wp-cnet\/?p=55542"},"modified":"2019-12-09T15:51:07","modified_gmt":"2019-12-09T18:51:07","slug":"por-que-a-canonizacao-de-sao-juan-diego-vidente-da-virgem-de-guadalupe-foi-importante","status":"publish","type":"post","link":"https:\/\/catolicanet.net\/wp-cnet\/por-que-a-canonizacao-de-sao-juan-diego-vidente-da-virgem-de-guadalupe-foi-importante\/","title":{"rendered":"Por que a canoniza\u00e7\u00e3o de S\u00e3o Juan Diego, vidente da Virgem de Guadalupe, foi importante?"},"content":{"rendered":"<p style=\"text-align: justify;\">Neste dia 9 de dezembro, a Igreja celebra a festa de S\u00e3o Juan Diego Cuauhtlatoatzin \u2013 \u201ca \u00e1guia que fala\u201d \u2013, o \u00edndio vidente da Virgem de Guadalupe; mas nem todos conhecem a import\u00e2ncia da canoniza\u00e7\u00e3o do primeiro santo ind\u00edgena da Am\u00e9rica Latina.<\/p>\n<p style=\"text-align: justify;\">S\u00e3o Jo\u00e3o Paulo II canonizou Juan Diego em 31 de julho de 2002, na Bas\u00edlica de Guadalupe, na Cidade do M\u00e9xico, e destacou naquela ocasi\u00e3o que, \u201cao acolher a mensagem crist\u00e3, sem renunciar \u00e0 sua identidade ind\u00edgena, Juan Diego descobriu a profunda verdade da nova humanidade, em que todos s\u00e3o chamados a ser filhos de Deus em Cristo\u201d.<\/p>\n<p style=\"text-align: justify;\">Em di\u00e1logo com a ACI Prensa \u2013 ag\u00eancia em espanhol do Grupo ACI \u2013, em 2018, Pe. Eduardo Ch\u00e1vez, um dos maiores especialistas na apari\u00e7\u00e3o de Nossa Senhora de Guadalupe e postulador da causa de canoniza\u00e7\u00e3o de S\u00e3o Juan Diego, destacou que com este ato foi confirmado \u201co milagre de Guadalupe em sua grande extens\u00e3o e transcend\u00eancia. \u00c9 um fato hist\u00f3rico que transcende o tempo e o espa\u00e7o\u201d.<\/p>\n<p style=\"text-align: justify;\">O sacerdote mexicano, tamb\u00e9m diretor do Instituto Superior de Estudos de Guadalupe, destacou que, embora no M\u00e9xico, desde o s\u00e9culo XVI, a santidade de Juan Diego tenha sido assumida como um fato, porque &#8220;foi o intercessor da Virgem e foi seu mensageiro&#8221;, o processo da canoniza\u00e7\u00e3o &#8220;ajudou muito a encontrar, recopilar e ver a converg\u00eancia de tantas fontes e documentos hist\u00f3ricos&#8221;.<\/p>\n<p style=\"text-align: justify;\">&#8220;Alguns j\u00e1 eram conhecidos, outros foram encontrados&#8221;, assinalou.<\/p>\n<p style=\"text-align: justify;\">Pe. Ch\u00e1vez lembrou que, na primeira parte da causa da canoniza\u00e7\u00e3o, \u201cdeve-se analisar a fama de santidade imemorial, coisa que Juan Diego tinha e, obviamente, observa-se nestes documentos onde \u00e9 chamado de \u2018homem sant\u00edssimo\u2019, onde foi desenhado com aur\u00e9ola no s\u00e9culo XVI\u201d.<\/p>\n<p style=\"text-align: justify;\">Na segunda parte do processo, assinalou, \u00e9 necess\u00e1rio &#8220;comprovar um milagre&#8221;.<\/p>\n<p style=\"text-align: justify;\">Esse milagre, disse, foi o de &#8220;um jovem que quis se suicidar e pulou de uma altura de 10 metros, quebrando a cabe\u00e7a no ch\u00e3o&#8221;.<\/p>\n<p style=\"text-align: justify;\">&#8220;Em quatro dias, esse jovem se curou perfeitamente, porque a m\u00e3e pediu a Juan Diego&#8221;, assinalou.<\/p>\n<p style=\"text-align: justify;\">Finalmente, disse, o Papa &#8220;determina canoniz\u00e1-lo, depois de toda essa pesquisa e an\u00e1lise, e de toda a parte teol\u00f3gica, vida e virtudes de Juan Diego, e a comprova\u00e7\u00e3o de um milagre&#8221;.<\/p>\n<p style=\"text-align: justify;\">Para Pe. Ch\u00e1vez, aqui est\u00e1 o mais importante da canoniza\u00e7\u00e3o, pois quando o Santo Padre \u201ccanoniza algu\u00e9m, neste caso Juan Diego, vai impl\u00edcito o dogma da infalibilidade do Papa\u201d.<\/p>\n<p style=\"text-align: justify;\">Com a canoniza\u00e7\u00e3o, \u201co Papa diz ao mundo inteiro que esta pessoa est\u00e1 no c\u00e9u, que \u00e9 uma ponte de unidade entre Deus e os seres humanos, \u00e9 um intercessor. E \u00e9 um modelo de santidade\u201d.<\/p>\n<p style=\"text-align: justify;\">O vidente de Guadalupe &#8220;representa cada um de n\u00f3s&#8221; e com sua canoniza\u00e7\u00e3o &#8220;confirma-se que o encontro de Deus atrav\u00e9s de Nossa Senhora de Guadalupe diante do \u00edndio Juan Diego (&#8230;) \u00e9 totalmente certo&#8221;, afirmou.<\/p>\n","protected":false},"excerpt":{"rendered":"<p>Neste dia 9 de dezembro, a Igreja celebra a festa de S\u00e3o Juan Diego Cuauhtlatoatzin \u2013 \u201ca \u00e1guia que fala\u201d \u2013, o \u00edndio vidente da Virgem de Guadalupe; mas nem todos conhecem a import\u00e2ncia da canoniza\u00e7\u00e3o do primeiro santo ind\u00edgena da Am\u00e9rica Latina. S\u00e3o Jo\u00e3o Paulo II canonizou Juan Diego em 31 de julho de [&hellip;]<\/p>\n","protected":false},"author":1,"featured_media":55543,"comment_status":"open","ping_status":"closed","sticky":false,"template":"","format":"standard","meta":{"footnotes":""},"categories":[4],"tags":[],"class_list":["post-55542","post","type-post","status-publish","format-standard","has-post-thumbnail","hentry","category-cotidiano"],"_links":{"self":[{"href":"https:\/\/catolicanet.net\/wp-cnet\/wp-json\/wp\/v2\/posts\/55542","targetHints":{"allow":["GET"]}}],"collection":[{"href":"https:\/\/catolicanet.net\/wp-cnet\/wp-json\/wp\/v2\/posts"}],"about":[{"href":"https:\/\/catolicanet.net\/wp-cnet\/wp-json\/wp\/v2\/types\/post"}],"author":[{"embeddable":true,"href":"https:\/\/catolicanet.net\/wp-cnet\/wp-json\/wp\/v2\/users\/1"}],"replies":[{"embeddable":true,"href":"https:\/\/catolicanet.net\/wp-cnet\/wp-json\/wp\/v2\/comments?post=55542"}],"version-history":[{"count":1,"href":"https:\/\/catolicanet.net\/wp-cnet\/wp-json\/wp\/v2\/posts\/55542\/revisions"}],"predecessor-version":[{"id":55544,"href":"https:\/\/catolicanet.net\/wp-cnet\/wp-json\/wp\/v2\/posts\/55542\/revisions\/55544"}],"wp:featuredmedia":[{"embeddable":true,"href":"https:\/\/catolicanet.net\/wp-cnet\/wp-json\/wp\/v2\/media\/55543"}],"wp:attachment":[{"href":"https:\/\/catolicanet.net\/wp-cnet\/wp-json\/wp\/v2\/media?parent=55542"}],"wp:term":[{"taxonomy":"category","embeddable":true,"href":"https:\/\/catolicanet.net\/wp-cnet\/wp-json\/wp\/v2\/categories?post=55542"},{"taxonomy":"post_tag","embeddable":true,"href":"https:\/\/catolicanet.net\/wp-cnet\/wp-json\/wp\/v2\/tags?post=55542"}],"curies":[{"name":"wp","href":"https:\/\/api.w.org\/{rel}","templated":true}]}}