{"id":5554,"date":"2015-02-18T12:30:43","date_gmt":"2015-02-18T14:30:43","guid":{"rendered":"http:\/\/catolicanet.net\/wp-cnet\/cinzas-e-conversao\/"},"modified":"2017-04-07T15:37:06","modified_gmt":"2017-04-07T18:37:06","slug":"cinzas-e-conversao","status":"publish","type":"post","link":"https:\/\/catolicanet.net\/wp-cnet\/cinzas-e-conversao\/","title":{"rendered":"Cinzas e convers\u00e3o"},"content":{"rendered":"<p style=\"text-align: justify;\">Com a Quarta-feira de Cinzas, iniciamos um tempo de convers\u00e3o quaresmal rumo \u00e0 P\u00e1scoa, quando deveremos renovar as promessas batismais iniciando um novo tempo em nossa vida. Ao recebermos as cinzas, significa que estamos dispostos a aproveitar para dar passos na vida de convers\u00e3o. \u201cConvertei-vos e crede no Evangelho\u201d \u00e9 o texto mais utilizado neste dia. Por\u00e9m, um outro mais antigo ainda, \u00e9 uma possibilidade, embora sejam palavras duras, mas, sem d\u00favida, reais! \u201cLembra-te, homem, que \u00e9s p\u00f3, e em p\u00f3 retornar\u00e1s\u201d (Gen 3, 19b). Essa frase \u00e9 uma das passagens b\u00edblicas que s\u00e3o lembradas neste dia das Cinzas. <br \/>Cinzas enquanto a Ressurrei\u00e7\u00e3o n\u00e3o nos restaurar em Jesus Cristo, o novo Ad\u00e3o. Da\u00ed n\u00e3o ser motivo de desesperan\u00e7a frente a tantos sofrimentos e viol\u00eancias. Tenhamos cabe\u00e7a e cora\u00e7\u00e3o regenerados pela penit\u00eancia para sermos testemunhas vivas da paz transbordante da cruz que n\u00e3o \u00e9 mais morte, mas vida plena.<br \/>Tudo nos adverte da vaidade com que presumimos ser sem ter Deus no cora\u00e7\u00e3o. O nosso corpo volta ao p\u00f3 recordando a nossa cria\u00e7\u00e3o, por\u00e9m, com a presen\u00e7a de Deus e unidos a Ele temos a plenitude de vida, no \u201cj\u00e1\u201d e no \u201cainda n\u00e3o\u201d. N\u00e3o temos o direito de afogarmo-nos no desespero, pois temos o dever de, juntos, buscar novos canais e esperar, ativamente como crist\u00e3os aut\u00eanticos promotores de vida, de esperan\u00e7a e de paz. <br \/>Tempo de esperan\u00e7a e paz! S\u00e3o os temas do ano em que vivemos! Eis um qualificativo necess\u00e1rio em nosso mundo hoje, homens e mulheres de esperan\u00e7a, eis a minha, a sua e a nossa miss\u00e3o. Procuremos semear e ser testemunhas da esperan\u00e7a e mant\u00ea-la viva no cora\u00e7\u00e3o de nossas cidades. Tempo de verdade profunda, que converte, restitui esperan\u00e7a e, levando a repor tudo no seu lugar, traz serenidade e faz nascer otimismo. Eis o tempo privilegiado da Quaresma, que somos chamados a viver! Somos destinados a ter parte, no Cristo, \u00e0 vida de Deus: filhos no Filho. <br \/>Com alegria de Pastor, renovamos sempre este momento de ora\u00e7\u00e3o e de exerc\u00edcios espirituais, celebra\u00e7\u00e3o penitencial, jejum, abstin\u00eancia, lectio divina mais intensa, e esmola \u00e0 luz da Palavra de Deus ao retornar a Cristo Nosso Senhor, reconciliando-nos com o Pai. Aproveitaremos tamb\u00e9m para, numa reflex\u00e3o espiritual e pastoral entre amigos e irm\u00e3os, refletir sobre as quest\u00f5es sociais trazidas pela Campanha da Fraternidade: Igreja e Sociedade, questionando-nos se realmente vivemos para servir o pr\u00f3ximo. Sem a f\u00e9 e a esperan\u00e7a a nossa caridade seria apenas \u201cum c\u00edmbalo que retine\u201d, ou seja, sem a ora\u00e7\u00e3o e reflex\u00e3o, por meio da qual procuramos manter-nos unidos a Deus. <br \/>Eis o momento prop\u00edcio de encarnarmos em nossa vida a figura emblem\u00e1tica do Bom Samaritano, que para no caminho, reconhece o irm\u00e3o e coloca o seu tempo e bens ao servi\u00e7o, numa partilha di\u00e1ria. O Bom Samaritano \u00e9 a Igreja, \u00e9 cada um de n\u00f3s; por voca\u00e7\u00e3o e por dever. O Papa Francisco n\u00e3o se cansa de anunciar que a Igreja deve ser \u201csamaritana\u201d. Para isso, necessitamos da convers\u00e3o que nos leve a servir os irm\u00e3os. O Bom Samaritano vive a caridade. <br \/>O Ap\u00f3stolo Paulo nos diz no texto da Quarta-feira de Cinzas que \u201csomos embaixadores ao servi\u00e7o de Cristo\u201d (2 Cor 5,20). Eis a\u00ed a nossa responsabilidade! Somos enviados ao encontro dos outros, ao encontro dos nossos irm\u00e3os. Correspondamos generosamente a esta confian\u00e7a que Cristo depositou em cada um de n\u00f3s. <br \/>Devemos ir ao encontro do outro como Cristo que vem at\u00e9 n\u00f3s, e Ele vem \u00e0s vezes desfigurado pelo pecado, mas confia em nosso acolhimento e abra\u00e7o sem interesse. \u201cO verdadeiro disc\u00edpulo de Cristo se distingue tanto pelo amor de Deus como pelo amor do pr\u00f3ximo\u2026 todos os fi\u00e9is crist\u00e3os s\u00e3o, pois, convidados e obrigados a procurar a santidade e a perfei\u00e7\u00e3o do pr\u00f3prio Estado\u201d. Porque \u201cos que usam deste mundo n\u00e3o se fixem nele, pois passa a apar\u00eancia deste mundo\u201d. \u00c1rduo \u00e9 o esfor\u00e7o para alcan\u00e7ar vit\u00f3ria sobre as paix\u00f5es desordenadas. Entre essas paix\u00f5es est\u00e3o o \u00f3dio e a vingan\u00e7a, que jamais poder\u00e3o medrar um disc\u00edpulo de Jesus Cristo.<br \/>Reflitamos como temos caminhado em nossa vida crist\u00e3 de servi\u00e7o desinteressado aos irm\u00e3os e irm\u00e3s, sobre como temos nos comportado a respeito. E se a consci\u00eancia nos acusar alguma injusti\u00e7a, escutemos com o cora\u00e7\u00e3o aberto: \u201cconvertei-vos e crede no Evangelho\u201d, renovando o cora\u00e7\u00e3o e nosso comportamento. \u201cReconciliai-vos com Deus, eis o tempo favor\u00e1vel\u201d!<br \/>O crist\u00e3o, de fato, chamado pela Igreja \u00e0 ora\u00e7\u00e3o, \u00e0 penit\u00eancia e ao jejum, ao despojamento de si mesmo, interior e exterior ao p\u00f4r-se diante de Deus, reconhece-se e redescobre-se a si mesmo. As cinzas que recebemos na quarta feira nos levam a pensar na seriedade da nossa convers\u00e3o e \u00e9 um primeiro sinal externo dela. Vivamos estes quarenta dias de penit\u00eancia e de convers\u00e3o como sinal de esperan\u00e7a na vida futura, a vida das bem-aventuran\u00e7as do c\u00e9u. <br \/>A gra\u00e7a de Jesus, nosso Senhor, nos d\u00ea a coragem de seguir o caminho que leva a Deus, nos afaste de todo pecado e nos conduza \u00e0 vida eterna.<\/p>\n","protected":false},"excerpt":{"rendered":"<p>Com a Quarta-feira de Cinzas, iniciamos um tempo de convers\u00e3o quaresmal rumo \u00e0 P\u00e1scoa, quando deveremos renovar as promessas batismais iniciando um novo tempo em nossa vida. Ao recebermos as cinzas, significa que estamos dispostos a aproveitar para dar passos na vida de convers\u00e3o. \u201cConvertei-vos e crede no Evangelho\u201d \u00e9 o texto mais utilizado neste [&hellip;]<\/p>\n","protected":false},"author":5,"featured_media":0,"comment_status":"closed","ping_status":"closed","sticky":false,"template":"","format":"standard","meta":{"footnotes":""},"categories":[9],"tags":[],"class_list":["post-5554","post","type-post","status-publish","format-standard","hentry","category-artigos"],"_links":{"self":[{"href":"https:\/\/catolicanet.net\/wp-cnet\/wp-json\/wp\/v2\/posts\/5554","targetHints":{"allow":["GET"]}}],"collection":[{"href":"https:\/\/catolicanet.net\/wp-cnet\/wp-json\/wp\/v2\/posts"}],"about":[{"href":"https:\/\/catolicanet.net\/wp-cnet\/wp-json\/wp\/v2\/types\/post"}],"author":[{"embeddable":true,"href":"https:\/\/catolicanet.net\/wp-cnet\/wp-json\/wp\/v2\/users\/5"}],"replies":[{"embeddable":true,"href":"https:\/\/catolicanet.net\/wp-cnet\/wp-json\/wp\/v2\/comments?post=5554"}],"version-history":[{"count":1,"href":"https:\/\/catolicanet.net\/wp-cnet\/wp-json\/wp\/v2\/posts\/5554\/revisions"}],"predecessor-version":[{"id":10600,"href":"https:\/\/catolicanet.net\/wp-cnet\/wp-json\/wp\/v2\/posts\/5554\/revisions\/10600"}],"wp:attachment":[{"href":"https:\/\/catolicanet.net\/wp-cnet\/wp-json\/wp\/v2\/media?parent=5554"}],"wp:term":[{"taxonomy":"category","embeddable":true,"href":"https:\/\/catolicanet.net\/wp-cnet\/wp-json\/wp\/v2\/categories?post=5554"},{"taxonomy":"post_tag","embeddable":true,"href":"https:\/\/catolicanet.net\/wp-cnet\/wp-json\/wp\/v2\/tags?post=5554"}],"curies":[{"name":"wp","href":"https:\/\/api.w.org\/{rel}","templated":true}]}}