{"id":55531,"date":"2019-12-09T15:43:10","date_gmt":"2019-12-09T18:43:10","guid":{"rendered":"https:\/\/catolicanet.net\/wp-cnet\/?p=55531"},"modified":"2019-12-09T15:43:10","modified_gmt":"2019-12-09T18:43:10","slug":"papa-aos-seminaristas-caridade-pastoral-e-fraternidade","status":"publish","type":"post","link":"https:\/\/catolicanet.net\/wp-cnet\/papa-aos-seminaristas-caridade-pastoral-e-fraternidade\/","title":{"rendered":"Papa aos seminaristas: caridade pastoral e fraternidade"},"content":{"rendered":"<div class=\"article__subTitle\" style=\"text-align: justify;\">O Papa indica aos seminaristas tr\u00eas aspectos que identificam o Semin\u00e1rio na prepara\u00e7\u00e3o ao sacerd\u00f3cio: \u201ccasa de ora\u00e7\u00e3o, casa de estudo e casa de comunh\u00e3o\u201d. Foi o tema do encontro de Francisco com os seminaristas do Pontif\u00edcio Semin\u00e1rio Regional Flam\u00ednio de Bolonha, recebidos nesta segunda-feira (09) no Vaticano<\/div>\n<div class=\"title__separator\" style=\"text-align: justify;\"><\/div>\n<div class=\"article__text\">\n<p style=\"text-align: justify;\"><b>Jane Nogara &#8211; Cidade do Vaticano<\/b><\/p>\n<p style=\"text-align: justify;\">Na manh\u00e3 desta segunda-feira (9), o Papa Francisco recebeu os seminaristas do Pontif\u00edcio Semin\u00e1rio Regional Flam\u00ednio \u201cBento XV\u201d da cidade de Bolonha, durante o qual o Papa refletiu sobre a beleza do chamado ao sacerd\u00f3cio ministerial.<\/p>\n<h2 style=\"text-align: justify;\"><b>O semin\u00e1rio na prepara\u00e7\u00e3o ao sacerd\u00f3cio<\/b><\/h2>\n<p style=\"text-align: justify;\">E para responder ao chamado, Francisco recordou que a Igreja M\u00e3e pede que seja feito um \u201cpercurso formativo\u201d que somente o ambiente do Semin\u00e1rio pode oferecer. Nesta perspectiva o Papa indica aos jovens tr\u00eas aspectos que \u201cidentificam este lugar e o tempo de forma\u00e7\u00e3o e de prepara\u00e7\u00e3o ao sacerd\u00f3cio: casa da ora\u00e7\u00e3o, casa de estudo e casa de comunh\u00e3o\u201d.<\/p>\n<h2 style=\"text-align: justify;\"><b>Casa de ora\u00e7\u00e3o<\/b><\/h2>\n<p style=\"text-align: justify;\">Sobre o semin\u00e1rio como casa de ora\u00e7\u00e3o:<\/p>\n<div style=\"text-align: justify;\">\n<div class=\"article__embed article__embed--border embed_style\">\n<blockquote><p>\u201cO Semin\u00e1rio \u00e9 antes de tudo a casa da ora\u00e7\u00e3o, onde o Senhor ainda convoca os \u2018seus\u2019 em lugar \u2018apartado\u2019 para viver uma experi\u00eancia forte de encontro e de escuta\u201d<\/p><\/blockquote>\n<\/div>\n<\/div>\n<p style=\"text-align: justify;\">Francisco observou ainda que as pessoas precisam encontrar no sacerdote \u201ca f\u00e9 robusta que \u00e9 como uma chama na noite e como uma rocha onde de agarrar. E esta f\u00e9 se cultiva principalmente na rela\u00e7\u00e3o pessoal, cora\u00e7\u00e3o a cora\u00e7\u00e3o, com a pessoa de Jesus\u201d.<\/p>\n<h2 style=\"text-align: justify;\"><b>Casa de estudo<\/b><\/h2>\n<p style=\"text-align: justify;\">O segundo aspecto que identifica o Semin\u00e1rio \u00e9 o do <i>estudo<\/i>. O estudo explica o Papa \u201c\u00e9 um instrumento privilegiado de um conhecimento sapiencial e cient\u00edfico, que pode garantir fundamentos s\u00f3lidos a toda a estrutura da forma\u00e7\u00e3o dos futuros presb\u00edteros\u201d. Francisco recorda:<\/p>\n<div style=\"text-align: justify;\">\n<div class=\"article__embed article__embed--border embed_style\">\n<blockquote><p>\u201cNo semin\u00e1rio estuda-se em conjunto para uma miss\u00e3o comum, e isso d\u00e1 um \u2018sabor\u2019 todo especial ao aprendizado da Sagrada Escritura, da teologia, da hist\u00f3ria, do direito e de cada disciplina\u201d<\/p><\/blockquote>\n<\/div>\n<\/div>\n<h2 style=\"text-align: justify;\"><b>Casa de comunh\u00e3o<\/b><\/h2>\n<p style=\"text-align: justify;\">Por fim o Papa fala sobre a terceira dimens\u00e3o: o Semin\u00e1rio como <i>casa de comunh\u00e3o<\/i>.<\/p>\n<p style=\"text-align: justify;\">\u201cTamb\u00e9m este aspecto \u00e9 \u2018transversal\u2019 como os outros dois. Parte de uma base humana de abertura aos outros, de capacidade de escuta e de di\u00e1logo, e \u00e9 chamado a assumir a forma da comunh\u00e3o presbiterial em torno do Bispo e sob sua guia\u201d.<\/p>\n<div style=\"text-align: justify;\">\n<div class=\"article__embed article__embed--border embed_style\">\n<blockquote><p>\u201cA caridade pastoral do padre n\u00e3o pode ser acredit\u00e1vel se n\u00e3o for precedida e acompanhada pela fraternidade, primeiro entre os seminaristas e depois entre os presb\u00edteros\u201d<\/p><\/blockquote>\n<\/div>\n<\/div>\n<h2 style=\"text-align: justify;\"><b>Quatro aproxima\u00e7\u00f5es<\/b><\/h2>\n<p style=\"text-align: justify;\">Neste ponto, Papa disse aos seminaristas que gostaria muito que fossem sempre consideradas as &#8220;quatro aproxima\u00e7\u00f5es&#8221; fundamentais para estar pr\u00f3ximos dos sacerdotes diocesanos: &#8220;pr\u00f3ximos a Deus na ora\u00e7\u00e3o, que inicia no semin\u00e1rio; pr\u00f3ximos ao bispo, sem o bispo o padre pode ser um l\u00edder, mas n\u00e3os ser\u00e1 um padre; terceira aproxima\u00e7\u00e3o: pr\u00f3ximos dos presb\u00edteros, entre voc\u00eas&#8221;. O Papa recordou que este ponto o faz sofrer quando v\u00ea presb\u00edteros que falam mal um do outro. E a quarta aproxima\u00e7\u00e3o: com o Povo de Deus, por favor, n\u00e3o esque\u00e7am de onde voc\u00eas vieram&#8221;, reiterou o Papa.<\/p>\n<p style=\"text-align: justify;\">Concluindo o encontro Francisco recorda aos seminaristas que \u201co Semin\u00e1rio se qualifica como caminho que educa os candidatos a avaliar todas suas a\u00e7\u00f5es com refer\u00eancia a Cristo e a considerar a perten\u00e7a ao \u00fanico presbit\u00e9rio como dimens\u00e3o pr\u00e9via do agir pastoral e testemunho de comunh\u00e3o, indispens\u00e1veis para servir de modo eficiente o mist\u00e9rio da Igreja e a sua miss\u00e3o no mundo\u201d.<\/p>\n<\/div>\n","protected":false},"excerpt":{"rendered":"<p>O Papa indica aos seminaristas tr\u00eas aspectos que identificam o Semin\u00e1rio na prepara\u00e7\u00e3o ao sacerd\u00f3cio: \u201ccasa de ora\u00e7\u00e3o, casa de estudo e casa de comunh\u00e3o\u201d. Foi o tema do encontro de Francisco com os seminaristas do Pontif\u00edcio Semin\u00e1rio Regional Flam\u00ednio de Bolonha, recebidos nesta segunda-feira (09) no Vaticano Jane Nogara &#8211; Cidade do Vaticano Na [&hellip;]<\/p>\n","protected":false},"author":1,"featured_media":55533,"comment_status":"open","ping_status":"closed","sticky":false,"template":"","format":"standard","meta":{"footnotes":""},"categories":[3],"tags":[],"class_list":["post-55531","post","type-post","status-publish","format-standard","has-post-thumbnail","hentry","category-vaticano"],"_links":{"self":[{"href":"https:\/\/catolicanet.net\/wp-cnet\/wp-json\/wp\/v2\/posts\/55531","targetHints":{"allow":["GET"]}}],"collection":[{"href":"https:\/\/catolicanet.net\/wp-cnet\/wp-json\/wp\/v2\/posts"}],"about":[{"href":"https:\/\/catolicanet.net\/wp-cnet\/wp-json\/wp\/v2\/types\/post"}],"author":[{"embeddable":true,"href":"https:\/\/catolicanet.net\/wp-cnet\/wp-json\/wp\/v2\/users\/1"}],"replies":[{"embeddable":true,"href":"https:\/\/catolicanet.net\/wp-cnet\/wp-json\/wp\/v2\/comments?post=55531"}],"version-history":[{"count":1,"href":"https:\/\/catolicanet.net\/wp-cnet\/wp-json\/wp\/v2\/posts\/55531\/revisions"}],"predecessor-version":[{"id":55534,"href":"https:\/\/catolicanet.net\/wp-cnet\/wp-json\/wp\/v2\/posts\/55531\/revisions\/55534"}],"wp:featuredmedia":[{"embeddable":true,"href":"https:\/\/catolicanet.net\/wp-cnet\/wp-json\/wp\/v2\/media\/55533"}],"wp:attachment":[{"href":"https:\/\/catolicanet.net\/wp-cnet\/wp-json\/wp\/v2\/media?parent=55531"}],"wp:term":[{"taxonomy":"category","embeddable":true,"href":"https:\/\/catolicanet.net\/wp-cnet\/wp-json\/wp\/v2\/categories?post=55531"},{"taxonomy":"post_tag","embeddable":true,"href":"https:\/\/catolicanet.net\/wp-cnet\/wp-json\/wp\/v2\/tags?post=55531"}],"curies":[{"name":"wp","href":"https:\/\/api.w.org\/{rel}","templated":true}]}}