{"id":5553,"date":"2015-02-18T12:26:08","date_gmt":"2015-02-18T14:26:08","guid":{"rendered":"http:\/\/catolicanet.net\/wp-cnet\/inscricoes-encerradas-para-7o-edicao-do-trofeu-louvemos-o-senhor\/"},"modified":"2017-04-07T15:37:32","modified_gmt":"2017-04-07T18:37:32","slug":"inscricoes-encerradas-para-7o-edicao-do-trofeu-louvemos-o-senhor","status":"publish","type":"post","link":"https:\/\/catolicanet.net\/wp-cnet\/inscricoes-encerradas-para-7o-edicao-do-trofeu-louvemos-o-senhor\/","title":{"rendered":"Inscri\u00e7\u00f5es encerradas para 7\u00aa Edi\u00e7\u00e3o do Trof\u00e9u Louvemos o Senhor"},"content":{"rendered":"<p style=\"text-align: center;\"><img decoding=\"async\" src=\"http:\/\/catolicanet.com.br\/images\/stories\/geral\/trofeu louvemos 2015.jpg\" border=\"0\" \/><\/p>\n<p style=\"text-align: justify;\">\u00a0<\/p>\n<p style=\"text-align: justify;\"><strong>Artistas cat\u00f3licos tiveram mais de dois meses para realizar inscri\u00e7\u00e3o no maior Pr\u00eamio Nacional da M\u00fasica Cat\u00f3lica<\/strong><\/p>\n<p>Na \u00faltima sexta-feira, dia 13 de fevereiro, terminou o prazo para inscri\u00e7\u00e3o no Trof\u00e9u Louvemos o Senhor 2015. A 7\u00aa Edi\u00e7\u00e3o vai premiar os projetos lan\u00e7ados em 2014, em 35 categorias. A partir de agora, a Comiss\u00e3o Organizadora do maior Pr\u00eamio Nacional da M\u00fasica Cat\u00f3lica vai organizar as inscri\u00e7\u00f5es e dar continuidade ao cronograma do evento.<br \/>Entre as novidades da 7\u00aa Edi\u00e7\u00e3o do Trof\u00e9u Louvemos o Senhor, pode-se destacar: maior prazo para inscri\u00e7\u00f5es, de 30 para 74 dias; inscri\u00e7\u00f5es online, processo que havia sido usado pela primeira vez na 6\u00aa Edi\u00e7\u00e3o do Pr\u00eamio, em 2014; lan\u00e7amento de quatro novas categorias &#8211; Clipe do Ano, Diretor de Clipe, Diretor de DVD e \u00c1lbum Infantil.<br \/>Com o material dos artistas em m\u00e3os, a Comiss\u00e3o Organizadora d\u00e1 in\u00edcio a um novo processo no desenvolvimento do Pr\u00eamio. J\u00e1 no dia 23 de fevereiro, todo material inscrito ser\u00e1 entregue para avalia\u00e7\u00e3o dos jurados. Em seguida ser\u00e1 realizada a divulga\u00e7\u00e3o do \u201cPr\u00eamio de M\u00e9rito Especial\u201d, dos indicados e o in\u00edcio da vota\u00e7\u00e3o popular.<br \/>Todas as novidades ser\u00e3o divulgadas no site oficial, o www.trofeulouvemos.com. Confira o cronograma das pr\u00f3ximas etapas do Trof\u00e9u Louvemos o Senhor:<\/p>\n<p><strong>FEVEREIRO:<\/strong><br \/>\u2022\u00a0\u00a0\u00a0 23\/02\/2015 \u2013 In\u00edcio do processo de escolha das categorias votadas por jurados;<\/p>\n<p><strong>MAR\u00c7O:<\/strong><br \/>\u2022\u00a0\u00a0\u00a0 25\/03\/2015 \u2013 Divulga\u00e7\u00e3o do indicado(a) ao \u201cPr\u00eamio de M\u00e9rito Especial\u201d;<br \/>\u2022\u00a0\u00a0\u00a0 31\/03\/2015 \u2013 Final do processo de escolha das categorias votadas por jurados;<\/p>\n<p><strong>ABRIL:<\/strong><br \/>\u2022\u00a0\u00a0\u00a0 11\/04\/2015 \u2013 Divulga\u00e7\u00e3o dos indicados \u00e0s categorias de voto popular;<br \/>\u2022\u00a0\u00a0\u00a0 13\/04\/2015 \u2013 In\u00edcio do processo de vota\u00e7\u00e3o por parte do p\u00fablico via internet atrav\u00e9s do site oficial do evento www.trofeulouvemos.com; <br \/>\u2022\u00a0\u00a0\u00a0 18\/04\/2015 \u2013 Divulga\u00e7\u00e3o dos indicados nas categorias votadas exclusivamente pelos jurados;<\/p>\n<p><strong>MAIO:<\/strong><br \/>\u2022\u00a0\u00a0\u00a0 13\/05\/2015 \u2013 T\u00e9rmino do processo de vota\u00e7\u00e3o por parte do p\u00fablico;<br \/>\u2022\u00a0\u00a0\u00a0 19\/05\/2015 \u2013 Entrega dos pr\u00eamios dos campos T\u00e9cnicos e Instrumentais;<br \/>\u2022\u00a0\u00a0\u00a0 25\/05\/2015 \u2013 Divulga\u00e7\u00e3o do nome dos jurados da 7\u00aa Edi\u00e7\u00e3o do Trof\u00e9u Louvemos O Senhor \u2013 Pr\u00eamio Nacional da M\u00fasica Cat\u00f3lica;<br \/>\u2022\u00a0\u00a0\u00a0 27\/05\/2015 \u2013 Show de premia\u00e7\u00e3o da 7\u00aa Edi\u00e7\u00e3o do Trof\u00e9u Louvemos O Senhor \u2013 Pr\u00eamio Nacional da M\u00fasica Cat\u00f3lica. Ser\u00e1 realizado no Audit\u00f3rio Paulo Ap\u00f3stolo, nas depend\u00eancias da Associa\u00e7\u00e3o do Senhor Jesus, em Valinhos SP.<\/p>\n<p><strong>Fonte:<\/strong> Assessoria de Imprensa<\/p>\n","protected":false},"excerpt":{"rendered":"<p>\u00a0 Artistas cat\u00f3licos tiveram mais de dois meses para realizar inscri\u00e7\u00e3o no maior Pr\u00eamio Nacional da M\u00fasica Cat\u00f3lica Na \u00faltima sexta-feira, dia 13 de fevereiro, terminou o prazo para inscri\u00e7\u00e3o no Trof\u00e9u Louvemos o Senhor 2015. A 7\u00aa Edi\u00e7\u00e3o vai premiar os projetos lan\u00e7ados em 2014, em 35 categorias. A partir de agora, a Comiss\u00e3o [&hellip;]<\/p>\n","protected":false},"author":1,"featured_media":0,"comment_status":"closed","ping_status":"closed","sticky":false,"template":"","format":"standard","meta":{"footnotes":""},"categories":[4],"tags":[],"class_list":["post-5553","post","type-post","status-publish","format-standard","hentry","category-cotidiano"],"_links":{"self":[{"href":"https:\/\/catolicanet.net\/wp-cnet\/wp-json\/wp\/v2\/posts\/5553","targetHints":{"allow":["GET"]}}],"collection":[{"href":"https:\/\/catolicanet.net\/wp-cnet\/wp-json\/wp\/v2\/posts"}],"about":[{"href":"https:\/\/catolicanet.net\/wp-cnet\/wp-json\/wp\/v2\/types\/post"}],"author":[{"embeddable":true,"href":"https:\/\/catolicanet.net\/wp-cnet\/wp-json\/wp\/v2\/users\/1"}],"replies":[{"embeddable":true,"href":"https:\/\/catolicanet.net\/wp-cnet\/wp-json\/wp\/v2\/comments?post=5553"}],"version-history":[{"count":1,"href":"https:\/\/catolicanet.net\/wp-cnet\/wp-json\/wp\/v2\/posts\/5553\/revisions"}],"predecessor-version":[{"id":10601,"href":"https:\/\/catolicanet.net\/wp-cnet\/wp-json\/wp\/v2\/posts\/5553\/revisions\/10601"}],"wp:attachment":[{"href":"https:\/\/catolicanet.net\/wp-cnet\/wp-json\/wp\/v2\/media?parent=5553"}],"wp:term":[{"taxonomy":"category","embeddable":true,"href":"https:\/\/catolicanet.net\/wp-cnet\/wp-json\/wp\/v2\/categories?post=5553"},{"taxonomy":"post_tag","embeddable":true,"href":"https:\/\/catolicanet.net\/wp-cnet\/wp-json\/wp\/v2\/tags?post=5553"}],"curies":[{"name":"wp","href":"https:\/\/api.w.org\/{rel}","templated":true}]}}