{"id":55527,"date":"2019-12-09T15:40:38","date_gmt":"2019-12-09T18:40:38","guid":{"rendered":"https:\/\/catolicanet.net\/wp-cnet\/?p=55527"},"modified":"2019-12-09T15:40:38","modified_gmt":"2019-12-09T18:40:38","slug":"francisco-na-praca-de-espanha-confia-a-maria-os-oprimidos-pela-desconfianca","status":"publish","type":"post","link":"https:\/\/catolicanet.net\/wp-cnet\/francisco-na-praca-de-espanha-confia-a-maria-os-oprimidos-pela-desconfianca\/","title":{"rendered":"Francisco na Pra\u00e7a de Espanha confia a Maria os oprimidos pela desconfian\u00e7a"},"content":{"rendered":"<div class=\"article__subTitle\" style=\"text-align: justify;\">Em sua ora\u00e7\u00e3o, feita aos p\u00e9s do monumento dedicado a Nossa Senhora, o Papa citou \u201ca corrup\u00e7\u00e3o do cora\u00e7\u00e3o que impec\u00e1vel por fora, mas por dentro est\u00e1 cheio de m\u00e1s inten\u00e7\u00f5es e ego\u00edsmos mesquinhos\u201d. Deu gra\u00e7as a Deus por ter-nos dado uma m\u00e3e cheia de gra\u00e7a, que nos recorda a vit\u00f3ria de Cristo sobre o mal.<\/div>\n<div class=\"title__separator\" style=\"text-align: justify;\"><\/div>\n<div class=\"article__text\">\n<p style=\"text-align: justify;\"><b>Mariangela Jaguraba &#8211; Cidade do Vaticano<\/b><\/p>\n<p style=\"text-align: justify;\">O Papa Francisco deixou, o Vaticano, na tarde deste domingo (08\/12), para fazer a tradicional homenagem floreal a Nossa Senhora, aos p\u00e9s do monumento a ela dedicado, situado na Pra\u00e7a de Espanha, no centro de Roma.<\/p>\n<p style=\"text-align: justify;\">Antes, por\u00e9m, Francisco foi \u00e0 <b>Bas\u00edlica de Santa Maria Maior<\/b> para um momento de ora\u00e7\u00e3o diante do \u00edcone de Nossa Senhora <i>Salus Populi Romani.<\/i><\/p>\n<div>\n<div class=\"article__embed article__embed--unwrap\">\n<figure style=\"text-align: justify;\"><picture><source srcset=\"\/content\/dam\/vaticannews\/agenzie\/images\/srv\/2019\/12\/08\/2019-12-08-omaggio-alla-salus-populi-romani-in-santa-maria-maggi\/1575815953112.JPG\/_jcr_content\/renditions\/cq5dam.thumbnail.cropped.1500.844.jpeg 2x, \/content\/dam\/vaticannews\/agenzie\/images\/srv\/2019\/12\/08\/2019-12-08-omaggio-alla-salus-populi-romani-in-santa-maria-maggi\/1575815953112.JPG\/_jcr_content\/renditions\/cq5dam.thumbnail.cropped.750.422.jpeg 1x\" media=\"(min-width: 1024px)\" data-original-set=\"\/content\/dam\/vaticannews\/agenzie\/images\/srv\/2019\/12\/08\/2019-12-08-omaggio-alla-salus-populi-romani-in-santa-maria-maggi\/1575815953112.JPG\/_jcr_content\/renditions\/cq5dam.thumbnail.cropped.1500.844.jpeg 2x, \/content\/dam\/vaticannews\/agenzie\/images\/srv\/2019\/12\/08\/2019-12-08-omaggio-alla-salus-populi-romani-in-santa-maria-maggi\/1575815953112.JPG\/_jcr_content\/renditions\/cq5dam.thumbnail.cropped.750.422.jpeg 1x\" \/><source srcset=\"\/content\/dam\/vaticannews\/agenzie\/images\/srv\/2019\/12\/08\/2019-12-08-omaggio-alla-salus-populi-romani-in-santa-maria-maggi\/1575815953112.JPG\/_jcr_content\/renditions\/cq5dam.thumbnail.cropped.1000.563.jpeg 2x, \/content\/dam\/vaticannews\/agenzie\/images\/srv\/2019\/12\/08\/2019-12-08-omaggio-alla-salus-populi-romani-in-santa-maria-maggi\/1575815953112.JPG\/_jcr_content\/renditions\/cq5dam.thumbnail.cropped.500.281.jpeg 1x\" media=\"(min-width: 768px)\" data-original-set=\"\/content\/dam\/vaticannews\/agenzie\/images\/srv\/2019\/12\/08\/2019-12-08-omaggio-alla-salus-populi-romani-in-santa-maria-maggi\/1575815953112.JPG\/_jcr_content\/renditions\/cq5dam.thumbnail.cropped.1000.563.jpeg 2x, \/content\/dam\/vaticannews\/agenzie\/images\/srv\/2019\/12\/08\/2019-12-08-omaggio-alla-salus-populi-romani-in-santa-maria-maggi\/1575815953112.JPG\/_jcr_content\/renditions\/cq5dam.thumbnail.cropped.500.281.jpeg 1x\" \/><source srcset=\"\/content\/dam\/vaticannews\/agenzie\/images\/srv\/2019\/12\/08\/2019-12-08-omaggio-alla-salus-populi-romani-in-santa-maria-maggi\/1575815953112.JPG\/_jcr_content\/renditions\/cq5dam.thumbnail.cropped.500.281.jpeg\" data-original-set=\"\/content\/dam\/vaticannews\/agenzie\/images\/srv\/2019\/12\/08\/2019-12-08-omaggio-alla-salus-populi-romani-in-santa-maria-maggi\/1575815953112.JPG\/_jcr_content\/renditions\/cq5dam.thumbnail.cropped.500.281.jpeg\" \/><\/picture><\/figure>\n<div style=\"text-align: justify;\">\n<div class=\"article__embed article__embed--unwrap\">\n<figure><picture><img decoding=\"async\" class=\"initial loaded\" src=\"https:\/\/www.vaticannews.va\/content\/dam\/vaticannews\/agenzie\/images\/srv\/2019\/12\/08\/2019-12-08-omaggio-alla-salus-populi-romani-in-santa-maria-maggi\/1575815953112.JPG\/_jcr_content\/renditions\/cq5dam.thumbnail.cropped.750.422.jpeg\" alt=\"Papa Francisco diante do \u00edcone de Nossa Senhora na Bas\u00edlica de Santa Maria Maior\" data-original=\"\/content\/dam\/vaticannews\/agenzie\/images\/srv\/2019\/12\/08\/2019-12-08-omaggio-alla-salus-populi-romani-in-santa-maria-maggi\/1575815953112.JPG\/_jcr_content\/renditions\/cq5dam.thumbnail.cropped.750.422.jpeg\" data-was-processed=\"true\" \/> <\/picture><\/figure>\n<div class=\"photo_embed--Title\" style=\"text-align: center;\">Papa Francisco diante do \u00edcone de Nossa Senhora na Bas\u00edlica de Santa Maria Maior<\/div>\n<div><\/div>\n<\/div>\n<\/div>\n<p style=\"text-align: justify;\">A Pra\u00e7a de Espanha estava repleta de fi\u00e9is romanos e turistas. A cidade foi representada pela prefeita, Virginia Raggi. O Papa foi acolhido pelo cardeal vig\u00e1rio, Angelo De Donatis.<\/p>\n<p style=\"text-align: justify;\">Em sua ora\u00e7\u00e3o, feita aos p\u00e9s do monumento dedicado a Nossa Senhora, o Papa citou \u201ca corrup\u00e7\u00e3o do cora\u00e7\u00e3o que \u00e9 impec\u00e1vel por fora, mas por dentro est\u00e1 cheio de m\u00e1s inten\u00e7\u00f5es e ego\u00edsmos mesquinhos\u201d.\u00a0Deu gra\u00e7as a Deus por ter-nos dado uma m\u00e3e cheia de gra\u00e7a, que nos recorda a vit\u00f3ria de Cristo sobre o mal.<\/p>\n<div>\n<div class=\"article__embed article__embed--border embed_style\">\n<blockquote><p>\u201cQuanto precisamos ser libertados da corrup\u00e7\u00e3o do cora\u00e7\u00e3o, que \u00e9 o perigo mais grave! Isso nos parece imposs\u00edvel, estamos t\u00e3o acostumados, e em vez disso est\u00e1 ao nosso alcance. Basta olhar para o teu sorriso de m\u00e3e, para a tua beleza incontaminada, sentir novamente que n\u00e3o fomos feitos para o mal, mas para o bem, para o amor, para Deus!\u201d<\/p><\/blockquote>\n<p style=\"text-align: justify;\"><iframe loading=\"lazy\"  id=\"_ytid_74948\"  width=\"696\" height=\"392\"  data-origwidth=\"696\" data-origheight=\"392\"  data-relstop=\"1\" src=\"https:\/\/www.youtube.com\/embed\/59l6vI37n3w?enablejsapi=1&autoplay=0&cc_load_policy=0&cc_lang_pref=&iv_load_policy=1&loop=0&rel=0&fs=1&playsinline=0&autohide=2&theme=dark&color=red&controls=1&disablekb=0&\" class=\"__youtube_prefs__  no-lazyload\" title=\"YouTube player\"  allow=\"fullscreen; accelerometer; autoplay; clipboard-write; encrypted-media; gyroscope; picture-in-picture; web-share\" referrerpolicy=\"strict-origin-when-cross-origin\" allowfullscreen data-no-lazy=\"1\" data-skipgform_ajax_framebjll=\"\"><\/iframe><\/p>\n<p style=\"text-align: justify;\">Cristo ressuscitado \u201cquebra as correntes do mal, liberta dos v\u00edcios mais implac\u00e1veis, dissolve os la\u00e7os mais criminosos e amolece os cora\u00e7\u00f5es mais endurecidos. E se isso acontece dentro das pessoas, como a face da cidade muda! Nos pequenos gestos e nas grandes escolhas, os c\u00edrculos viciosos tornam-se virtuosos pouco a pouco, a qualidade de vida torna-se melhor e o clima social mais respir\u00e1vel\u201d, disse o Papa referindo-se \u00e0 cidade de Roma.<\/p>\n<p style=\"text-align: justify;\">A est\u00e1tua de Nossa Senhora \u00e9 obra do escultor Giuseppe Obici, que se encontra no alto de um obelisco, projetado pelo arquiteto Luigi Poletti. O monumento foi inaugurado em 8 de dezembro de 1857.<\/p>\n<p style=\"text-align: justify;\"><b>Segue, na \u00edntegra, a ora\u00e7\u00e3o do Papa Francisco\u00a0\u00e0 Imaculada Concei\u00e7\u00e3o.<\/b><\/p>\n<blockquote>\n<p style=\"text-align: justify;\">Maria Imaculada,<\/p>\n<p style=\"text-align: justify;\">Reunimo-nos em torno a ti mais uma vez.\u00a0Quanto mais caminhamos na vida\u00a0aumenta cada vez mais a nossa gratid\u00e3o a Deus\u00a0por ter-nos dado como m\u00e3e a n\u00f3s, que somos pecadores,\u00a0Tu \u00e9s Imaculada.\u00a0Entre todos os seres humanos, tu \u00e9s a \u00fanica\u00a0preservada do pecado, como m\u00e3e de Jesus\u00a0Cordeiro de Deus que tira o pecado do mundo.\u00a0Mas esse teu privil\u00e9gio \u00fanico\u00a0foi dado a ti para o bem de todos n\u00f3s, seus filhos.\u00a0De fato, olhando para ti, vemos a vit\u00f3ria de Cristo,\u00a0a vit\u00f3ria do amor de Deus sobre o mal:\u00a0onde abundava o pecado, ou seja, no cora\u00e7\u00e3o humano,\u00a0a gra\u00e7a transbordou,\u00a0pelo poder manso do sangue de Jesus.\u00a0Tu, M\u00e3e, nos lembra que, sim, somos pecadores,\u00a0mas n\u00e3o somos mais escravos do pecado!\u00a0O teu filho, com seu sacrif\u00edcio,\u00a0quebrou o dom\u00ednio do mal, venceu o mundo.\u00a0O teu cora\u00e7\u00e3o narra a isso a todas as gera\u00e7\u00f5es\u00a0t\u00e3o claro quanto o c\u00e9u onde o vento dissolveu todas as nuvens.\u00a0E ent\u00e3o tu nos lembra que n\u00e3o \u00e9 a mesma coisa\u00a0ser pecador e ser corruptos: \u00e9 bem diferente.\u00a0Uma coisa \u00e9 cair, mas depois, arrependido, confessar-se\u00a0e levantar-se com a ajuda da miseric\u00f3rdia de Deus.\u00a0Outra coisa \u00e9 a coniv\u00eancia hip\u00f3crita com o mal,\u00a0a corrup\u00e7\u00e3o do cora\u00e7\u00e3o, que \u00e9 impec\u00e1vel por fora,\u00a0mas por dentro est\u00e1 cheio de m\u00e1s inten\u00e7\u00f5es e ego\u00edsmos mesquinhos.\u00a0A tua pureza l\u00edmpida nos chama \u00e0 sinceridade,\u00a0\u00e0 transpar\u00eancia, \u00e0 simplicidade.\u00a0Quanto precisamos ser libertados\u00a0da corrup\u00e7\u00e3o do cora\u00e7\u00e3o, que \u00e9 o perigo mais grave!\u00a0Isso nos parece imposs\u00edvel, estamos t\u00e3o acostumados,\u00a0e em vez disso est\u00e1 ao nosso alcance. Basta olhar para o \u00a0teu sorriso de m\u00e3e,\u00a0para a tua beleza incontaminada,\u00a0sentir novamente que n\u00e3o fomos feitos para o mal,\u00a0mas para o bem, para o amor, para Deus!\u00a0Por isso, \u00f3 Virgem Maria,\u00a0hoje eu confio a ti todos aqueles que nesta cidade\u00a0e em todo o mundo, s\u00e3o oprimidos pela desconfian\u00e7a,\u00a0pelo des\u00e2nimo por causa do pecado;\u00a0aqueles que pensam que para eles n\u00e3o h\u00e1 mais esperan\u00e7a,\u00a0que suas culpas s\u00e3o muitas e grandes demais,\u00a0e que Deus n\u00e3o tem tempo a perder com eles.\u00a0Confio todos a ti, porque tu n\u00e3o \u00e9s apenas m\u00e3e\u00a0e, como tal, nunca deixa de amar teus filhos,\u00a0mas tu \u00e9s tamb\u00e9m a Imaculada, cheia de gra\u00e7a,\u00a0e podes refletir dentro da escurid\u00e3o mais profunda\u00a0um raio da luz do Cristo ressuscitado.\u00a0Ele, e somente Ele, quebra as correntes do mal,\u00a0liberta dos v\u00edcios mais implac\u00e1veis,\u00a0dissolve os la\u00e7os mais criminosos,\u00a0amolece os cora\u00e7\u00f5es mais endurecidos.\u00a0E se isso acontece dentro das pessoas,\u00a0como a face da cidade muda!\u00a0Nos pequenos gestos e nas grandes escolhas,\u00a0os c\u00edrculos viciosos tornam-se virtuosos pouco a pouco,\u00a0a qualidade de vida se torna melhor\u00a0e o clima social mais respir\u00e1vel.\u00a0Obrigado, M\u00e3e Imaculada,\u00a0por nos lembrar que, pelo amor de Jesus Cristo,\u00a0n\u00e3o somos mais escravos do pecado,\u00a0mas livres, livres para amar, de nos querer bem,\u00a0de nos ajudar como irm\u00e3os, mesmo que diferentes de n\u00f3s.\u00a0Obrigado porque, com a tua candura, nos encoraja\u00a0a n\u00e3o ter vergonha do bem, mas do mal;\u00a0nos ajuda a manter o maligno longe de n\u00f3s,\u00a0que com engano nos atrai para si, nos espirais da morte;\u00a0nos d\u00ea a doce lembran\u00e7a de que somos filhos de Deus,\u00a0Pai de imensa bondade,\u00a0fonte eterna de vida, beleza e amor. Am\u00e9m.<\/p>\n<\/blockquote>\n<\/div>\n<\/div>\n<\/div>\n<\/div>\n<\/div>\n","protected":false},"excerpt":{"rendered":"<p>Em sua ora\u00e7\u00e3o, feita aos p\u00e9s do monumento dedicado a Nossa Senhora, o Papa citou \u201ca corrup\u00e7\u00e3o do cora\u00e7\u00e3o que impec\u00e1vel por fora, mas por dentro est\u00e1 cheio de m\u00e1s inten\u00e7\u00f5es e ego\u00edsmos mesquinhos\u201d. Deu gra\u00e7as a Deus por ter-nos dado uma m\u00e3e cheia de gra\u00e7a, que nos recorda a vit\u00f3ria de Cristo sobre o [&hellip;]<\/p>\n","protected":false},"author":1,"featured_media":55528,"comment_status":"open","ping_status":"closed","sticky":false,"template":"","format":"standard","meta":{"footnotes":""},"categories":[13,3],"tags":[],"class_list":["post-55527","post","type-post","status-publish","format-standard","has-post-thumbnail","hentry","category-featured","category-vaticano"],"_links":{"self":[{"href":"https:\/\/catolicanet.net\/wp-cnet\/wp-json\/wp\/v2\/posts\/55527","targetHints":{"allow":["GET"]}}],"collection":[{"href":"https:\/\/catolicanet.net\/wp-cnet\/wp-json\/wp\/v2\/posts"}],"about":[{"href":"https:\/\/catolicanet.net\/wp-cnet\/wp-json\/wp\/v2\/types\/post"}],"author":[{"embeddable":true,"href":"https:\/\/catolicanet.net\/wp-cnet\/wp-json\/wp\/v2\/users\/1"}],"replies":[{"embeddable":true,"href":"https:\/\/catolicanet.net\/wp-cnet\/wp-json\/wp\/v2\/comments?post=55527"}],"version-history":[{"count":1,"href":"https:\/\/catolicanet.net\/wp-cnet\/wp-json\/wp\/v2\/posts\/55527\/revisions"}],"predecessor-version":[{"id":55530,"href":"https:\/\/catolicanet.net\/wp-cnet\/wp-json\/wp\/v2\/posts\/55527\/revisions\/55530"}],"wp:featuredmedia":[{"embeddable":true,"href":"https:\/\/catolicanet.net\/wp-cnet\/wp-json\/wp\/v2\/media\/55528"}],"wp:attachment":[{"href":"https:\/\/catolicanet.net\/wp-cnet\/wp-json\/wp\/v2\/media?parent=55527"}],"wp:term":[{"taxonomy":"category","embeddable":true,"href":"https:\/\/catolicanet.net\/wp-cnet\/wp-json\/wp\/v2\/categories?post=55527"},{"taxonomy":"post_tag","embeddable":true,"href":"https:\/\/catolicanet.net\/wp-cnet\/wp-json\/wp\/v2\/tags?post=55527"}],"curies":[{"name":"wp","href":"https:\/\/api.w.org\/{rel}","templated":true}]}}