{"id":55492,"date":"2019-12-09T14:51:40","date_gmt":"2019-12-09T17:51:40","guid":{"rendered":"https:\/\/catolicanet.net\/wp-cnet\/?p=55492"},"modified":"2019-12-09T14:51:40","modified_gmt":"2019-12-09T17:51:40","slug":"cnbb-lanca-clipe-da-campanha-da-fraternidade-2020","status":"publish","type":"post","link":"https:\/\/catolicanet.net\/wp-cnet\/cnbb-lanca-clipe-da-campanha-da-fraternidade-2020\/","title":{"rendered":"CNBB lan\u00e7a clipe da Campanha da Fraternidade 2020"},"content":{"rendered":"<p style=\"text-align: justify;\">Santa Dulce dos Pobres \u00e9 a grande inspira\u00e7\u00e3o do videoclipe da Campanha da Fraternidade 2020, que tem como tema: \u201cFraternidade e vida: dom e compromisso\u201d e o lema \u201cViu, sentiu compaix\u00e3o e cuidou dele\u201d (Lc 10, 33-34).<\/p>\n<p style=\"text-align: justify;\">A letra \u00e9 de autoria do padre Jos\u00e9 Ant\u00f4nio de Oliveira, 67 anos, da par\u00f3quia S\u00e3o Jo\u00e3o Batista de Bar\u00e3o de Cocais da arquidiocese de Mariana (MG). A m\u00fasica \u00e9 de Gilson Celerino, que tamb\u00e9m fez o arranjo para coro a quatro vozes e \u00f3rg\u00e3o.<\/p>\n<p style=\"text-align: justify;\"><img loading=\"lazy\" decoding=\"async\" class=\" wp-image-229976 alignleft\" src=\"https:\/\/www.cnbb.org.br\/wp-content\/uploads\/sites\/32\/2019\/12\/caderno-de-partituras.png\" srcset=\"https:\/\/www.cnbb.org.br\/wp-content\/uploads\/sites\/32\/2019\/12\/caderno-de-partituras.png 272w, https:\/\/www.cnbb.org.br\/wp-content\/uploads\/sites\/32\/2019\/12\/caderno-de-partituras-209x300.png 209w\" alt=\"\" width=\"166\" height=\"238\" \/><\/p>\n<p style=\"text-align: justify;\">O assessor do setor M\u00fasica Lit\u00fargica, que faz parte da Comiss\u00e3o Episcopal Pastoral para Liturgia da Confer\u00eancia Nacional dos Bispos do Brasil (CNBB), o jesu\u00edta irm\u00e3o Fernando Benedito Vieira, explica que este ano o hino tem um diferencial.<\/p>\n<p style=\"text-align: justify;\"><em>\u201cPensando tamb\u00e9m nas Igrejas onde existem corais e \u00f3rg\u00e3o, fizemos pela primeira vez uma vers\u00e3o para coro a quatro vozes e \u00f3rg\u00e3o\u201d, ressalta.<\/em><\/p>\n<p style=\"text-align: justify;\">As partituras das duas vers\u00f5es do hino da CF 2020 podem ser adquiridas <strong><a href=\"https:\/\/www.edicoescnbb.com.br\/produto\/cf-2020-caderno-de-partituras-e-cifras-hino-da-campanha-da-fraternidade-71444\">no site da Edi\u00e7\u00f5es CNBB<\/a><\/strong>.<\/p>\n<p style=\"text-align: justify;\">Veja o videoclipe do Hino da Campanha da Fraternidade 2020:<\/p>\n<iframe loading=\"lazy\"  id=\"_ytid_42623\"  width=\"696\" height=\"392\"  data-origwidth=\"696\" data-origheight=\"392\"  data-relstop=\"1\" src=\"https:\/\/www.youtube.com\/embed\/wSSllwCAZH0?enablejsapi=1&autoplay=0&cc_load_policy=0&cc_lang_pref=&iv_load_policy=1&loop=0&rel=0&fs=1&playsinline=0&autohide=2&theme=dark&color=red&controls=1&disablekb=0&\" class=\"__youtube_prefs__  no-lazyload\" title=\"YouTube player\"  allow=\"fullscreen; accelerometer; autoplay; clipboard-write; encrypted-media; gyroscope; picture-in-picture; web-share\" referrerpolicy=\"strict-origin-when-cross-origin\" allowfullscreen data-no-lazy=\"1\" data-skipgform_ajax_framebjll=\"\"><\/iframe>\n<h3><strong>Letra do Hino da CF 2020<\/strong><\/h3>\n<blockquote><p><strong>Tema:<\/strong> Fraternidade e Vida: Dom e Compromisso<br \/>\n<strong>Lema:<\/strong> \u201cViu, sentiu compaix\u00e3o e cuidou dele\u201d (cf. Lc 10,33-34)<br \/>\n<strong>|| Letra:<\/strong> Pe. Jos\u00e9 Antonio de Oliveira<br \/>\n<strong>|| M\u00fasica: <\/strong>Gilson Celerino<\/p>\n<p>1) Deus de amor e de ternura, contemplamos<br \/>\neste mundo t\u00e3o bonito que nos deste. (Cf. Gn 1,2-15; 2,1-25)<br \/>\nDesse Dom, fonte da vida, recordamos: (Cf. SI 36,10)<br \/>\nCuidadores, guardi\u00f5es tu nos fizeste. (Cf. Gn 2,15)<\/p>\n<p><em><strong>Peregrinos, aprendemos nesta estrada<\/strong><\/em><br \/>\n<em><strong>o que o \u201cbom samaritano\u201d ensinou:<\/strong><\/em><br \/>\n<em><strong>Ao passar por uma vida amea\u00e7ada,<\/strong><\/em><br \/>\n<em><strong>Ele a viu, compadeceu e cuidou. (Cf. Lc 10,33-34)<\/strong><\/em><\/p>\n<p>2) Toda vida \u00e9 um presente e \u00e9 sagrada,<br \/>\nseja humana, vegetal ou animal. (Cf. LS, esp. Cap. IV)<br \/>\n\u00c9 pra sempre ser cuidada e respeitada,<br \/>\ndesde o in\u00edcio at\u00e9 seu termo natural.<\/p>\n<p>3) Tua gl\u00f3ria \u00e9 o homem vivo, Deus da Vida; (Cf. Santo Irineu)<br \/>\nver felizes os teus filhos, tuas filhas;<br \/>\n\u00e9 a justi\u00e7a para todos, sem medida; (Cf. Am 5,24)<br \/>\n\u00c9 formarmos, no amor, bela Fam\u00edlia.<\/p>\n<p>4) Mata a vida o v\u00edrus torpe da gan\u00e2ncia,<br \/>\nda viol\u00eancia, da mentira e da ambi\u00e7\u00e3o.<br \/>\nMas tamb\u00e9m o preconceito, a intoler\u00e2ncia.<br \/>\nO caminho \u00e9 a justi\u00e7a e convers\u00e3o. (Cf. 2Tm 2,22-26)<\/p><\/blockquote>\n","protected":false},"excerpt":{"rendered":"<p>Santa Dulce dos Pobres \u00e9 a grande inspira\u00e7\u00e3o do videoclipe da Campanha da Fraternidade 2020, que tem como tema: \u201cFraternidade e vida: dom e compromisso\u201d e o lema \u201cViu, sentiu compaix\u00e3o e cuidou dele\u201d (Lc 10, 33-34). A letra \u00e9 de autoria do padre Jos\u00e9 Ant\u00f4nio de Oliveira, 67 anos, da par\u00f3quia S\u00e3o Jo\u00e3o Batista [&hellip;]<\/p>\n","protected":false},"author":1,"featured_media":55493,"comment_status":"open","ping_status":"closed","sticky":false,"template":"","format":"standard","meta":{"footnotes":""},"categories":[7,13],"tags":[],"class_list":["post-55492","post","type-post","status-publish","format-standard","has-post-thumbnail","hentry","category-cnbb","category-featured"],"_links":{"self":[{"href":"https:\/\/catolicanet.net\/wp-cnet\/wp-json\/wp\/v2\/posts\/55492","targetHints":{"allow":["GET"]}}],"collection":[{"href":"https:\/\/catolicanet.net\/wp-cnet\/wp-json\/wp\/v2\/posts"}],"about":[{"href":"https:\/\/catolicanet.net\/wp-cnet\/wp-json\/wp\/v2\/types\/post"}],"author":[{"embeddable":true,"href":"https:\/\/catolicanet.net\/wp-cnet\/wp-json\/wp\/v2\/users\/1"}],"replies":[{"embeddable":true,"href":"https:\/\/catolicanet.net\/wp-cnet\/wp-json\/wp\/v2\/comments?post=55492"}],"version-history":[{"count":1,"href":"https:\/\/catolicanet.net\/wp-cnet\/wp-json\/wp\/v2\/posts\/55492\/revisions"}],"predecessor-version":[{"id":55494,"href":"https:\/\/catolicanet.net\/wp-cnet\/wp-json\/wp\/v2\/posts\/55492\/revisions\/55494"}],"wp:featuredmedia":[{"embeddable":true,"href":"https:\/\/catolicanet.net\/wp-cnet\/wp-json\/wp\/v2\/media\/55493"}],"wp:attachment":[{"href":"https:\/\/catolicanet.net\/wp-cnet\/wp-json\/wp\/v2\/media?parent=55492"}],"wp:term":[{"taxonomy":"category","embeddable":true,"href":"https:\/\/catolicanet.net\/wp-cnet\/wp-json\/wp\/v2\/categories?post=55492"},{"taxonomy":"post_tag","embeddable":true,"href":"https:\/\/catolicanet.net\/wp-cnet\/wp-json\/wp\/v2\/tags?post=55492"}],"curies":[{"name":"wp","href":"https:\/\/api.w.org\/{rel}","templated":true}]}}