{"id":55488,"date":"2019-12-09T14:46:07","date_gmt":"2019-12-09T17:46:07","guid":{"rendered":"https:\/\/catolicanet.net\/wp-cnet\/?p=55488"},"modified":"2019-12-09T14:46:07","modified_gmt":"2019-12-09T17:46:07","slug":"conselho-episcopal-latino-americano-convida-para-o-dia-continental-de-oracao-pelao-paz-em-12-de-dezembro","status":"publish","type":"post","link":"https:\/\/catolicanet.net\/wp-cnet\/conselho-episcopal-latino-americano-convida-para-o-dia-continental-de-oracao-pelao-paz-em-12-de-dezembro\/","title":{"rendered":"Conselho Episcopal Latino Americano convida para o Dia Continental de Ora\u00e7\u00e3o pelao Paz, em 12 de dezembro"},"content":{"rendered":"<p style=\"text-align: justify;\">O Conselho Episcopal Latino-americano (Celam) convida as Confer\u00eancias episcopais, as organiza\u00e7\u00f5es eclesiais, comunidades religiosas e movimentos apost\u00f3licos e o Povo de Deus, em geral, a se unirem ao Dia Continental de Ora\u00e7\u00e3o pela Paz pelos povos da Am\u00e9rica Latina e Caribe, no dia 12 de dezembro, festa de Nossa Senhora de Guadalupe. O organismo eclesial confia as dores e alegrias dos povos da Am\u00e9rica Latina e Caribe \u00e0 intercess\u00e3o materna de Maria.<\/p>\n<p style=\"text-align: justify;\">O objetivo \u00e9 unir-se em ora\u00e7\u00e3o com a inten\u00e7\u00e3o comum para todos os pa\u00edses da Am\u00e9rica Latina e Caribe: obter a paz. \u201cConvidamos voc\u00eas a organizar com suas comunidades paroquiais, movimentos apost\u00f3licos, Confer\u00eancias episcopais, fam\u00edlias ou amigos, um momento de ora\u00e7\u00e3o, rezando o Ter\u00e7o, participando de uma liturgia da Palavra ou da Eucaristia ou dedicando um tempo durante o dia para rezar por essa inten\u00e7\u00e3o \u201d, destaca o Celam numa nota.<\/p>\n<p style=\"text-align: justify;\"><strong>Fluxo p\u00fablico de comunica\u00e7\u00e3o nas redes sociais<\/strong><br \/>\nO Celam pede tamb\u00e9m para que seja criado um fluxo p\u00fablico de comunica\u00e7\u00e3o sobre o que acontecer\u00e1 durante o Dia Continental de Ora\u00e7\u00e3o pela Paz, atrav\u00e9s das redes sociais, usando a hashtag #Am\u00e9ricaLatinaRezaPorLaPaz.<\/p>\n<p style=\"text-align: justify;\">\u201cConte-nos de onde voc\u00eas se unir\u00e3o para rezar pela paz no continente, como celebrar\u00e3o a festa da Virgem de Guadalupe em seu pa\u00edses. Recordamos que a mensagem da Virgem de Guadalupe \u00e9 a da harmonia entre todos os povos numa \u00fanica civiliza\u00e7\u00e3o de amor e dedica\u00e7\u00e3o a Deus.\u201d<\/p>\n<p style=\"text-align: justify;\">No evento de Guadalupe, \u201cMaria aperfei\u00e7oa a incultura\u00e7\u00e3o do Evangelho. Ela \u00e9 o nosso modelo de disc\u00edpula e mission\u00e1ria a quem confiamos o destino de nossos povos\u201d, conclui a nota do Celam.<\/p>\n","protected":false},"excerpt":{"rendered":"<p>O Conselho Episcopal Latino-americano (Celam) convida as Confer\u00eancias episcopais, as organiza\u00e7\u00f5es eclesiais, comunidades religiosas e movimentos apost\u00f3licos e o Povo de Deus, em geral, a se unirem ao Dia Continental de Ora\u00e7\u00e3o pela Paz pelos povos da Am\u00e9rica Latina e Caribe, no dia 12 de dezembro, festa de Nossa Senhora de Guadalupe. O organismo eclesial [&hellip;]<\/p>\n","protected":false},"author":1,"featured_media":55490,"comment_status":"open","ping_status":"closed","sticky":false,"template":"","format":"standard","meta":{"footnotes":""},"categories":[7,13],"tags":[],"class_list":["post-55488","post","type-post","status-publish","format-standard","has-post-thumbnail","hentry","category-cnbb","category-featured"],"_links":{"self":[{"href":"https:\/\/catolicanet.net\/wp-cnet\/wp-json\/wp\/v2\/posts\/55488","targetHints":{"allow":["GET"]}}],"collection":[{"href":"https:\/\/catolicanet.net\/wp-cnet\/wp-json\/wp\/v2\/posts"}],"about":[{"href":"https:\/\/catolicanet.net\/wp-cnet\/wp-json\/wp\/v2\/types\/post"}],"author":[{"embeddable":true,"href":"https:\/\/catolicanet.net\/wp-cnet\/wp-json\/wp\/v2\/users\/1"}],"replies":[{"embeddable":true,"href":"https:\/\/catolicanet.net\/wp-cnet\/wp-json\/wp\/v2\/comments?post=55488"}],"version-history":[{"count":1,"href":"https:\/\/catolicanet.net\/wp-cnet\/wp-json\/wp\/v2\/posts\/55488\/revisions"}],"predecessor-version":[{"id":55491,"href":"https:\/\/catolicanet.net\/wp-cnet\/wp-json\/wp\/v2\/posts\/55488\/revisions\/55491"}],"wp:featuredmedia":[{"embeddable":true,"href":"https:\/\/catolicanet.net\/wp-cnet\/wp-json\/wp\/v2\/media\/55490"}],"wp:attachment":[{"href":"https:\/\/catolicanet.net\/wp-cnet\/wp-json\/wp\/v2\/media?parent=55488"}],"wp:term":[{"taxonomy":"category","embeddable":true,"href":"https:\/\/catolicanet.net\/wp-cnet\/wp-json\/wp\/v2\/categories?post=55488"},{"taxonomy":"post_tag","embeddable":true,"href":"https:\/\/catolicanet.net\/wp-cnet\/wp-json\/wp\/v2\/tags?post=55488"}],"curies":[{"name":"wp","href":"https:\/\/api.w.org\/{rel}","templated":true}]}}