{"id":55414,"date":"2019-12-04T13:32:33","date_gmt":"2019-12-04T16:32:33","guid":{"rendered":"http:\/\/catolicanet.net\/wp-cnet\/?p=55414"},"modified":"2019-12-06T13:34:15","modified_gmt":"2019-12-06T16:34:15","slug":"de-zeloso-paroco-para-bispo-auxiliar","status":"publish","type":"post","link":"https:\/\/catolicanet.net\/wp-cnet\/de-zeloso-paroco-para-bispo-auxiliar\/","title":{"rendered":"De zeloso P\u00e1roco para Bispo Auxiliar"},"content":{"rendered":"<p style=\"text-align: justify;\">O Papa Francisco, neste dia 04 de dezembro, mem\u00f3ria de S\u00e3o Jo\u00e3o Damasceno, Presb\u00edtero e Doutor da Igreja, nomeou para Bispo Titular de Aulona e para bispo auxiliar do Rio de Janeiro, o Monsenhor ZDZISLAW STANISLAW BLASZCZYK (Pe. Tiago Estanislau), P\u00e1roco da Par\u00f3quia S\u00e3o Pedro do Mar, do Vicariato Jacarepagu\u00e1, em nossa Arquidiocese de S\u00e3o Sebasti\u00e3o do Rio de Janeiro, RJ.<\/p>\n<p style=\"text-align: justify;\">Alegra-me a nomea\u00e7\u00e3o de um p\u00e1roco, que trabalha em nossa Arquidiocese de S\u00e3o Sebasti\u00e3o do Rio de Janeiro, para nosso Bispo Auxiliar. \u00c9 um sinal vis\u00edvel do Papa Francisco pelos p\u00e1rocos zelosos que gastam a sua vida em favor da santifica\u00e7\u00e3o do povo de Deus, na celebra\u00e7\u00e3o dos sacramentos, na vizinhan\u00e7a com os fi\u00e9is e na disposi\u00e7\u00e3o total em favor dos seus paroquianos. Est\u00e1 h\u00e1 19 anos em nossa Arquidiocese servindo ao nosso povo. Foi eleito pelos seus irm\u00e3os sacerdotes do vicariato Jacarepagu\u00e1 para represent\u00e1-los no Conselho de Presb\u00edteros, do qual at\u00e9 agora fazia parte.<\/p>\n<p style=\"text-align: justify;\">Pe. ZDZISLAW STANISLAW BLASZCZYK, conhecido como Pe. TIAGO, \u00e9 filho Boleslaw Blaszczyk e Wanda Blaszczyk, nascido em 08\/08\/1969, Gd\u00f3w, em Malopolska, Pol\u00f4nia. A sua\u00a0 ordena\u00e7\u00e3o diaconal foi aos 08\/05\/1993, em Crac\u00f3via, pelo Cardeal Franciszek Macharski e a sua Ordena\u00e7\u00e3o Presbiteral em 14\/05\/1994 (25 anos), em Crac\u00f3via, pelo Cardeal Franciszek Macharski. \u00c9 Incardinado na Arquidiocese de Crac\u00f3via, na Pol\u00f4nia. Forma\u00e7\u00e3o Eclesi\u00e1stica: Filosofia pela Papieska Akademia Teologiczna (1988-1990); Teologia na Papieska Akademia Teologiczna (1990-1994) Mestrado em Teologia\/Psicologia com a tese: \u201cO Padre na opini\u00e3o dos Jovens\u201d (1990). Como sacerdote, exerceu os seguintes of\u00edcios na Arquidiocese do Rio de Janeiro: Vig\u00e1rio Paroquial na Par\u00f3quia Nossa Senhora da Paz, em Ipanema (nomeado em abril 2001); Vig\u00e1rio Paroquial na Par\u00f3quia S\u00e3o Judas Tadeu, em Bangu (nomeado em julho 2001); P\u00e1roco da Par\u00f3quia S\u00e3o Judas Tadeu, em Bangu (nomeado em dezembro 2004); P\u00e1roco da Par\u00f3quia S\u00e3o Pedro do Mar, no Recreio dos Bandeirantes (nomeado em abril 2013). Atualmente, Pe. Zdzislaw Stanislaw Blaszczyk (Pe. Tiago Estanislau) \u00e9 P\u00e1roco da Par\u00f3quia S\u00e3o Pedro do Mar, no Recreio dos Bandeirantes, Vicariato Episcopal Jacarepagu\u00e1.<\/p>\n<p style=\"text-align: justify;\">Uma das virtudes de um bispo \u00e9 a capacidade de ouvir e dialogar com todos, sem privilegiados, ao contr\u00e1rio construindo o consenso na diferen\u00e7a de di\u00e1logos que nos tornam todos um em Cristo Senhor.<\/p>\n<p style=\"text-align: justify;\">O Bispo deve ser um homem aberto a relacionar-se e a dialogar com as pessoas. Neste tempo pobre para fazer amizades a primeira e mais importante tarefa do Bispo \u00e9 tornar-se ponte para estabelecer di\u00e1logos e construir comunidades. A abertura ao relacionamento \u00e9 pois, uma condi\u00e7\u00e3o essencial para o episcopado.<\/p>\n<p style=\"text-align: justify;\">Antes de sentir-se um l\u00edder da comunidade para a qual foi enviado o bispo \u00e9 chamado a sentir-se pertencente a esta comunidade, pois, pertence ao povo de Deus, do meio deste foi \u201cseparado\u201d. O bispo \u00e9 algu\u00e9m chamado, consagrado para ser \u201cpresen\u00e7a\u201d do Cristo, Bom Pastor, junto a seu rebanho.<\/p>\n<p style=\"text-align: justify;\">O bispo \u00e9 aquele que \u00e9 o primeiro a aproximar-se dos humildes na caridade. Relembra o Papa Francisco que: <em>\u201cProximidade com o vosso povo. As tr\u00eas proximidades do bispo: a proximidade com Deus na ora\u00e7\u00e3o \u2013 este \u00e9 o primeiro trabalho \u2013, a proximidade com os presb\u00edteros no col\u00e9gio presbiteral e a proximidade com o povo. N\u00e3o vos esque\u00e7ais que fostes tirados, escolhidos, do rebanho. N\u00e3o vos esque\u00e7ais de vossas ra\u00edzes, daqueles que vos transmitiram a f\u00e9, que vos deram a identidade. N\u00e3o renegueis o Povo de Deus.\u201d<\/em> (cf. <a href=\"https:\/\/www.vaticannews.va\/pt\/papa\/news\/2019-10\/papa-ordenacao-bispos-anunciar-verdadeira-palavra-proximidade.html\">https:\/\/www.vaticannews.va\/pt\/papa\/news\/2019-10\/papa-ordenacao-bispos-anunciar-verdadeira-palavra-proximidade.html<\/a>, \u00faltimo acesso em 03 de dezembro de 2019).<\/p>\n<p style=\"text-align: justify;\">O bispo \u00e9 servo da vida. Aproximar-se dos leigos e leigas, valorizando-os e convidando-os \u00e0 comunh\u00e3o pois, a comunh\u00e3o \u00e9 um dos nomes da miseric\u00f3rdia. A proximidade do Pe. Tiago Estanislau do povo de Deus, hoje nomeado bispo, se faz sentir no carinho que a comunidade o trata e o considera.<\/p>\n<p style=\"text-align: justify;\">As palavras proferidas pelo Papa Francisco, na missa de ontem, dia 03 de dezembro, na Capela Santa Marta, no Vaticano podem ser uma luz a iluminar o caminho de nosso novo bispo auxiliar, Mons. Tiago e tamb\u00e9m de todos os batizados: \u201c<em>Numa comunidade crist\u00e3 onde os fi\u00e9is, os sacerdotes, os bispos, n\u00e3o tomam esta estrada da pequenez, falta futuro, ruir\u00e1. Foi o que vimos nos grandes projetos da hist\u00f3ria: crist\u00e3os que buscavam se impor, com a for\u00e7a, a grandeza, as conquistas&#8230; Mas o Reino de Deus brota no pequeno, sempre no pequeno, a pequena semente, a semente de vida. Mas a semente sozinha n\u00e3o pode nada. E h\u00e1 outra realidade que ajuda e que d\u00e1 a for\u00e7a: \u201c<\/em>Nascer\u00e1 uma haste do tronco de Jess\u00e9 e, a partir da raiz, surgir\u00e1 o rebento de uma flor; sobre ele repousar\u00e1 o esp\u00edrito do Senhor<em>.\u201d<\/em> O Esp\u00edrito n\u00e3o pode entrar num cora\u00e7\u00e3o soberbo: \u201cO Esp\u00edrito escolhe o pequeno, sempre\u201d, destacou ainda Francisco, porque n\u00e3o pode entrar no grande, no soberbo, no autossuficiente\u201d. \u00c9 no cora\u00e7\u00e3o pequeno que acontece a revela\u00e7\u00e3o do Senhor\u201d (cf.<a href=\"https:\/\/www.vaticannews.va\/pt\/papa\/news\/2019-12\/papa-francisco-missa-santa-marta-igreja-elogio-pequenez.html\">https:\/\/www.vaticannews.va\/pt\/papa\/news\/2019-12\/papa-francisco-missa-santa-marta-igreja-elogio-pequenez.html<\/a>, \u00faltimo acesso em 03 de dezembro de 2019.)<\/p>\n<p style=\"text-align: justify;\">A miss\u00e3o fundamental do pastor, segundo o papa, \u00e9 a do &#8220;o verdadeiro pastor seja ele sacerdote, bispo, papa, cardeal, qualquer que seja, se ele n\u00e3o se tornar pequeno, ele n\u00e3o \u00e9 um pastor&#8221;. &#8220;Do que tem uma fun\u00e7\u00e3o que parece mais importante na Igreja, \u00e0 pobre velhinha que faz as obras de caridade em segredo&#8221;. O Papa Francisco esclareceu ent\u00e3o uma d\u00favida que poderia surgir, isto \u00e9, que o caminho da pequenez conduz \u00e0 pusilanimidade que \u00e9 fechar-se em si mesmo, ao medo. E diz que, pelo contr\u00e1rio, &#8220;a pequenez \u00e9 grande&#8221; \u00e9 a capacidade de arriscar &#8220;porque n\u00e3o tem nada a perder&#8221;. E explicou que \u00e9 precisamente a pequenez que leva \u00e0 magnanimidade, porque nos torna capazes de ir al\u00e9m de n\u00f3s mesmos, sabendo que a grandeza a d\u00e1 Deus. E citou uma frase de S\u00e3o Tom\u00e1s de Aquino, contida em sua Suma teol\u00f3gica, que explica como deve se comportar um crist\u00e3o que se sente pequeno, diante dos desafios do mundo, para n\u00e3o viver como um covarde: <em>S\u00e3o Tom\u00e1s diz assim, o resumo \u00e9 o seguinte: &#8220;N\u00e3o ter medo das coisas grandes &#8211; S\u00e3o Francisco Xavier hoje, n\u00f3s o vimos &#8211; n\u00e3o ter medo, seguir em frente; mas levar em considera\u00e7\u00e3o as pequenas coisas, juntas, isto \u00e9 divino&#8221;. Um crist\u00e3o parte sempre da pequenez. Se eu na minha ora\u00e7\u00e3o me sinto pequeno, com as minhas limita\u00e7\u00f5es, meus pecados, como aquele publicano que rezou no fundo da igreja, envergonhado: &#8220;Tenha piedade de mim que sou pecador&#8221;, voc\u00ea ir\u00e1 para frente. Mas se voc\u00ea acredita ser um bom crist\u00e3o, rezar\u00e1 como aquele fariseu que n\u00e3o saiu justificado: &#8220;Dou-te gra\u00e7as, Deus, porque sou grande&#8221;. N\u00e3o, agrade\u00e7amos a Deus porque somos pequenos.\u201d<\/em><\/p>\n<p style=\"text-align: justify;\">(cf.<a href=\"https:\/\/www.vaticannews.va\/pt\/papa\/news\/2019-12\/papa-francisco-missa-santa-marta-igreja-elogio-pequenez.html\">https:\/\/www.vaticannews.va\/pt\/papa\/news\/2019-12\/papa-francisco-missa-santa-marta-igreja-elogio-pequenez.html<\/a>, \u00faltimo acesso em 03 de dezembro de 2019.)<\/p>\n<p style=\"text-align: justify;\">O Papa Francisco tem insistido que o Episcopado \u00e9 nome de um servi\u00e7o, n\u00e3o honorific\u00eancia. O Santo Padre Francisco enfatizou que \u201c\u00e9 Cristo que no minist\u00e9rio do bispo continua a pregar o Evangelho de salva\u00e7\u00e3o e a santificar os crentes, mediante os sacramentos da f\u00e9. \u00c9 Cristo que na paternidade do bispo acrescenta novos membros ao seu corpo, que \u00e9 a Igreja. \u00c9 Cristo que na sabedoria e prud\u00eancia do bispo guia o povo de Deus na peregrina\u00e7\u00e3o terrena at\u00e9 \u00e0 felicidade eterna\u201d. (cf. <a href=\"https:\/\/www.vaticannews.va\/pt\/papa\/news\/2019-10\/papa-ordenacao-bispos-anunciar-verdadeira-palavra-proximidade.html\">https:\/\/www.vaticannews.va\/pt\/papa\/news\/2019-10\/papa-ordenacao-bispos-anunciar-verdadeira-palavra-proximidade.html<\/a>, \u00faltimo acesso em 03 de dezembro de 2019)<\/p>\n<p style=\"text-align: justify;\">A ora\u00e7\u00e3o e o an\u00fancio da Palavra: tarefas do bispo. Ao bispo compete anunciar a Palavra em qualquer ocasi\u00e3o, oportuna e inoportuna, frisou o Santo Padre, acrescentando: <em>\u201cAnunciai a verdadeira Palavra, n\u00e3o discursos mon\u00f3tonos que ningu\u00e9m entende. Anunciai a Palavra de Deus. Recordai que, segundo Pedro, nos Atos dos Ap\u00f3stolos, as duas principais tarefas do bispo s\u00e3o: a ora\u00e7\u00e3o e o an\u00fancio da Palavra. Depois todos os atos administrativos. Mas essas duas s\u00e3o as colunas.\u201d<\/em> (cf. <a href=\"https:\/\/www.vaticannews.va\/pt\/papa\/news\/2019-10\/papa-ordenacao-bispos-anunciar-verdadeira-palavra-proximidade.html\">https:\/\/www.vaticannews.va\/pt\/papa\/news\/2019-10\/papa-ordenacao-bispos-anunciar-verdadeira-palavra-proximidade.html<\/a>, \u00faltimo acesso em 03 de dezembro de 2019).<\/p>\n<p style=\"text-align: justify;\">Ao in\u00edcio do Advento inaugurando o novo ano lit\u00fargico o Santo Padre nos concede um auxiliar para dividir o trabalho nessa grande cidade. Estamos no tempo proposto em nossa Festa da Unidade de aprofundamento da consci\u00eancia crist\u00e3 de: batizados: sempre mission\u00e1rios! \u00c9 a miss\u00e3o permanente! Mons. Tiago Estanislau tem um entusiasmo impar com o seu povo e far\u00e1 um bem muito grande como bispo auxiliar. Sua ordena\u00e7\u00e3o episcopal ocorrer\u00e1 em nossa Catedral Metropolitana de S\u00e3o Sebasti\u00e3o, no dia 25 de janeiro de 2020, s\u00e1bado, festa da convers\u00e3o de S\u00e3o Paulo, \u00e0s 8:30 horas e desde j\u00e1 convidamos a todos.<\/p>\n<p style=\"text-align: justify;\">Desejo ao Monsenhor Tiago Estanislau que a sua chegada, como importante colaborador de nossa miss\u00e3o de arcebispo metropolitano, nos ajude a ter um compromisso com uma Igreja mission\u00e1ria em sa\u00edda, comprometida com os pobres, necessitados, com os que vivem em situa\u00e7\u00e3o de mis\u00e9ria ou de vulnerabilidade, e dispon\u00edvel, totalmente voltado para o an\u00fancio da Palavra de Deus, o testemunho vivo do Evangelho da Vida e um compromisso com uma Igreja acolhedora e misericordiosa formando comunidades eclesiais mission\u00e1rias. Deus aben\u00e7oe o seu minist\u00e9rio entre n\u00f3s!<\/p>\n","protected":false},"excerpt":{"rendered":"<p>O Papa Francisco, neste dia 04 de dezembro, mem\u00f3ria de S\u00e3o Jo\u00e3o Damasceno, Presb\u00edtero e Doutor da Igreja, nomeou para Bispo Titular de Aulona e para bispo auxiliar do Rio de Janeiro, o Monsenhor ZDZISLAW STANISLAW BLASZCZYK (Pe. Tiago Estanislau), P\u00e1roco da Par\u00f3quia S\u00e3o Pedro do Mar, do Vicariato Jacarepagu\u00e1, em nossa Arquidiocese de S\u00e3o [&hellip;]<\/p>\n","protected":false},"author":5,"featured_media":55383,"comment_status":"open","ping_status":"closed","sticky":false,"template":"","format":"standard","meta":{"footnotes":""},"categories":[9],"tags":[],"class_list":["post-55414","post","type-post","status-publish","format-standard","has-post-thumbnail","hentry","category-artigos"],"_links":{"self":[{"href":"https:\/\/catolicanet.net\/wp-cnet\/wp-json\/wp\/v2\/posts\/55414","targetHints":{"allow":["GET"]}}],"collection":[{"href":"https:\/\/catolicanet.net\/wp-cnet\/wp-json\/wp\/v2\/posts"}],"about":[{"href":"https:\/\/catolicanet.net\/wp-cnet\/wp-json\/wp\/v2\/types\/post"}],"author":[{"embeddable":true,"href":"https:\/\/catolicanet.net\/wp-cnet\/wp-json\/wp\/v2\/users\/5"}],"replies":[{"embeddable":true,"href":"https:\/\/catolicanet.net\/wp-cnet\/wp-json\/wp\/v2\/comments?post=55414"}],"version-history":[{"count":1,"href":"https:\/\/catolicanet.net\/wp-cnet\/wp-json\/wp\/v2\/posts\/55414\/revisions"}],"predecessor-version":[{"id":55415,"href":"https:\/\/catolicanet.net\/wp-cnet\/wp-json\/wp\/v2\/posts\/55414\/revisions\/55415"}],"wp:featuredmedia":[{"embeddable":true,"href":"https:\/\/catolicanet.net\/wp-cnet\/wp-json\/wp\/v2\/media\/55383"}],"wp:attachment":[{"href":"https:\/\/catolicanet.net\/wp-cnet\/wp-json\/wp\/v2\/media?parent=55414"}],"wp:term":[{"taxonomy":"category","embeddable":true,"href":"https:\/\/catolicanet.net\/wp-cnet\/wp-json\/wp\/v2\/categories?post=55414"},{"taxonomy":"post_tag","embeddable":true,"href":"https:\/\/catolicanet.net\/wp-cnet\/wp-json\/wp\/v2\/tags?post=55414"}],"curies":[{"name":"wp","href":"https:\/\/api.w.org\/{rel}","templated":true}]}}