{"id":55394,"date":"2019-11-13T13:07:20","date_gmt":"2019-11-13T16:07:20","guid":{"rendered":"http:\/\/catolicanet.net\/wp-cnet\/?p=55394"},"modified":"2019-12-06T13:11:31","modified_gmt":"2019-12-06T16:11:31","slug":"dia-mundial-dos-pobres-2","status":"publish","type":"post","link":"https:\/\/catolicanet.net\/wp-cnet\/dia-mundial-dos-pobres-2\/","title":{"rendered":"Dia Mundial dos Pobres"},"content":{"rendered":"<p style=\"text-align: justify;\">Existe uma realidade mundial preocupante, a riqueza de um lado e a pobreza crescente do outro. N\u00e3o significa que a riqueza seja preocupante, mas sim a incapacidade de partilha de quem acumula de forma desnecess\u00e1ria, n\u00e3o conseguindo enxergar a necessidade do pobre. Sabemos que a pobreza \u00e9 fruto do ac\u00famulo de bens no bolso da minoria privilegiada e despreocupada com o bem comum.<br \/>\nDiante dessa realidade, o Papa Francisco teve a iniciativa de criar o Dia Mundial dos Pobres, porque isto faz parte essencial dos ensinamentos de Jesus atrav\u00e9s dos Evangelhos. A desigualdade social e econ\u00f4mica pode estar dentro do prisma da justi\u00e7a e da paz. A voz<br \/>\ndo Papa \u00e9 a voz da Igreja, preocupada com a vida e a dignidade de todas as pessoas, ricos e pobres, imagens e semelhan\u00e7as de Deus.<br \/>\nA Igreja tem uma op\u00e7\u00e3o preferencial pelos pobres, n\u00e3o de assistencialismo caritativo, mas num processo de liberta\u00e7\u00e3o integral, porque \u00e9 direito de todos viverem bem. \u00c9 uma quest\u00e3o de justi\u00e7a, de supera\u00e7\u00e3o de todos os tipos de discrimina\u00e7\u00e3o e de desvaloriza\u00e7\u00e3o da<br \/>\npessoa humana. O olhar crist\u00e3o de compaix\u00e3o polos pobres constitui um verdadeiro culto de adora\u00e7\u00e3o a Deus.<br \/>\nO pobre experimenta uma esperan\u00e7a perdida, mas fica sempre na expectativa de seu restabelecimento. A desigualdade vem ocasionando um consider\u00e1vel grupo de indigentes, de sofrimento e desest\u00edmulo de viver. Essa zona limite da vida humana faz com que a<br \/>\npessoa fique desprotegida e sem onde se apegar, a n\u00e3o ser lan\u00e7ar m\u00e3o na f\u00e9 e pedir a prote\u00e7\u00e3o divina. A viol\u00eancia n\u00e3o leva a nada. Encontramos na b\u00edblia o seguinte vers\u00edculo: \u201cOuvimos dizer que entre v\u00f3s h\u00e1 alguns que vivem \u00e0 toa, muito ocupados em n\u00e3o fazer nada\u201d (2 Ts 3,11). A pobreza \u00e9 fruto da falta de trabalho, que \u00e9 fonte de sustenta\u00e7\u00e3o. \u00c9 uma experi\u00eancia dolorosa para quem vive motivado para trabalhar e tem necessidade de sustentar a fam\u00edlia. \u00c9 humilhante viver0 como parasita, dependendo de aux\u00edlio alheio.<br \/>\nA Celebra\u00e7\u00e3o do Dia Mundial dos Pobres precisa sugerir iniciativas de solidariedade dentro da vida comunit\u00e1ria, com um olhar voltado para as pessoas carentes locais; refletir sobra as realidades de trabalho, emprego e quest\u00f5es sociais relativas \u00e0s desigualdades; trabalhar, em sintonia com a Campanha da Fraternidade, as pol\u00edticas p\u00fablicas para que sejam amenizados os sofrimentos de tanta gente.<\/p>\n","protected":false},"excerpt":{"rendered":"<p>Existe uma realidade mundial preocupante, a riqueza de um lado e a pobreza crescente do outro. N\u00e3o significa que a riqueza seja preocupante, mas sim a incapacidade de partilha de quem acumula de forma desnecess\u00e1ria, n\u00e3o conseguindo enxergar a necessidade do pobre. Sabemos que a pobreza \u00e9 fruto do ac\u00famulo de bens no bolso da [&hellip;]<\/p>\n","protected":false},"author":11,"featured_media":55395,"comment_status":"open","ping_status":"closed","sticky":false,"template":"","format":"standard","meta":{"footnotes":""},"categories":[9],"tags":[],"class_list":["post-55394","post","type-post","status-publish","format-standard","has-post-thumbnail","hentry","category-artigos"],"_links":{"self":[{"href":"https:\/\/catolicanet.net\/wp-cnet\/wp-json\/wp\/v2\/posts\/55394","targetHints":{"allow":["GET"]}}],"collection":[{"href":"https:\/\/catolicanet.net\/wp-cnet\/wp-json\/wp\/v2\/posts"}],"about":[{"href":"https:\/\/catolicanet.net\/wp-cnet\/wp-json\/wp\/v2\/types\/post"}],"author":[{"embeddable":true,"href":"https:\/\/catolicanet.net\/wp-cnet\/wp-json\/wp\/v2\/users\/11"}],"replies":[{"embeddable":true,"href":"https:\/\/catolicanet.net\/wp-cnet\/wp-json\/wp\/v2\/comments?post=55394"}],"version-history":[{"count":1,"href":"https:\/\/catolicanet.net\/wp-cnet\/wp-json\/wp\/v2\/posts\/55394\/revisions"}],"predecessor-version":[{"id":55396,"href":"https:\/\/catolicanet.net\/wp-cnet\/wp-json\/wp\/v2\/posts\/55394\/revisions\/55396"}],"wp:featuredmedia":[{"embeddable":true,"href":"https:\/\/catolicanet.net\/wp-cnet\/wp-json\/wp\/v2\/media\/55395"}],"wp:attachment":[{"href":"https:\/\/catolicanet.net\/wp-cnet\/wp-json\/wp\/v2\/media?parent=55394"}],"wp:term":[{"taxonomy":"category","embeddable":true,"href":"https:\/\/catolicanet.net\/wp-cnet\/wp-json\/wp\/v2\/categories?post=55394"},{"taxonomy":"post_tag","embeddable":true,"href":"https:\/\/catolicanet.net\/wp-cnet\/wp-json\/wp\/v2\/tags?post=55394"}],"curies":[{"name":"wp","href":"https:\/\/api.w.org\/{rel}","templated":true}]}}