{"id":5537,"date":"2015-02-10T17:14:36","date_gmt":"2015-02-10T19:14:36","guid":{"rendered":"http:\/\/catolicanet.net\/wp-cnet\/reforma-da-curia-oitava-reuniao-do-papa-com-o-conselho-dos-cardeais\/"},"modified":"2017-04-07T15:48:31","modified_gmt":"2017-04-07T18:48:31","slug":"reforma-da-curia-oitava-reuniao-do-papa-com-o-conselho-dos-cardeais","status":"publish","type":"post","link":"https:\/\/catolicanet.net\/wp-cnet\/reforma-da-curia-oitava-reuniao-do-papa-com-o-conselho-dos-cardeais\/","title":{"rendered":"Reforma da C\u00faria: oitava reuni\u00e3o do Papa com o Conselho dos Cardeais"},"content":{"rendered":"<p style=\"text-align: justify;\"><img decoding=\"async\" src=\"http:\/\/catolicanet.com.br\/images\/stories\/geral\/papaecardeias15.jpg\" border=\"0\" align=\"left\" \/>Teve in\u00edcio esta segunda-feira (09\/02) a oitava Reuni\u00e3o do Conselho dos Cardeais \u2013 conhecida como \u201cC-9\u201d. O Papa Francisco participar\u00e1 nos tr\u00eas dias de encontros, no Vaticano, que se encerram na quarta-feira.<\/p>\n<p>Os trabalhos ir\u00e3o at\u00e9 quarta-feira, 11 de fevereiro. Nos dias seguintes, quinta-feira 12 e sexta-feira 13 de fevereiro, na Sala do S\u00ednodo, ter\u00e1 lugar o Consist\u00f3rio do Col\u00e9gio dos Cardeais.<\/p>\n<p>No s\u00e1bado 14 de fevereiro \u00e0s 11 horas, na Bas\u00edlica Vaticana, o Papa presidir\u00e1 ao Consist\u00f3rio Ordin\u00e1rio P\u00fablico para a cria\u00e7\u00e3o de 20 novos cardeais. Depois do rito o Papa Francisco tamb\u00e9m realizar\u00e1 um consist\u00f3rio para a canoniza\u00e7\u00e3o de tr\u00eas Beatas.<\/p>\n<p>No domingo, 15 de fevereiro \u00e0s 10 horas, na Bas\u00edlica Vaticana, o Papa presidir\u00e1 a Santa Missa com os novos Cardeais.<\/p>\n<p>O Conselho de Cardeais tem como miss\u00e3o auxiliar o Papa no governo da Igreja e promover o aperfei\u00e7oamento do documento que regulamenta actualmente a C\u00faria Romana, os dicast\u00e9rios da Santa S\u00e9 e a constitui\u00e7\u00e3o &#8216;Pastor Bonus&#8217;, assinada por Jo\u00e3o Paulo II em 28 de junho de 1988.<\/p>\n<p>Entre as decis\u00f5es j\u00e1 tomadas, est\u00e1 a cria\u00e7\u00e3o de uma estrutura de coordena\u00e7\u00e3o para as atividades econ\u00f3micas e administrativas da Santa S\u00e9 e do Vaticano, sob a direc\u00e7\u00e3o do Cardeal George Pell, membro deste Conselho.<\/p>\n<p>Os cardeais s\u00e3o: o hondurenho Oscar Rodriguez Maradiaga, que \u00e9 coordenador, o italiano Giuseppe Bertello, o chileno Francisco Errazuriz Ossa, o indiano Oswald Gracias, o alem\u00e3o Reinhard Marx, o congol\u00eas Laurent Monsengwo Pasinya, o estadunidense Sean O&#8217;Malley e o australiano George Pell. O nono purpurado \u00e9 o Secret\u00e1rio de Estado, Card. Pietro Parolin.<\/p>\n<p>A \u00faltima reuni\u00e3o realizou-se em dezembro de 2014.<\/p>\n<p style=\"text-align: justify;\">\u00a0<\/p>\n<p style=\"text-align: justify;\"><strong>Fonte:<\/strong> R\u00e1dio Vaticano<\/p>\n","protected":false},"excerpt":{"rendered":"<p>Teve in\u00edcio esta segunda-feira (09\/02) a oitava Reuni\u00e3o do Conselho dos Cardeais \u2013 conhecida como \u201cC-9\u201d. O Papa Francisco participar\u00e1 nos tr\u00eas dias de encontros, no Vaticano, que se encerram na quarta-feira. Os trabalhos ir\u00e3o at\u00e9 quarta-feira, 11 de fevereiro. Nos dias seguintes, quinta-feira 12 e sexta-feira 13 de fevereiro, na Sala do S\u00ednodo, ter\u00e1 [&hellip;]<\/p>\n","protected":false},"author":1,"featured_media":0,"comment_status":"closed","ping_status":"closed","sticky":false,"template":"","format":"standard","meta":{"footnotes":""},"categories":[3],"tags":[],"class_list":["post-5537","post","type-post","status-publish","format-standard","hentry","category-vaticano"],"_links":{"self":[{"href":"https:\/\/catolicanet.net\/wp-cnet\/wp-json\/wp\/v2\/posts\/5537","targetHints":{"allow":["GET"]}}],"collection":[{"href":"https:\/\/catolicanet.net\/wp-cnet\/wp-json\/wp\/v2\/posts"}],"about":[{"href":"https:\/\/catolicanet.net\/wp-cnet\/wp-json\/wp\/v2\/types\/post"}],"author":[{"embeddable":true,"href":"https:\/\/catolicanet.net\/wp-cnet\/wp-json\/wp\/v2\/users\/1"}],"replies":[{"embeddable":true,"href":"https:\/\/catolicanet.net\/wp-cnet\/wp-json\/wp\/v2\/comments?post=5537"}],"version-history":[{"count":1,"href":"https:\/\/catolicanet.net\/wp-cnet\/wp-json\/wp\/v2\/posts\/5537\/revisions"}],"predecessor-version":[{"id":10616,"href":"https:\/\/catolicanet.net\/wp-cnet\/wp-json\/wp\/v2\/posts\/5537\/revisions\/10616"}],"wp:attachment":[{"href":"https:\/\/catolicanet.net\/wp-cnet\/wp-json\/wp\/v2\/media?parent=5537"}],"wp:term":[{"taxonomy":"category","embeddable":true,"href":"https:\/\/catolicanet.net\/wp-cnet\/wp-json\/wp\/v2\/categories?post=5537"},{"taxonomy":"post_tag","embeddable":true,"href":"https:\/\/catolicanet.net\/wp-cnet\/wp-json\/wp\/v2\/tags?post=5537"}],"curies":[{"name":"wp","href":"https:\/\/api.w.org\/{rel}","templated":true}]}}