{"id":55361,"date":"2019-12-06T11:26:05","date_gmt":"2019-12-06T14:26:05","guid":{"rendered":"http:\/\/catolicanet.net\/wp-cnet\/?p=55361"},"modified":"2019-12-06T11:26:05","modified_gmt":"2019-12-06T14:26:05","slug":"libertam-cinco-cristaos-que-ficaram-injustamente-presos-durante-11-anos","status":"publish","type":"post","link":"https:\/\/catolicanet.net\/wp-cnet\/libertam-cinco-cristaos-que-ficaram-injustamente-presos-durante-11-anos\/","title":{"rendered":"Libertam cinco crist\u00e3os que ficaram injustamente presos durante 11 anos"},"content":{"rendered":"<p style=\"text-align: justify;\">Cinco crist\u00e3os que passaram 11 anos no pres\u00eddio, condenados \u00e0 pris\u00e3o perp\u00e9tua injustamente, foram libertados depois que a Suprema Corte da \u00cdndia lhes deu a liberdade sob fian\u00e7a ap\u00f3s v\u00e1rios adiamentos de suas solicita\u00e7\u00f5es.<\/p>\n<p style=\"text-align: justify;\">Estes cinco crist\u00e3os, e outros dois que foram libertados nos \u00faltimos meses, tinham sido condenados \u00e0 pris\u00e3o perp\u00e9tua em outubro de 2013, depois de um julgamento diante do Superior Tribunal de Orissa, por supostamente ter participado do assassinato do l\u00edder hindu Swami Laxmanananda, em agosto de 2008.<\/p>\n<p style=\"text-align: justify;\">Esse foi para os extremistas hindus o pretexto para come\u00e7ar os massacres anticrist\u00e3os de 2008, em Kandhamal (\u00cdndia). A morte do l\u00edder hindu e de outras quatro pessoas foi definida pelos extremistas do Sangh Parivar como uma \u201cconspira\u00e7\u00e3o crist\u00e3\u201d.<\/p>\n<p style=\"text-align: justify;\">A viol\u00eancia contra os crist\u00e3os levou \u00e0 morte de 100 pessoas, deixou 56 mil sem lar e 300 igrejas e 6 mil casas crist\u00e3s foram saqueadas e incendiadas.<\/p>\n<p style=\"text-align: justify;\">Conseguir a liberdade sob fian\u00e7a desses sete crist\u00e3os injustamente presos foi poss\u00edvel gra\u00e7as \u00e0 ajuda de organiza\u00e7\u00f5es de direitos humanos, assim como ativistas, autoridades eclesi\u00e1sticas em todo o pa\u00eds.<\/p>\n<p style=\"text-align: justify;\">Colin Gonsalves, advogado e fundador da ONG \u201cHuman Rights Law Network\u201d, que dirige uma equipe de advogados comprometidos com a defesa dos crist\u00e3os de Kandhamal, declarou \u00e0 ag\u00eancia vaticana Fides que est\u00e1 muito contente com o fato de que esses sete crist\u00e3os \u201ctenham recebido a liberdade sob fian\u00e7a e possam passar o Natal com suas fam\u00edlias\u201d.<\/p>\n<p style=\"text-align: justify;\">O jornalista Anto Akkara, autor do aclamado livro de investiga\u00e7\u00e3o \u201cWho Killed Swami Laxmanananda\u201d (Quem matou Swami Laxmanananda?), uma das investiga\u00e7\u00f5es documentadas que exonera os crist\u00e3os, assegurou que se trata de \u201cuma grande vit\u00f3ria para a verdade e a justi\u00e7a em Kandhamal\u201d.<\/p>\n<p style=\"text-align: justify;\">Akkara tamb\u00e9m sublinhou que \u201ca quest\u00e3o n\u00e3o est\u00e1 encerrada. Por enquanto, s\u00f3 existe a fian\u00e7a, e isso depois de 11 anos. Agora, a aten\u00e7\u00e3o se centra no Superior Tribunal de Orissa, onde se est\u00e1 levando adiante um processo de apela\u00e7\u00e3o. Os inocentes devem ser absolvidos\u201d.<\/p>\n<p style=\"text-align: justify;\">Em 2016, Akkara lan\u00e7ou uma peti\u00e7\u00e3o online com o site <a href=\"http:\/\/www.release7innocents.com\/\">http:\/\/www.release7innocents.com<\/a>. Segundo indicam, cada assinatura online neste site gera quatro e-mails instant\u00e2neos que s\u00e3o enviados ao ministro de Justi\u00e7a de \u00cdndia, ao presidente da \u00cdndia, ao Superior Tribunal de Orissa, \u00e0 Comiss\u00e3o Nacional de Direitos Humanos.<\/p>\n<p style=\"text-align: justify;\">Akkara produziu o document\u00e1rio \u201cInocentes presos\u201d, em 2018, por ocasi\u00e3o do d\u00e9cimo anivers\u00e1rio do que ocorreu em Kandhamal, e assegurou que \u201cs\u00f3 uma investiga\u00e7\u00e3o independente pode revelar a conspira\u00e7\u00e3o pol\u00edtica por tr\u00e1s da fraude de Kandhamal, que conduziu ao assassinato de Laxmanananda, de 81 anos. Isso abrir\u00e1 o caminho para identificar e castigar os verdadeiros culpados e compensar o inocentes\u201d.<\/p>\n<p style=\"text-align: justify;\">John Dayal, ativista de direitos humanos, tamb\u00e9m declarou a Fides que agora se abre a quest\u00e3o \u201cdos crist\u00e3os e pastores presos ou condenados por falsas acusa\u00e7\u00f5es de convers\u00f5es for\u00e7adas ou fraudulentas\u201d.<\/p>\n","protected":false},"excerpt":{"rendered":"<p>Cinco crist\u00e3os que passaram 11 anos no pres\u00eddio, condenados \u00e0 pris\u00e3o perp\u00e9tua injustamente, foram libertados depois que a Suprema Corte da \u00cdndia lhes deu a liberdade sob fian\u00e7a ap\u00f3s v\u00e1rios adiamentos de suas solicita\u00e7\u00f5es. Estes cinco crist\u00e3os, e outros dois que foram libertados nos \u00faltimos meses, tinham sido condenados \u00e0 pris\u00e3o perp\u00e9tua em outubro de [&hellip;]<\/p>\n","protected":false},"author":1,"featured_media":55362,"comment_status":"open","ping_status":"closed","sticky":false,"template":"","format":"standard","meta":{"footnotes":""},"categories":[4,13],"tags":[],"class_list":["post-55361","post","type-post","status-publish","format-standard","has-post-thumbnail","hentry","category-cotidiano","category-featured"],"_links":{"self":[{"href":"https:\/\/catolicanet.net\/wp-cnet\/wp-json\/wp\/v2\/posts\/55361","targetHints":{"allow":["GET"]}}],"collection":[{"href":"https:\/\/catolicanet.net\/wp-cnet\/wp-json\/wp\/v2\/posts"}],"about":[{"href":"https:\/\/catolicanet.net\/wp-cnet\/wp-json\/wp\/v2\/types\/post"}],"author":[{"embeddable":true,"href":"https:\/\/catolicanet.net\/wp-cnet\/wp-json\/wp\/v2\/users\/1"}],"replies":[{"embeddable":true,"href":"https:\/\/catolicanet.net\/wp-cnet\/wp-json\/wp\/v2\/comments?post=55361"}],"version-history":[{"count":1,"href":"https:\/\/catolicanet.net\/wp-cnet\/wp-json\/wp\/v2\/posts\/55361\/revisions"}],"predecessor-version":[{"id":55364,"href":"https:\/\/catolicanet.net\/wp-cnet\/wp-json\/wp\/v2\/posts\/55361\/revisions\/55364"}],"wp:featuredmedia":[{"embeddable":true,"href":"https:\/\/catolicanet.net\/wp-cnet\/wp-json\/wp\/v2\/media\/55362"}],"wp:attachment":[{"href":"https:\/\/catolicanet.net\/wp-cnet\/wp-json\/wp\/v2\/media?parent=55361"}],"wp:term":[{"taxonomy":"category","embeddable":true,"href":"https:\/\/catolicanet.net\/wp-cnet\/wp-json\/wp\/v2\/categories?post=55361"},{"taxonomy":"post_tag","embeddable":true,"href":"https:\/\/catolicanet.net\/wp-cnet\/wp-json\/wp\/v2\/tags?post=55361"}],"curies":[{"name":"wp","href":"https:\/\/api.w.org\/{rel}","templated":true}]}}