{"id":5536,"date":"2015-02-10T16:51:41","date_gmt":"2015-02-10T18:51:41","guid":{"rendered":"http:\/\/catolicanet.net\/wp-cnet\/papa-deus-procura-se-cristaos-sentados-nao-conhecem-o-rosto-de-deus\/"},"modified":"2017-04-07T15:48:54","modified_gmt":"2017-04-07T18:48:54","slug":"papa-deus-procura-se-cristaos-sentados-nao-conhecem-o-rosto-de-deus","status":"publish","type":"post","link":"https:\/\/catolicanet.net\/wp-cnet\/papa-deus-procura-se-cristaos-sentados-nao-conhecem-o-rosto-de-deus\/","title":{"rendered":"Papa: Deus procura-se. Crist\u00e3os sentados n\u00e3o conhecem o rosto de Deus"},"content":{"rendered":"<p style=\"text-align: justify;\"><img decoding=\"async\" src=\"http:\/\/catolicanet.com.br\/images\/stories\/geral\/papadeusprocura.jpg\" border=\"0\" align=\"left\" \/>Ter\u00e7a-feira, 10 de fevereiro: Deus procura-se. Os crist\u00e3os que est\u00e3o sentados e quietos n\u00e3o conhecer\u00e3o o rosto de Deus \u2013 esta a mensagem principal do Papa Francisco na homilia da Missa celebrada na Capela da Casa de Santa Marta. Se um crist\u00e3o quer conhecer a sua identidade, n\u00e3o pode estar c\u00f3modo na poltrona \u2013 disse o Santo Padre que partindo da leitura do Genesis que apresenta a cria\u00e7\u00e3o do ser humano \u00e0 \u2018imagem de Deus\u2019 medita sobre os caminhos que existem para um crist\u00e3o que queira conhecer a sua identidade:<\/p>\n<p>\u201cQuem n\u00e3o se coloca a caminho, jamais conhecer\u00e1 a imagem de Deus, jamais encontrar\u00e1 a face de Deus. Os crist\u00e3os sentados, quietos, nunca descobrir\u00e3o o rosto de Deus, jamais o conhecer\u00e3o. Para caminhar, \u00e9 preciso uma certa inquietude, que o pr\u00f3prio Deus colocou no nosso cora\u00e7\u00e3o e que nos leva a busca-lo dia-a-dia\u201d.<\/p>\n<p>Colocar-se em caminho \u00e9 deixar que Deus ou a vida nos coloque \u00e0 prova, colocar-se em caminho \u00e9 arriscar\u201d \u2013 afirmou o Papa Francisco que recordou ainda que existe uma outra forma de estar quieto e parado e, portanto, falsificar a busca de Deus, que \u00e9 aquela que acontece na passagem do Evangelho em que os escribas e os fariseus criticam Jesus porque os seus disc\u00edpulos comem sem ter respeitado as lavagens rituais:<\/p>\n<p>\u201cNo Evangelho, Jesus encontra pessoas que t\u00eam medo de colocar-se em caminho e que se conformam com uma caricatura de Deus. \u00c9 uma falsa carteira de identidade. Esses n\u00e3o-inquietos calaram a inquietude do cora\u00e7\u00e3o e retratam Deus com mandamentos\u2026\u201d<\/p>\n<p>Na conclus\u00e3o da sua homilia o Papa Francisco pediu ao Senhor que nos d\u00ea a todos \u201ca gra\u00e7a da coragem de nos colocarmos a caminho, para buscar o rosto do Senhor, aquele rosto que um dia veremos, mas que aqui, sobre a Terra, temos que procurar\u201d arriscando nos caminhos da vida.<\/p>\n<p style=\"text-align: justify;\">\u00a0<\/p>\n<p style=\"text-align: justify;\">Fonte: R\u00e1dio Vaticano<\/p>\n","protected":false},"excerpt":{"rendered":"<p>Ter\u00e7a-feira, 10 de fevereiro: Deus procura-se. Os crist\u00e3os que est\u00e3o sentados e quietos n\u00e3o conhecer\u00e3o o rosto de Deus \u2013 esta a mensagem principal do Papa Francisco na homilia da Missa celebrada na Capela da Casa de Santa Marta. Se um crist\u00e3o quer conhecer a sua identidade, n\u00e3o pode estar c\u00f3modo na poltrona \u2013 disse [&hellip;]<\/p>\n","protected":false},"author":1,"featured_media":0,"comment_status":"closed","ping_status":"closed","sticky":false,"template":"","format":"standard","meta":{"footnotes":""},"categories":[3],"tags":[],"class_list":["post-5536","post","type-post","status-publish","format-standard","hentry","category-vaticano"],"_links":{"self":[{"href":"https:\/\/catolicanet.net\/wp-cnet\/wp-json\/wp\/v2\/posts\/5536","targetHints":{"allow":["GET"]}}],"collection":[{"href":"https:\/\/catolicanet.net\/wp-cnet\/wp-json\/wp\/v2\/posts"}],"about":[{"href":"https:\/\/catolicanet.net\/wp-cnet\/wp-json\/wp\/v2\/types\/post"}],"author":[{"embeddable":true,"href":"https:\/\/catolicanet.net\/wp-cnet\/wp-json\/wp\/v2\/users\/1"}],"replies":[{"embeddable":true,"href":"https:\/\/catolicanet.net\/wp-cnet\/wp-json\/wp\/v2\/comments?post=5536"}],"version-history":[{"count":1,"href":"https:\/\/catolicanet.net\/wp-cnet\/wp-json\/wp\/v2\/posts\/5536\/revisions"}],"predecessor-version":[{"id":10617,"href":"https:\/\/catolicanet.net\/wp-cnet\/wp-json\/wp\/v2\/posts\/5536\/revisions\/10617"}],"wp:attachment":[{"href":"https:\/\/catolicanet.net\/wp-cnet\/wp-json\/wp\/v2\/media?parent=5536"}],"wp:term":[{"taxonomy":"category","embeddable":true,"href":"https:\/\/catolicanet.net\/wp-cnet\/wp-json\/wp\/v2\/categories?post=5536"},{"taxonomy":"post_tag","embeddable":true,"href":"https:\/\/catolicanet.net\/wp-cnet\/wp-json\/wp\/v2\/tags?post=5536"}],"curies":[{"name":"wp","href":"https:\/\/api.w.org\/{rel}","templated":true}]}}