{"id":55348,"date":"2019-12-06T11:03:13","date_gmt":"2019-12-06T14:03:13","guid":{"rendered":"http:\/\/catolicanet.net\/wp-cnet\/?p=55348"},"modified":"2019-12-06T11:03:13","modified_gmt":"2019-12-06T14:03:13","slug":"pregacao-de-advento-dizer-sim-a-deus-exalta-a-dignidade-humana","status":"publish","type":"post","link":"https:\/\/catolicanet.net\/wp-cnet\/pregacao-de-advento-dizer-sim-a-deus-exalta-a-dignidade-humana\/","title":{"rendered":"Prega\u00e7\u00e3o de Advento: dizer &#8220;sim&#8221; a Deus exalta a dignidade humana"},"content":{"rendered":"<h4 class=\"article__subTitle\" style=\"text-align: justify;\">A prega\u00e7\u00e3o desta sexta foi dedicada \u00e0 Anuncia\u00e7\u00e3o. \u201cEis aqui a serva do Senhor; fa\u00e7a-se em mim segundo a tua palavra (Lc 1,38)\u201d.<\/h4>\n<div class=\"title__separator\" style=\"text-align: justify;\"><\/div>\n<div class=\"article__text\">\n<p style=\"text-align: justify;\">O Papa Francisco e seus colaboradores da C\u00faria Romana participaram na manh\u00e3 desta sexta-feira (06\/12), na capela Redemptoris Mater da Primeira prega\u00e7\u00e3o do Advento.<\/p>\n<p style=\"text-align: justify;\">O pregador da Casa Pontif\u00edcia, Fr. Raniero Cantalamessa escolheu como tema das prega\u00e7\u00f5es de Advento um trecho do Evangelho de Mateus (2, 11): \u201cViram o menino com Maria, sua m\u00e3e\u201d \u2013 Rumo ao Natal, acompanhados pela M\u00e3e de Deus.<\/p>\n<h2 style=\"text-align: justify;\">Maria n\u00e3o celebrou, mas viveu o Advento<\/h2>\n<p style=\"text-align: justify;\">Cada ano, explicou o frade italiano, a liturgia nos prepara para o Natal com tr\u00eas grandes guias: Isa\u00edas, Jo\u00e3o Batista e Maria; o profeta, o precursor, a m\u00e3e.<\/p>\n<p style=\"text-align: justify;\">O primeiro o anunciou de longe, o segundo o apontou presente no mundo, a m\u00e3e o trouxe no ventre. \u201cPara este Advento de 2019, pensei em nos confiar inteiramente \u00e0 M\u00e3e\u201d, introduziu o Fr. Cantalamessa.<\/p>\n<p style=\"text-align: justify;\">Ningu\u00e9m melhor do que Ela pode nos predispor a celebrar o nascimento do Redentor. Ela n\u00e3o <i>celebrou<\/i> o Advento, <i>viveu-o <\/i>em sua carne; como toda mulher gestante, sabe o que significa estar \u201c\u00e0 espera\u201d e pode nos ajudar a viver este Advento com uma f\u00e9 cheia de espera.<\/p>\n<p style=\"text-align: justify;\">Fr. Cantalamessa dividiu as prega\u00e7\u00f5es em tr\u00eas momentos nos quais a Escritura apresenta Maria no centro dos acontecimentos: a Anuncia\u00e7\u00e3o, a Visita\u00e7\u00e3o e o Natal.<\/p>\n<h2 style=\"text-align: justify;\">Ato de f\u00e9 mais decisivo da hist\u00f3ria<\/h2>\n<p style=\"text-align: justify;\">A prega\u00e7\u00e3o desta sexta foi dedicada \u00e0 Anuncia\u00e7\u00e3o. \u201cEis aqui a serva do Senhor; fa\u00e7a-se em mim segundo a tua palavra (Lc 1,38).\u201d<\/p>\n<p style=\"text-align: justify;\">Com estas poucas e simples palavras, afirmou o frade italiano, realizou-se o maior e mais decisivo ato de f\u00e9 na hist\u00f3ria do mundo. Esta palavra de Maria representa o cume de qualquer comportamento religioso perante Deus, porque expressa, da maneira mais elevada, a passiva disponibilidade unida \u00e0 ativa prontid\u00e3o, o vazio mais profundo acompanhado da maior plenitude.<\/p>\n<div style=\"text-align: justify;\">\n<div class=\"article__embed article__embed--border embed_style\">\n<blockquote><p>\u201cCreiamos tamb\u00e9m n\u00f3s! A contempla\u00e7\u00e3o da f\u00e9 de Maria leva\u00ad-nos a renovar, antes de tudo, o nosso ato pessoal de f\u00e9 e de abandono em Deus.\u201d<\/p><\/blockquote>\n<\/div>\n<\/div>\n<p style=\"text-align: justify;\">Eis a import\u00e2ncia decisiva de dizer a Deus, uma vez na vida, um \u201cfa\u00e7a-se, fiat\u201d, como o de Maria. Quando isso acontece, temos um ato envolto no mist\u00e9rio, porque implica, ao mesmo tempo, gra\u00e7a e liberdade; \u00e9 uma esp\u00e9cie de concep\u00e7\u00e3o. A criatura n\u00e3o pode fazer este ato sozinha; por isso, Deus a ajuda, sem tirar sua liberdade.<\/p>\n<p style=\"text-align: justify;\">\u201cO que se precisa, pois, fazer?\u201d, questionou o frade franciscano. \u00c9 simples: depois de ter rezado, \u00e9 preciso dizer a Deus com as mesmas palavras de Maria: \u201cEis aqui o servo, ou a serva do Senhor: fa\u00e7a-se em mim segundo a tua palavra!\u201d.<\/p>\n<div style=\"text-align: justify;\">\n<div class=\"article__embed article__embed--border embed_style\">\n<blockquote><p>\u201cSim, meu Deus, digo am\u00e9m a todo o teu projeto, entrego-me a ti!\u201d<\/p><\/blockquote>\n<\/div>\n<\/div>\n<h2 style=\"text-align: justify;\">&#8220;Fiat&#8221; com desejo e alegria<\/h2>\n<p style=\"text-align: justify;\">Por\u00e9m, advertiu o Fr. Cantalamessa, \u00e9 preciso lembrar que Maria disse o seu \u201cfiat\u201d com desejo e alegria.<\/p>\n<p style=\"text-align: justify;\">Quantas vezes repetimos essas palavras num estado de esp\u00edrito de resigna\u00e7\u00e3o mal encoberta, como que baixando a cabe\u00e7a e cerrando os dentes: \u201cSe n\u00e3o h\u00e1 outro jeito, ent\u00e3o fa\u00e7a-se a tua vontade!\u201d.<\/p>\n<p style=\"text-align: justify;\">\u201cMaria ensina-nos a diz\u00ea-lo de maneira diferente. Sabendo que a vontade de Deus a nosso respeito \u00e9 infinitamente mais bela e mais rica de promessas do que qualquer projeto nosso.\u201d<\/p>\n<p style=\"text-align: justify;\">Como Maria, devemos dizer cheios de desejo e quase com impaci\u00eancia: \u201cSeja logo realizada em mim, \u00f3 Deus, a tua vontade de amor e de paz!\u201d.<\/p>\n<div>\n<div class=\"article__embed article__embed--border embed_style\">\n<blockquote>\n<p style=\"text-align: justify;\">\u201cCom isso, a vida humana atinge seu sentido e sua mais alta dignidade. Dizer &#8216;sim&#8217;, &#8216;am\u00e9m&#8217; a Deus, n\u00e3o humilha a dignidade do homem, como \u00e0s vezes se pensa hoje, mas a exalta.\u201d<\/p>\n<\/blockquote>\n<\/div>\n<\/div>\n<\/div>\n","protected":false},"excerpt":{"rendered":"<p>A prega\u00e7\u00e3o desta sexta foi dedicada \u00e0 Anuncia\u00e7\u00e3o. \u201cEis aqui a serva do Senhor; fa\u00e7a-se em mim segundo a tua palavra (Lc 1,38)\u201d. O Papa Francisco e seus colaboradores da C\u00faria Romana participaram na manh\u00e3 desta sexta-feira (06\/12), na capela Redemptoris Mater da Primeira prega\u00e7\u00e3o do Advento. O pregador da Casa Pontif\u00edcia, Fr. Raniero Cantalamessa [&hellip;]<\/p>\n","protected":false},"author":1,"featured_media":55349,"comment_status":"open","ping_status":"closed","sticky":false,"template":"","format":"standard","meta":{"footnotes":""},"categories":[13,3],"tags":[],"class_list":["post-55348","post","type-post","status-publish","format-standard","has-post-thumbnail","hentry","category-featured","category-vaticano"],"_links":{"self":[{"href":"https:\/\/catolicanet.net\/wp-cnet\/wp-json\/wp\/v2\/posts\/55348","targetHints":{"allow":["GET"]}}],"collection":[{"href":"https:\/\/catolicanet.net\/wp-cnet\/wp-json\/wp\/v2\/posts"}],"about":[{"href":"https:\/\/catolicanet.net\/wp-cnet\/wp-json\/wp\/v2\/types\/post"}],"author":[{"embeddable":true,"href":"https:\/\/catolicanet.net\/wp-cnet\/wp-json\/wp\/v2\/users\/1"}],"replies":[{"embeddable":true,"href":"https:\/\/catolicanet.net\/wp-cnet\/wp-json\/wp\/v2\/comments?post=55348"}],"version-history":[{"count":1,"href":"https:\/\/catolicanet.net\/wp-cnet\/wp-json\/wp\/v2\/posts\/55348\/revisions"}],"predecessor-version":[{"id":55354,"href":"https:\/\/catolicanet.net\/wp-cnet\/wp-json\/wp\/v2\/posts\/55348\/revisions\/55354"}],"wp:featuredmedia":[{"embeddable":true,"href":"https:\/\/catolicanet.net\/wp-cnet\/wp-json\/wp\/v2\/media\/55349"}],"wp:attachment":[{"href":"https:\/\/catolicanet.net\/wp-cnet\/wp-json\/wp\/v2\/media?parent=55348"}],"wp:term":[{"taxonomy":"category","embeddable":true,"href":"https:\/\/catolicanet.net\/wp-cnet\/wp-json\/wp\/v2\/categories?post=55348"},{"taxonomy":"post_tag","embeddable":true,"href":"https:\/\/catolicanet.net\/wp-cnet\/wp-json\/wp\/v2\/tags?post=55348"}],"curies":[{"name":"wp","href":"https:\/\/api.w.org\/{rel}","templated":true}]}}