{"id":5527,"date":"2015-02-09T13:19:49","date_gmt":"2015-02-09T15:19:49","guid":{"rendered":"http:\/\/catolicanet.net\/wp-cnet\/francisco-nosso-catequista-maior\/"},"modified":"2017-04-07T15:53:48","modified_gmt":"2017-04-07T18:53:48","slug":"francisco-nosso-catequista-maior","status":"publish","type":"post","link":"https:\/\/catolicanet.net\/wp-cnet\/francisco-nosso-catequista-maior\/","title":{"rendered":"Francisco, nosso catequista maior!"},"content":{"rendered":"<p style=\"text-align: justify;\">Por ocasi\u00e3o do in\u00edcio do ano letivo, as comunidades paroquiais tamb\u00e9m n\u00e3o fogem \u00e0 regra do restante do mundo, dando in\u00edcio \u00e0s\u00a0 suas atividades, dentro do cronograma pastoral das mesmas. Gostaria de me voltar para a catequese da primeira eucaristia, catequese da crisma e catequese de adultos, pensando nos nossos jovens, ungidos pela bondade Deus, na\u00a0 generosidade de alma e cora\u00e7\u00e3o, os quais est\u00e3o \u00e0 frente da catequese em nossas comunidades. Agrade\u00e7o e louvo muito ao bom Deus pelos arautos da catequese, seja aqui na nossa Par\u00f3quia de Santo Afonso Maria de Lig\u00f3rio, seja pelos mission\u00e1rios catequistas espalhados pelo imenso Brasil, na tarefa de transmitir a f\u00e9, com sinais claros de doa\u00e7\u00e3o, ren\u00fancia e generosidade!<br \/>Agrade\u00e7o ao bom Deus por aquele que \u00e9 o arauto maior da catequese no mundo, o Papa Francisco, no qual todos os catequistas se inspiram, no sentido de realizarem, com renovado ardor mission\u00e1rio, a maravilhosa miss\u00e3o do an\u00fancio da f\u00e9. Como s\u00e3o bem acolhidas as palavras incentivadoras do Santo Padre em favor dos catequistas, que inexprimivelmente plantam o amor de Deus no cora\u00e7\u00e3o de uma infinidade de irm\u00e3os e irm\u00e3s, n\u00e3o s\u00f3 com ensinamentos te\u00f3ricos, mas tamb\u00e9m quando s\u00e3o chamados a testemunhar coerentemente a pessoa de Jesus Nazar\u00e9 com a pr\u00f3pria vida. Como Francisco defende a import\u00e2ncia da catequese na Igreja como uma tarefa imprescind\u00edvel, afirmando que o testemunho dos catequistas cativa os catec\u00famenos, diante do desafio de abra\u00e7ar a f\u00e9 crist\u00e3. A sua mensagem vai na dire\u00e7\u00e3o dos jovens para que assumam em profundidade a tarefa de evangelizar, carregando consigo a mesma marca que est\u00e1 no cora\u00e7\u00e3o do Sumo Pont\u00edfice, ao falar de \u201cUma Igreja que saia pelo mundo em busca de cora\u00e7\u00f5es para Jesus\u201d.<br \/>Para que a Igreja seja realmente de Cristo, a mesma precisa sair, evangelizar e servir. Da\u00ed uma consci\u00eancia sempre maior, deveria se buscar na fonte espiritual do Filho de Deus, no exemplo de lavar os p\u00e9s dos disc\u00edpulos, indicando concretamente o caminho do servi\u00e7o, que a f\u00e9 crist\u00e3 vai muito al\u00e9m das apar\u00eancias, que cumprir preceitos \u00e9 bom e indispens\u00e1vel, mas urge ir al\u00e9m, no seguimento de Jesus de Nazar\u00e9, como disc\u00edpulo e mission\u00e1rio. Jesus ao vencer a morte, nos assegurou a ressurrei\u00e7\u00e3o na vida futura, falando-nos luminosamente da alegria crist\u00e3, que consiste em antever pela esperan\u00e7a a gl\u00f3ria futura, realidade misteriosa, na promessa do Esp\u00edrito Santo de Deus, nas palavras deixadas por Jesus, quando subiu para junto do pai: \u201cRecebereis o poder do Esp\u00edrito Santo, que vir\u00e1 sobre v\u00f3s para serdes minhas testemunhas em Jerusal\u00e9m, por toda a Judeia e Samaria, at\u00e9 os confins da terra (cf. At 1, 8).<br \/>Refor\u00e7o que o Papa Francisco \u00e9 o nosso catequista maior quando fala, escreve, exorta, viaja, recebe autoridades e procura o di\u00e1logo sincero. Pelo di\u00e1logo, a inten\u00e7\u00e3o do Augusto Pont\u00edfice, \u00e9 certamente a de sonhar com um mundo fraterno e solid\u00e1rio. Francisco exerceu\u00a0 a fun\u00e7\u00e3o de habilidoso conciliador no restabelecimento das rela\u00e7\u00f5es diplom\u00e1ticas entre Estados Unidos e Cuba, rompidas desde 1961. Segundo o Cardeal Secret\u00e1rio de Estado Pietro Parolin: \u201cFrancisco enviou uma carta aos dois presidentes, convidando-os a superar os obst\u00e1culos existentes entre seus pa\u00edses e chegar a um acordo, tendo como m\u00e9todo, diante das diverg\u00eancias, o di\u00e1logo. Se o di\u00e1logo for sincero, levar\u00e1 sempre as pessoas a se encontrar e a colaborar, n\u00e3o obstante as diversidades. Deste modo, o Papa convida a todos a uma cultura do encontro\u201d.<br \/>Ademais, Francisco vai mais al\u00e9m, a partir de suas profecias, nas celebra\u00e7\u00f5es da capela Santa Marta, ao recordar os m\u00e1rtires contempor\u00e2neos que morreram e morrem pelas m\u00e3os de autoridades corruptas. \u201cPenso nos nossos m\u00e1rtires, nos m\u00e1rtires dos nossos dias, esses homens, mulheres, crian\u00e7as que s\u00e3o perseguidos, odiados, escorra\u00e7ados das suas casas, torturados, massacrados. Isso n\u00e3o \u00e9 algo do passado, hoje tamb\u00e9m acontece\u201d, declarou, durante a homilia da Missa a qual presidiu na capela da Casa de Santa Marta e relembrou o mart\u00edrio de Jo\u00e3o, o Batista: \u201cAquele rei at\u00f4nito torna-se capaz de uma decis\u00e3o, mas n\u00e3o porque o seu cora\u00e7\u00e3o tenha sido convertido, mas porque o vinho lhe deu coragem. E assim Jo\u00e3o termina a sua vida sob a autoridade de um rei med\u00edocre, b\u00eabado e corrupto, pelo capricho de uma bailarina e pelo \u00f3dio vingativo de uma ad\u00faltera. Assim termina o Grande, o maior homem nascido de mulher, relatou\u201d (06.02.2015). Que os catequistas e todos n\u00f3s, agentes de pastoral, saibamos aprender, pelo di\u00e1logo pedag\u00f3gico e did\u00e1tico do Santo Padre, a busca constante da cultura do encontro. Assim seja!<\/p>\n","protected":false},"excerpt":{"rendered":"<p>Por ocasi\u00e3o do in\u00edcio do ano letivo, as comunidades paroquiais tamb\u00e9m n\u00e3o fogem \u00e0 regra do restante do mundo, dando in\u00edcio \u00e0s\u00a0 suas atividades, dentro do cronograma pastoral das mesmas. Gostaria de me voltar para a catequese da primeira eucaristia, catequese da crisma e catequese de adultos, pensando nos nossos jovens, ungidos pela bondade Deus, [&hellip;]<\/p>\n","protected":false},"author":6,"featured_media":0,"comment_status":"closed","ping_status":"closed","sticky":false,"template":"","format":"standard","meta":{"footnotes":""},"categories":[9],"tags":[],"class_list":["post-5527","post","type-post","status-publish","format-standard","hentry","category-artigos"],"_links":{"self":[{"href":"https:\/\/catolicanet.net\/wp-cnet\/wp-json\/wp\/v2\/posts\/5527","targetHints":{"allow":["GET"]}}],"collection":[{"href":"https:\/\/catolicanet.net\/wp-cnet\/wp-json\/wp\/v2\/posts"}],"about":[{"href":"https:\/\/catolicanet.net\/wp-cnet\/wp-json\/wp\/v2\/types\/post"}],"author":[{"embeddable":true,"href":"https:\/\/catolicanet.net\/wp-cnet\/wp-json\/wp\/v2\/users\/6"}],"replies":[{"embeddable":true,"href":"https:\/\/catolicanet.net\/wp-cnet\/wp-json\/wp\/v2\/comments?post=5527"}],"version-history":[{"count":1,"href":"https:\/\/catolicanet.net\/wp-cnet\/wp-json\/wp\/v2\/posts\/5527\/revisions"}],"predecessor-version":[{"id":10624,"href":"https:\/\/catolicanet.net\/wp-cnet\/wp-json\/wp\/v2\/posts\/5527\/revisions\/10624"}],"wp:attachment":[{"href":"https:\/\/catolicanet.net\/wp-cnet\/wp-json\/wp\/v2\/media?parent=5527"}],"wp:term":[{"taxonomy":"category","embeddable":true,"href":"https:\/\/catolicanet.net\/wp-cnet\/wp-json\/wp\/v2\/categories?post=5527"},{"taxonomy":"post_tag","embeddable":true,"href":"https:\/\/catolicanet.net\/wp-cnet\/wp-json\/wp\/v2\/tags?post=5527"}],"curies":[{"name":"wp","href":"https:\/\/api.w.org\/{rel}","templated":true}]}}